{"id":437,"date":"2026-04-24T12:00:42","date_gmt":"2026-04-24T09:00:42","guid":{"rendered":"http:\/\/localhost\/wordpress\/index.php\/2026\/04\/24\/apple-storeda-mac-mini-stoklari-tukendi-yeni-nesil-m4-donemi-mi-basliyor\/"},"modified":"2026-04-24T12:00:42","modified_gmt":"2026-04-24T09:00:42","slug":"apple-storeda-mac-mini-stoklari-tukendi-yeni-nesil-m4-donemi-mi-basliyor","status":"publish","type":"post","link":"https:\/\/tralleskop.com\/index.php\/2026\/04\/24\/apple-storeda-mac-mini-stoklari-tukendi-yeni-nesil-m4-donemi-mi-basliyor\/","title":{"rendered":"Apple Store\u2019da Mac Mini Stoklar\u0131 T\u00fckendi: Yeni Nesil M4 D\u00f6nemi mi Ba\u015fl\u0131yor?"},"content":{"rendered":"<p>D\u00fcnya teknoloji devi Apple&#8217;\u0131n \u00fcr\u00fcn yelpazesindeki en stratejik cihazlardan biri olan Mac mini cephesinde bug\u00fcn kritik bir geli\u015fme ya\u015fand\u0131. Apple Online Store \u00fczerinden yap\u0131lan kontrollerde, giri\u015f seviyesi Mac mini modellerinin stoklar\u0131n\u0131n t\u00fckendi\u011fi ve \u00fcr\u00fcn\u00fcn &#8216;\u015eu Anda Mevcut De\u011fil&#8217; ibaresiyle sat\u0131\u015ftan kald\u0131r\u0131ld\u0131\u011f\u0131 g\u00f6r\u00fcld\u00fc. Tralleskop edit\u00f6r masas\u0131 olarak bu geli\u015fmeyi inceledi\u011fimizde, durumun basit bir lojistik aksakl\u0131ktan ziyade, Apple&#8217;\u0131n \u00fcr\u00fcn d\u00f6ng\u00fcs\u00fcnde b\u00fcy\u00fck bir de\u011fi\u015fimin habercisi oldu\u011fu sonucuna var\u0131yoruz. Mevcut M2 i\u015flemcili Mac mini modelleri, Ocak 2023 tarihinde piyasaya s\u00fcr\u00fclm\u00fc\u015f ve \u00f6zellikle kompakt yap\u0131s\u0131 ile y\u00fcksek performans sunmas\u0131yla profesyonellerin ve \u00f6\u011frencilerin \u00f6ncelikli tercihi haline gelmi\u015fti. Ancak teknoloji d\u00fcnyas\u0131ndaki g\u00fcvenilir kaynaklar, Apple&#8217;\u0131n M4 i\u015flemci serisine ge\u00e7i\u015f yapmak i\u00e7in haz\u0131rl\u0131klar\u0131n\u0131 tamamlad\u0131\u011f\u0131n\u0131 uzun s\u00fcredir dile getiriyordu. Stoklar\u0131n tamamen s\u0131f\u0131rlanmas\u0131, genellikle yeni bir modelin lansman\u0131ndan hemen \u00f6nce eski envanterin temizlenmesi stratejisiyle \u00f6rt\u00fc\u015fmektedir.<\/p>\n<p>Analizlerimize g\u00f6re, yakla\u015fmakta olan yeni Mac mini sadece bir i\u015flemci g\u00fcncellemesiyle s\u0131n\u0131rl\u0131 kalmayacak. Apple&#8217;\u0131n bu sefer cihaz\u0131n form fakt\u00f6r\u00fcnde 2010 y\u0131l\u0131ndan beri yapmad\u0131\u011f\u0131 radikal bir de\u011fi\u015fikli\u011fe gitmesi bekleniyor. Sekt\u00f6r i\u00e7inden gelen s\u0131z\u0131nt\u0131lar, yeni nesil Mac mini&#8217;nin neredeyse bir Apple TV boyutlar\u0131na kadar k\u00fc\u00e7\u00fclece\u011fini ve masa\u00fcst\u00fc bilgisayar anlay\u0131\u015f\u0131n\u0131 tamamen de\u011fi\u015ftirece\u011fini g\u00f6steriyor. M4 \u00e7ipinin getirece\u011fi geli\u015fmi\u015f yapay zeka i\u015fleme yetenekleri (Neural Engine iyile\u015ftirmeleri), bu k\u00fc\u00e7\u00fck devin performans\u0131n\u0131 profesyonel seviyeye ta\u015f\u0131yacakt\u0131r. Giri\u015f seviyesi modelde 8GB olan RAM s\u0131n\u0131r\u0131n\u0131n art\u0131k standart olarak 16GB&#8217;a y\u00fckseltilmesi ihtimali de teknoloji camias\u0131nda en \u00e7ok konu\u015fulan ba\u015fl\u0131klar aras\u0131nda yer al\u0131yor. Mevcut modelin online ma\u011fazadan \u00e7ekilmesi, t\u00fcketiciler i\u00e7in \u00f6nemli bir uyar\u0131 niteli\u011fi ta\u015f\u0131yor. \u015eu an i\u00e7in \u00fc\u00e7\u00fcnc\u00fc taraf perakendecilerde hala stok bulunsa da, yeni neslin kap\u0131da oldu\u011fu bu d\u00f6nemde aceleci davranmamak, beklemek daha rasyonel bir t\u00fcketici davran\u0131\u015f\u0131 olacakt\u0131r.<\/p>\n<p>Ekonomik a\u00e7\u0131dan bak\u0131ld\u0131\u011f\u0131nda, Apple&#8217;\u0131n bu hamlesi pazar pay\u0131n\u0131 koruma ve teknolojik \u00fcst\u00fcnl\u00fc\u011f\u00fcn\u00fc per\u00e7inleme amac\u0131 ta\u015f\u0131yor. Rakip mini PC \u00fcreticilerinin Intel ve AMD cephesindeki son hamlelerine kar\u015f\u0131 Apple, kendi silikon mimarisinin d\u00f6rd\u00fcnc\u00fc nesliyle yan\u0131t vermeye haz\u0131rlan\u0131yor. Ayd\u0131n ve \u00e7evresindeki teknoloji merakl\u0131lar\u0131 i\u00e7in de bu geli\u015fme, yerel pazardaki fiyatland\u0131rmalar\u0131n ve stok durumlar\u0131n\u0131n de\u011fi\u015fece\u011fine i\u015faret ediyor. Apple&#8217;\u0131n sessizce yapt\u0131\u011f\u0131 bu &#8216;stok kapatma&#8217; eylemi, genellikle \u00f6n\u00fcm\u00fczdeki haftalarda yap\u0131lacak olan bir bas\u0131n b\u00fclteni veya etkinlik ile ta\u00e7land\u0131r\u0131l\u0131r. Tralleskop olarak takip etti\u011fimiz verilere g\u00f6re, Apple&#8217;\u0131n bu ge\u00e7i\u015fi Ekim sonu veya Kas\u0131m ba\u015f\u0131 itibar\u0131yla tamamlamas\u0131 kuvvetle muhtemeldir. Sonu\u00e7 olarak, Mac mini&#8217;nin bug\u00fcn itibar\u0131yla ula\u015f\u0131lamaz olmas\u0131, Apple ekosisteminde yeni bir devrin, &#8216;yapay zeka odakl\u0131 kompakt masa\u00fcst\u00fc&#8217; devrinin ba\u015flad\u0131\u011f\u0131n\u0131n en somut kan\u0131t\u0131d\u0131r.<\/p>\n","protected":false},"excerpt":{"rendered":"<p>D\u00fcnya teknoloji devi Apple&#8217;\u0131n \u00fcr\u00fcn yelpazesindeki en stratejik cihazlardan biri olan Mac mini cephesinde bug\u00fcn kritik bir geli\u015fme ya\u015fand\u0131. Apple Online Store \u00fczerinden yap\u0131lan kontrollerde, giri\u015f seviyesi Mac mini modellerinin stoklar\u0131n\u0131n t\u00fckendi\u011fi ve \u00fcr\u00fcn\u00fcn &#8216;\u015eu Anda Mevcut De\u011fil&#8217; ibaresiyle sat\u0131\u015ftan kald\u0131r\u0131ld\u0131\u011f\u0131 g\u00f6r\u00fcld\u00fc. Tralleskop edit\u00f6r masas\u0131 olarak bu geli\u015fmeyi inceledi\u011fimizde, durumun basit bir lojistik aksakl\u0131ktan ziyade, [&hellip;]<\/p>\n","protected":false},"author":3,"featured_media":438,"comment_status":"open","ping_status":"open","sticky":false,"template":"","format":"standard","meta":{"_coblocks_attr":"","_coblocks_dimensions":"","_coblocks_responsive_height":"","_coblocks_accordion_ie_support":"","_ai_summary":"Apple Online Store'da giri\u015f seviyesi Mac mini modelleri tamamen t\u00fckendi ve sipari\u015fe kapat\u0131ld\u0131.\nStoklar\u0131n bitmesi, Apple'\u0131n yak\u0131n zamanda duyurmas\u0131 beklenen M4 i\u015flemcili yeni modeller i\u00e7in yer a\u00e7t\u0131\u011f\u0131n\u0131 g\u00f6steriyor.\nYeni nesil Mac mini'nin boyut olarak radikal bir \u015fekilde k\u00fc\u00e7\u00fclmesi ve daha fazla USB-C ba\u011flant\u0131s\u0131 sunmas\u0131 bekleniyor.","_external_image_url":"https:\/\/images.macrumors.com\/t\/UEhdoexSwDSCtiSEKM4Zdc70qJQ=\/2500x\/article-new\/2025\/11\/mac-mini-cyber.jpg","footnotes":""},"categories":[1],"tags":[],"class_list":["post-437","post","type-post","status-publish","format-standard","has-post-thumbnail","hentry","category-arsiv"],"yoast_head":"<!-- This site is optimized with the Yoast SEO plugin v27.5 - https:\/\/yoast.com\/product\/yoast-seo-wordpress\/ -->\n<title>Apple Store\u2019da Mac Mini Stoklar\u0131 T\u00fckendi: Yeni Nesil M4 D\u00f6nemi mi Ba\u015fl\u0131yor? - Tralleskop<\/title>\n<meta name=\"robots\" content=\"index, follow, max-snippet:-1, max-image-preview:large, max-video-preview:-1\" \/>\n<link rel=\"canonical\" href=\"https:\/\/tralleskop.com\/index.php\/2026\/04\/24\/apple-storeda-mac-mini-stoklari-tukendi-yeni-nesil-m4-donemi-mi-basliyor\/\" \/>\n<meta property=\"og:locale\" content=\"tr_TR\" \/>\n<meta property=\"og:type\" content=\"article\" \/>\n<meta property=\"og:title\" content=\"Apple Store\u2019da Mac Mini Stoklar\u0131 T\u00fckendi: Yeni Nesil M4 D\u00f6nemi mi Ba\u015fl\u0131yor? - Tralleskop\" \/>\n<meta property=\"og:description\" content=\"D\u00fcnya teknoloji devi Apple&#8217;\u0131n \u00fcr\u00fcn yelpazesindeki en stratejik cihazlardan biri olan Mac mini cephesinde bug\u00fcn kritik bir geli\u015fme ya\u015fand\u0131. Apple Online Store \u00fczerinden yap\u0131lan kontrollerde, giri\u015f seviyesi Mac mini modellerinin stoklar\u0131n\u0131n t\u00fckendi\u011fi ve \u00fcr\u00fcn\u00fcn &#8216;\u015eu Anda Mevcut De\u011fil&#8217; ibaresiyle sat\u0131\u015ftan kald\u0131r\u0131ld\u0131\u011f\u0131 g\u00f6r\u00fcld\u00fc. Tralleskop edit\u00f6r masas\u0131 olarak bu geli\u015fmeyi inceledi\u011fimizde, durumun basit bir lojistik aksakl\u0131ktan ziyade, [&hellip;]\" \/>\n<meta property=\"og:url\" content=\"https:\/\/tralleskop.com\/index.php\/2026\/04\/24\/apple-storeda-mac-mini-stoklari-tukendi-yeni-nesil-m4-donemi-mi-basliyor\/\" \/>\n<meta property=\"og:site_name\" content=\"Tralleskop\" \/>\n<meta property=\"article:published_time\" content=\"2026-04-24T09:00:42+00:00\" \/>\n<meta name=\"author\" content=\"Yapay Zeka\" \/>\n<meta name=\"twitter:card\" content=\"summary_large_image\" \/>\n<meta name=\"twitter:label1\" content=\"Yazan:\" \/>\n\t<meta name=\"twitter:data1\" content=\"Yapay Zeka\" \/>\n\t<meta name=\"twitter:label2\" content=\"Tahmini okuma s\u00fcresi\" \/>\n\t<meta name=\"twitter:data2\" content=\"3 dakika\" \/>\n<script type=\"application\/ld+json\" class=\"yoast-schema-graph\">{\"@context\":\"https:\\\/\\\/schema.org\",\"@graph\":[{\"@type\":\"Article\",\"@id\":\"https:\\\/\\\/tralleskop.com\\\/index.php\\\/2026\\\/04\\\/24\\\/apple-storeda-mac-mini-stoklari-tukendi-yeni-nesil-m4-donemi-mi-basliyor\\\/#article\",\"isPartOf\":{\"@id\":\"https:\\\/\\\/tralleskop.com\\\/index.php\\\/2026\\\/04\\\/24\\\/apple-storeda-mac-mini-stoklari-tukendi-yeni-nesil-m4-donemi-mi-basliyor\\\/\"},\"author\":{\"name\":\"Yapay Zeka\",\"@id\":\"https:\\\/\\\/tralleskop.com\\\/#\\\/schema\\\/person\\\/07eabec51c3edefcb97f005e5a24dc85\"},\"headline\":\"Apple Store\u2019da Mac Mini Stoklar\u0131 T\u00fckendi: Yeni Nesil M4 D\u00f6nemi mi Ba\u015fl\u0131yor?\",\"datePublished\":\"2026-04-24T09:00:42+00:00\",\"mainEntityOfPage\":{\"@id\":\"https:\\\/\\\/tralleskop.com\\\/index.php\\\/2026\\\/04\\\/24\\\/apple-storeda-mac-mini-stoklari-tukendi-yeni-nesil-m4-donemi-mi-basliyor\\\/\"},\"wordCount\":554,\"commentCount\":0,\"publisher\":{\"@id\":\"https:\\\/\\\/tralleskop.com\\\/#organization\"},\"image\":{\"@id\":\"https:\\\/\\\/tralleskop.com\\\/index.php\\\/2026\\\/04\\\/24\\\/apple-storeda-mac-mini-stoklari-tukendi-yeni-nesil-m4-donemi-mi-basliyor\\\/#primaryimage\"},\"thumbnailUrl\":\"https:\\\/\\\/tralleskop.com\\\/wp-content\\\/uploads\\\/2026\\\/04\\\/mac-mini-cyber.jpg.jpg\",\"articleSection\":[\"Ar\u015fiv\"],\"inLanguage\":\"tr\",\"potentialAction\":[{\"@type\":\"CommentAction\",\"name\":\"Comment\",\"target\":[\"https:\\\/\\\/tralleskop.com\\\/index.php\\\/2026\\\/04\\\/24\\\/apple-storeda-mac-mini-stoklari-tukendi-yeni-nesil-m4-donemi-mi-basliyor\\\/#respond\"]}]},{\"@type\":\"WebPage\",\"@id\":\"https:\\\/\\\/tralleskop.com\\\/index.php\\\/2026\\\/04\\\/24\\\/apple-storeda-mac-mini-stoklari-tukendi-yeni-nesil-m4-donemi-mi-basliyor\\\/\",\"url\":\"https:\\\/\\\/tralleskop.com\\\/index.php\\\/2026\\\/04\\\/24\\\/apple-storeda-mac-mini-stoklari-tukendi-yeni-nesil-m4-donemi-mi-basliyor\\\/\",\"name\":\"Apple Store\u2019da Mac Mini Stoklar\u0131 T\u00fckendi: Yeni Nesil M4 D\u00f6nemi mi Ba\u015fl\u0131yor? - Tralleskop\",\"isPartOf\":{\"@id\":\"https:\\\/\\\/tralleskop.com\\\/#website\"},\"primaryImageOfPage\":{\"@id\":\"https:\\\/\\\/tralleskop.com\\\/index.php\\\/2026\\\/04\\\/24\\\/apple-storeda-mac-mini-stoklari-tukendi-yeni-nesil-m4-donemi-mi-basliyor\\\/#primaryimage\"},\"image\":{\"@id\":\"https:\\\/\\\/tralleskop.com\\\/index.php\\\/2026\\\/04\\\/24\\\/apple-storeda-mac-mini-stoklari-tukendi-yeni-nesil-m4-donemi-mi-basliyor\\\/#primaryimage\"},\"thumbnailUrl\":\"https:\\\/\\\/tralleskop.com\\\/wp-content\\\/uploads\\\/2026\\\/04\\\/mac-mini-cyber.jpg.jpg\",\"datePublished\":\"2026-04-24T09:00:42+00:00\",\"breadcrumb\":{\"@id\":\"https:\\\/\\\/tralleskop.com\\\/index.php\\\/2026\\\/04\\\/24\\\/apple-storeda-mac-mini-stoklari-tukendi-yeni-nesil-m4-donemi-mi-basliyor\\\/#breadcrumb\"},\"inLanguage\":\"tr\",\"potentialAction\":[{\"@type\":\"ReadAction\",\"target\":[\"https:\\\/\\\/tralleskop.com\\\/index.php\\\/2026\\\/04\\\/24\\\/apple-storeda-mac-mini-stoklari-tukendi-yeni-nesil-m4-donemi-mi-basliyor\\\/\"]}]},{\"@type\":\"ImageObject\",\"inLanguage\":\"tr\",\"@id\":\"https:\\\/\\\/tralleskop.com\\\/index.php\\\/2026\\\/04\\\/24\\\/apple-storeda-mac-mini-stoklari-tukendi-yeni-nesil-m4-donemi-mi-basliyor\\\/#primaryimage\",\"url\":\"https:\\\/\\\/tralleskop.com\\\/wp-content\\\/uploads\\\/2026\\\/04\\\/mac-mini-cyber.jpg.jpg\",\"contentUrl\":\"https:\\\/\\\/tralleskop.com\\\/wp-content\\\/uploads\\\/2026\\\/04\\\/mac-mini-cyber.jpg.jpg\",\"width\":2500,\"height\":1406},{\"@type\":\"BreadcrumbList\",\"@id\":\"https:\\\/\\\/tralleskop.com\\\/index.php\\\/2026\\\/04\\\/24\\\/apple-storeda-mac-mini-stoklari-tukendi-yeni-nesil-m4-donemi-mi-basliyor\\\/#breadcrumb\",\"itemListElement\":[{\"@type\":\"ListItem\",\"position\":1,\"name\":\"Anasayfa\",\"item\":\"https:\\\/\\\/tralleskop.com\\\/\"},{\"@type\":\"ListItem\",\"position\":2,\"name\":\"Apple Store\u2019da Mac Mini Stoklar\u0131 T\u00fckendi: Yeni Nesil M4 D\u00f6nemi mi Ba\u015fl\u0131yor?\"}]},{\"@type\":\"WebSite\",\"@id\":\"https:\\\/\\\/tralleskop.com\\\/#website\",\"url\":\"https:\\\/\\\/tralleskop.com\\\/\",\"name\":\"Tralleskop\",\"description\":\"\",\"publisher\":{\"@id\":\"https:\\\/\\\/tralleskop.com\\\/#organization\"},\"potentialAction\":[{\"@type\":\"SearchAction\",\"target\":{\"@type\":\"EntryPoint\",\"urlTemplate\":\"https:\\\/\\\/tralleskop.com\\\/?s={search_term_string}\"},\"query-input\":{\"@type\":\"PropertyValueSpecification\",\"valueRequired\":true,\"valueName\":\"search_term_string\"}}],\"inLanguage\":\"tr\"},{\"@type\":\"Organization\",\"@id\":\"https:\\\/\\\/tralleskop.com\\\/#organization\",\"name\":\"Tralleskop\",\"url\":\"https:\\\/\\\/tralleskop.com\\\/\",\"logo\":{\"@type\":\"ImageObject\",\"inLanguage\":\"tr\",\"@id\":\"https:\\\/\\\/tralleskop.com\\\/#\\\/schema\\\/logo\\\/image\\\/\",\"url\":\"https:\\\/\\\/tralleskop.com\\\/wp-content\\\/uploads\\\/2026\\\/03\\\/logo-1.png\",\"contentUrl\":\"https:\\\/\\\/tralleskop.com\\\/wp-content\\\/uploads\\\/2026\\\/03\\\/logo-1.png\",\"width\":2048,\"height\":2048,\"caption\":\"Tralleskop\"},\"image\":{\"@id\":\"https:\\\/\\\/tralleskop.com\\\/#\\\/schema\\\/logo\\\/image\\\/\"},\"sameAs\":[\"https:\\\/\\\/instagram.com\\\/tralleskop\"]},{\"@type\":\"Person\",\"@id\":\"https:\\\/\\\/tralleskop.com\\\/#\\\/schema\\\/person\\\/07eabec51c3edefcb97f005e5a24dc85\",\"name\":\"Yapay Zeka\",\"image\":{\"@type\":\"ImageObject\",\"inLanguage\":\"tr\",\"@id\":\"https:\\\/\\\/secure.gravatar.com\\\/avatar\\\/e77edf5bd5f891271e5db451c58207840f707caf056fe282ae8443fe299d6b9c?s=96&d=mm&r=g\",\"url\":\"https:\\\/\\\/secure.gravatar.com\\\/avatar\\\/e77edf5bd5f891271e5db451c58207840f707caf056fe282ae8443fe299d6b9c?s=96&d=mm&r=g\",\"contentUrl\":\"https:\\\/\\\/secure.gravatar.com\\\/avatar\\\/e77edf5bd5f891271e5db451c58207840f707caf056fe282ae8443fe299d6b9c?s=96&d=mm&r=g\",\"caption\":\"Yapay Zeka\"},\"url\":\"https:\\\/\\\/tralleskop.com\\\/index.php\\\/author\\\/yapayzeka\\\/\"}]}<\/script>\n<!-- \/ Yoast SEO plugin. -->","yoast_head_json":{"title":"Apple Store\u2019da Mac Mini Stoklar\u0131 T\u00fckendi: Yeni Nesil M4 D\u00f6nemi mi Ba\u015fl\u0131yor? - Tralleskop","robots":{"index":"index","follow":"follow","max-snippet":"max-snippet:-1","max-image-preview":"max-image-preview:large","max-video-preview":"max-video-preview:-1"},"canonical":"https:\/\/tralleskop.com\/index.php\/2026\/04\/24\/apple-storeda-mac-mini-stoklari-tukendi-yeni-nesil-m4-donemi-mi-basliyor\/","og_locale":"tr_TR","og_type":"article","og_title":"Apple Store\u2019da Mac Mini Stoklar\u0131 T\u00fckendi: Yeni Nesil M4 D\u00f6nemi mi Ba\u015fl\u0131yor? - Tralleskop","og_description":"D\u00fcnya teknoloji devi Apple&#8217;\u0131n \u00fcr\u00fcn yelpazesindeki en stratejik cihazlardan biri olan Mac mini cephesinde bug\u00fcn kritik bir geli\u015fme ya\u015fand\u0131. Apple Online Store \u00fczerinden yap\u0131lan kontrollerde, giri\u015f seviyesi Mac mini modellerinin stoklar\u0131n\u0131n t\u00fckendi\u011fi ve \u00fcr\u00fcn\u00fcn &#8216;\u015eu Anda Mevcut De\u011fil&#8217; ibaresiyle sat\u0131\u015ftan kald\u0131r\u0131ld\u0131\u011f\u0131 g\u00f6r\u00fcld\u00fc. Tralleskop edit\u00f6r masas\u0131 olarak bu geli\u015fmeyi inceledi\u011fimizde, durumun basit bir lojistik aksakl\u0131ktan ziyade, [&hellip;]","og_url":"https:\/\/tralleskop.com\/index.php\/2026\/04\/24\/apple-storeda-mac-mini-stoklari-tukendi-yeni-nesil-m4-donemi-mi-basliyor\/","og_site_name":"Tralleskop","article_published_time":"2026-04-24T09:00:42+00:00","author":"Yapay Zeka","twitter_card":"summary_large_image","twitter_misc":{"Yazan:":"Yapay Zeka","Tahmini okuma s\u00fcresi":"3 dakika"},"schema":{"@context":"https:\/\/schema.org","@graph":[{"@type":"Article","@id":"https:\/\/tralleskop.com\/index.php\/2026\/04\/24\/apple-storeda-mac-mini-stoklari-tukendi-yeni-nesil-m4-donemi-mi-basliyor\/#article","isPartOf":{"@id":"https:\/\/tralleskop.com\/index.php\/2026\/04\/24\/apple-storeda-mac-mini-stoklari-tukendi-yeni-nesil-m4-donemi-mi-basliyor\/"},"author":{"name":"Yapay Zeka","@id":"https:\/\/tralleskop.com\/#\/schema\/person\/07eabec51c3edefcb97f005e5a24dc85"},"headline":"Apple Store\u2019da Mac Mini Stoklar\u0131 T\u00fckendi: Yeni Nesil M4 D\u00f6nemi mi Ba\u015fl\u0131yor?","datePublished":"2026-04-24T09:00:42+00:00","mainEntityOfPage":{"@id":"https:\/\/tralleskop.com\/index.php\/2026\/04\/24\/apple-storeda-mac-mini-stoklari-tukendi-yeni-nesil-m4-donemi-mi-basliyor\/"},"wordCount":554,"commentCount":0,"publisher":{"@id":"https:\/\/tralleskop.com\/#organization"},"image":{"@id":"https:\/\/tralleskop.com\/index.php\/2026\/04\/24\/apple-storeda-mac-mini-stoklari-tukendi-yeni-nesil-m4-donemi-mi-basliyor\/#primaryimage"},"thumbnailUrl":"https:\/\/tralleskop.com\/wp-content\/uploads\/2026\/04\/mac-mini-cyber.jpg.jpg","articleSection":["Ar\u015fiv"],"inLanguage":"tr","potentialAction":[{"@type":"CommentAction","name":"Comment","target":["https:\/\/tralleskop.com\/index.php\/2026\/04\/24\/apple-storeda-mac-mini-stoklari-tukendi-yeni-nesil-m4-donemi-mi-basliyor\/#respond"]}]},{"@type":"WebPage","@id":"https:\/\/tralleskop.com\/index.php\/2026\/04\/24\/apple-storeda-mac-mini-stoklari-tukendi-yeni-nesil-m4-donemi-mi-basliyor\/","url":"https:\/\/tralleskop.com\/index.php\/2026\/04\/24\/apple-storeda-mac-mini-stoklari-tukendi-yeni-nesil-m4-donemi-mi-basliyor\/","name":"Apple Store\u2019da Mac Mini Stoklar\u0131 T\u00fckendi: Yeni Nesil M4 D\u00f6nemi mi Ba\u015fl\u0131yor? - Tralleskop","isPartOf":{"@id":"https:\/\/tralleskop.com\/#website"},"primaryImageOfPage":{"@id":"https:\/\/tralleskop.com\/index.php\/2026\/04\/24\/apple-storeda-mac-mini-stoklari-tukendi-yeni-nesil-m4-donemi-mi-basliyor\/#primaryimage"},"image":{"@id":"https:\/\/tralleskop.com\/index.php\/2026\/04\/24\/apple-storeda-mac-mini-stoklari-tukendi-yeni-nesil-m4-donemi-mi-basliyor\/#primaryimage"},"thumbnailUrl":"https:\/\/tralleskop.com\/wp-content\/uploads\/2026\/04\/mac-mini-cyber.jpg.jpg","datePublished":"2026-04-24T09:00:42+00:00","breadcrumb":{"@id":"https:\/\/tralleskop.com\/index.php\/2026\/04\/24\/apple-storeda-mac-mini-stoklari-tukendi-yeni-nesil-m4-donemi-mi-basliyor\/#breadcrumb"},"inLanguage":"tr","potentialAction":[{"@type":"ReadAction","target":["https:\/\/tralleskop.com\/index.php\/2026\/04\/24\/apple-storeda-mac-mini-stoklari-tukendi-yeni-nesil-m4-donemi-mi-basliyor\/"]}]},{"@type":"ImageObject","inLanguage":"tr","@id":"https:\/\/tralleskop.com\/index.php\/2026\/04\/24\/apple-storeda-mac-mini-stoklari-tukendi-yeni-nesil-m4-donemi-mi-basliyor\/#primaryimage","url":"https:\/\/tralleskop.com\/wp-content\/uploads\/2026\/04\/mac-mini-cyber.jpg.jpg","contentUrl":"https:\/\/tralleskop.com\/wp-content\/uploads\/2026\/04\/mac-mini-cyber.jpg.jpg","width":2500,"height":1406},{"@type":"BreadcrumbList","@id":"https:\/\/tralleskop.com\/index.php\/2026\/04\/24\/apple-storeda-mac-mini-stoklari-tukendi-yeni-nesil-m4-donemi-mi-basliyor\/#breadcrumb","itemListElement":[{"@type":"ListItem","position":1,"name":"Anasayfa","item":"https:\/\/tralleskop.com\/"},{"@type":"ListItem","position":2,"name":"Apple Store\u2019da Mac Mini Stoklar\u0131 T\u00fckendi: Yeni Nesil M4 D\u00f6nemi mi Ba\u015fl\u0131yor?"}]},{"@type":"WebSite","@id":"https:\/\/tralleskop.com\/#website","url":"https:\/\/tralleskop.com\/","name":"Tralleskop","description":"","publisher":{"@id":"https:\/\/tralleskop.com\/#organization"},"potentialAction":[{"@type":"SearchAction","target":{"@type":"EntryPoint","urlTemplate":"https:\/\/tralleskop.com\/?s={search_term_string}"},"query-input":{"@type":"PropertyValueSpecification","valueRequired":true,"valueName":"search_term_string"}}],"inLanguage":"tr"},{"@type":"Organization","@id":"https:\/\/tralleskop.com\/#organization","name":"Tralleskop","url":"https:\/\/tralleskop.com\/","logo":{"@type":"ImageObject","inLanguage":"tr","@id":"https:\/\/tralleskop.com\/#\/schema\/logo\/image\/","url":"https:\/\/tralleskop.com\/wp-content\/uploads\/2026\/03\/logo-1.png","contentUrl":"https:\/\/tralleskop.com\/wp-content\/uploads\/2026\/03\/logo-1.png","width":2048,"height":2048,"caption":"Tralleskop"},"image":{"@id":"https:\/\/tralleskop.com\/#\/schema\/logo\/image\/"},"sameAs":["https:\/\/instagram.com\/tralleskop"]},{"@type":"Person","@id":"https:\/\/tralleskop.com\/#\/schema\/person\/07eabec51c3edefcb97f005e5a24dc85","name":"Yapay Zeka","image":{"@type":"ImageObject","inLanguage":"tr","@id":"https:\/\/secure.gravatar.com\/avatar\/e77edf5bd5f891271e5db451c58207840f707caf056fe282ae8443fe299d6b9c?s=96&d=mm&r=g","url":"https:\/\/secure.gravatar.com\/avatar\/e77edf5bd5f891271e5db451c58207840f707caf056fe282ae8443fe299d6b9c?s=96&d=mm&r=g","contentUrl":"https:\/\/secure.gravatar.com\/avatar\/e77edf5bd5f891271e5db451c58207840f707caf056fe282ae8443fe299d6b9c?s=96&d=mm&r=g","caption":"Yapay Zeka"},"url":"https:\/\/tralleskop.com\/index.php\/author\/yapayzeka\/"}]}},"jetpack_featured_media_url":"https:\/\/tralleskop.com\/wp-content\/uploads\/2026\/04\/mac-mini-cyber.jpg.jpg","_links":{"self":[{"href":"https:\/\/tralleskop.com\/index.php\/wp-json\/wp\/v2\/posts\/437","targetHints":{"allow":["GET"]}}],"collection":[{"href":"https:\/\/tralleskop.com\/index.php\/wp-json\/wp\/v2\/posts"}],"about":[{"href":"https:\/\/tralleskop.com\/index.php\/wp-json\/wp\/v2\/types\/post"}],"author":[{"embeddable":true,"href":"https:\/\/tralleskop.com\/index.php\/wp-json\/wp\/v2\/users\/3"}],"replies":[{"embeddable":true,"href":"https:\/\/tralleskop.com\/index.php\/wp-json\/wp\/v2\/comments?post=437"}],"version-history":[{"count":0,"href":"https:\/\/tralleskop.com\/index.php\/wp-json\/wp\/v2\/posts\/437\/revisions"}],"wp:featuredmedia":[{"embeddable":true,"href":"https:\/\/tralleskop.com\/index.php\/wp-json\/wp\/v2\/media\/438"}],"wp:attachment":[{"href":"https:\/\/tralleskop.com\/index.php\/wp-json\/wp\/v2\/media?parent=437"}],"wp:term":[{"taxonomy":"category","embeddable":true,"href":"https:\/\/tralleskop.com\/index.php\/wp-json\/wp\/v2\/categories?post=437"},{"taxonomy":"post_tag","embeddable":true,"href":"https:\/\/tralleskop.com\/index.php\/wp-json\/wp\/v2\/tags?post=437"}],"curies":[{"name":"wp","href":"https:\/\/api.w.org\/{rel}","templated":true}]}}