{"id":429,"date":"2026-04-24T11:48:58","date_gmt":"2026-04-24T08:48:58","guid":{"rendered":"http:\/\/localhost\/wordpress\/index.php\/2026\/04\/24\/pentagonda-deprem-donanma-bakani-john-phelanin-istifasinin-perde-arkasi\/"},"modified":"2026-04-24T11:48:58","modified_gmt":"2026-04-24T08:48:58","slug":"pentagonda-deprem-donanma-bakani-john-phelanin-istifasinin-perde-arkasi","status":"publish","type":"post","link":"https:\/\/tralleskop.com\/index.php\/2026\/04\/24\/pentagonda-deprem-donanma-bakani-john-phelanin-istifasinin-perde-arkasi\/","title":{"rendered":"Pentagon&#8217;da Deprem: Donanma Bakan\u0131 John Phelan\u2019\u0131n \u0130stifas\u0131n\u0131n Perde Arkas\u0131"},"content":{"rendered":"<p>ABD savunma b\u00fcrokrasisinin kalbi Pentagon, son y\u0131llar\u0131n en dikkat \u00e7ekici ayr\u0131l\u0131klar\u0131ndan birine sahne oluyor. Ba\u015fkan Donald Trump\u2019\u0131n en b\u00fcy\u00fck kampanya destek\u00e7ilerinden biri olan milyarder i\u015f insan\u0131 John Phelan, Donanma Bakanl\u0131\u011f\u0131 koltu\u011funda sadece 13 ay oturabildi. Washington Post\u2019un s\u0131zd\u0131rd\u0131\u011f\u0131 detaylar, bu ayr\u0131l\u0131\u011f\u0131n basit bir n\u00f6bet de\u011fi\u015fimi de\u011fil, derin bir hiyerar\u015fik \u00e7at\u0131\u015fman\u0131n sonucu oldu\u011funu ortaya koyuyor. Tralleskop olarak yapt\u0131\u011f\u0131m\u0131z analizde, bu istifan\u0131n sadece bir personel de\u011fi\u015fikli\u011fi de\u011fil, Amerikan savunma stratejisindeki sars\u0131nt\u0131lar\u0131n bir yans\u0131mas\u0131 oldu\u011funu g\u00f6r\u00fcyoruz.<\/p>\n<p>Phelan\u2019\u0131n g\u00f6rev s\u00fcresinin k\u0131sal\u0131\u011f\u0131, Washington\u2019daki siyasi \u00e7evrelerde \u015fa\u015fk\u0131nl\u0131kla kar\u015f\u0131land\u0131. Trump\u2019\u0131n se\u00e7im kampanyas\u0131na milyonlarca dolar ak\u0131tan bir ismin, y\u00f6netimin en kritik birimlerinden birinden bu kadar \u00e7abuk tasfiye edilmesi, Savunma Bakan\u0131 Pete Hegseth ile ya\u015fanan uyumsuzlu\u011fun boyutlar\u0131n\u0131 g\u00f6zler \u00f6n\u00fcne seriyor. Kaynaklar, Hegseth ve Phelan aras\u0131nda stratejik b\u00fct\u00e7e planlamas\u0131, donanman\u0131n modernizasyon \u00f6ncelikleri ve personel disiplin y\u00f6netimi gibi temel konularda a\u015f\u0131lamaz g\u00f6r\u00fc\u015f ayr\u0131l\u0131klar\u0131 ya\u015fand\u0131\u011f\u0131n\u0131 belirtiyor. Phelan\u2019\u0131n sivil sekt\u00f6rden gelen pragmatik yakla\u015f\u0131m\u0131yla, Hegseth\u2019in daha ideolojik ve sert y\u00f6netim tarz\u0131n\u0131n \u00e7at\u0131\u015ft\u0131\u011f\u0131 bir s\u0131r de\u011fildi.<\/p>\n<p>Donanma i\u00e7indeki \u00fcst d\u00fczey kaynaklar, Phelan\u2019\u0131n donanman\u0131n gemi in\u015fa programlar\u0131n\u0131 revize etme ve maliyetleri d\u00fc\u015f\u00fcrme \u00e7abalar\u0131n\u0131n, Pentagon\u2019un daha gelenek\u00e7i ve Hegseth yanl\u0131s\u0131 kanad\u0131 taraf\u0131ndan engellendi\u011fini iddia ediyor. \u00d6zellikle \u00c7in\u2019in Pasifik\u2019teki deniz g\u00fcc\u00fcne kar\u015f\u0131 geli\u015ftirilecek olan &#8216;Yeni Nesil Muhrip&#8217; projeleri \u00fczerindeki fikir ayr\u0131l\u0131klar\u0131, iplerin kopma noktas\u0131na gelmesine neden oldu. Phelan\u2019\u0131n i\u015f d\u00fcnyas\u0131ndaki ba\u015far\u0131s\u0131n\u0131 Pentagon\u2019un hantal yap\u0131s\u0131na entegre etme \u00e7abas\u0131, b\u00fcrokratik engellere ve bakanl\u0131k i\u00e7i g\u00fc\u00e7 sava\u015flar\u0131na tak\u0131ld\u0131.<\/p>\n<p>Bu ayr\u0131l\u0131\u011f\u0131n zamanlamas\u0131 da olduk\u00e7a manidar. ABD\u2019nin k\u00fcresel deniz hakimiyetini korumaya \u00e7al\u0131\u015ft\u0131\u011f\u0131 ve Rusya ile \u00c7in eksenindeki gerilimlerin artt\u0131\u011f\u0131 bir d\u00f6nemde, donanman\u0131n lidersiz kalmas\u0131 veya ge\u00e7ici y\u00f6netimlerle idare edilmesi, operasyonel s\u00fcreklili\u011fi tehdit edebilir. Trump y\u00f6netiminin sadakati her \u015feyin \u00fczerinde tutan politikas\u0131, Phelan gibi g\u00fc\u00e7l\u00fc fig\u00fcrlerin bile sistem d\u0131\u015f\u0131na itilmesine yol a\u00e7abiliyor. Phelan\u2019\u0131n gidi\u015fi, Pentagon\u2019da Pete Hegseth\u2019in otoritesinin mutlakla\u015ft\u0131\u011f\u0131n\u0131 g\u00f6sterirken, sivil-asker dengesinin gelece\u011fi hakk\u0131nda da soru i\u015faretleri yarat\u0131yor. \u00d6n\u00fcm\u00fczdeki g\u00fcnlerde donanma komuta kademesinde daha fazla istifan\u0131n gelip gelmeyece\u011fi ise merak konusu.<\/p>\n","protected":false},"excerpt":{"rendered":"<p>ABD savunma b\u00fcrokrasisinin kalbi Pentagon, son y\u0131llar\u0131n en dikkat \u00e7ekici ayr\u0131l\u0131klar\u0131ndan birine sahne oluyor. Ba\u015fkan Donald Trump\u2019\u0131n en b\u00fcy\u00fck kampanya destek\u00e7ilerinden biri olan milyarder i\u015f insan\u0131 John Phelan, Donanma Bakanl\u0131\u011f\u0131 koltu\u011funda sadece 13 ay oturabildi. Washington Post\u2019un s\u0131zd\u0131rd\u0131\u011f\u0131 detaylar, bu ayr\u0131l\u0131\u011f\u0131n basit bir n\u00f6bet de\u011fi\u015fimi de\u011fil, derin bir hiyerar\u015fik \u00e7at\u0131\u015fman\u0131n sonucu oldu\u011funu ortaya koyuyor. Tralleskop [&hellip;]<\/p>\n","protected":false},"author":3,"featured_media":430,"comment_status":"open","ping_status":"open","sticky":false,"template":"","format":"standard","meta":{"_coblocks_attr":"","_coblocks_dimensions":"","_coblocks_responsive_height":"","_coblocks_accordion_ie_support":"","_ai_summary":"Milyarder Donanma Bakan\u0131 John Phelan, 13 ayl\u0131k g\u00f6rev s\u00fcresinin ard\u0131ndan Savunma Bakan\u0131 Pete Hegseth ile ya\u015fad\u0131\u011f\u0131 \u00e7at\u0131\u015fmalar nedeniyle istifa etti.\nAyr\u0131l\u0131\u011f\u0131n temelinde b\u00fct\u00e7e y\u00f6netimi, donanma modernizasyonu ve y\u00f6netim tarz\u0131 aras\u0131ndaki derin g\u00f6r\u00fc\u015f ayr\u0131l\u0131klar\u0131 yat\u0131yor.\nPhelan\u2019\u0131n tasfiyesi, Pentagon i\u00e7inde Hegseth\u2019in n\u00fcfuzunun artt\u0131\u011f\u0131n\u0131 ve kampanya ba\u011f\u0131\u015f\u00e7\u0131s\u0131 olman\u0131n bile koltuk garantisi sa\u011flamad\u0131\u011f\u0131n\u0131 g\u00f6steriyor.","_external_image_url":"https:\/\/www.washingtonpost.com\/wp-apps\/imrs.php?src=https:\/\/cloudfront-us-east-1.images.arcpublishing.com\/wapo\/435DZAAXIUK4WDCXT65ME33E7U.jpg&w=1440","footnotes":""},"categories":[1],"tags":[],"class_list":["post-429","post","type-post","status-publish","format-standard","has-post-thumbnail","hentry","category-arsiv"],"yoast_head":"<!-- This site is optimized with the Yoast SEO plugin v27.5 - https:\/\/yoast.com\/product\/yoast-seo-wordpress\/ -->\n<title>Pentagon&#039;da Deprem: Donanma Bakan\u0131 John Phelan\u2019\u0131n \u0130stifas\u0131n\u0131n Perde Arkas\u0131 - Tralleskop<\/title>\n<meta name=\"robots\" content=\"index, follow, max-snippet:-1, max-image-preview:large, max-video-preview:-1\" \/>\n<link rel=\"canonical\" href=\"https:\/\/tralleskop.com\/index.php\/2026\/04\/24\/pentagonda-deprem-donanma-bakani-john-phelanin-istifasinin-perde-arkasi\/\" \/>\n<meta property=\"og:locale\" content=\"tr_TR\" \/>\n<meta property=\"og:type\" content=\"article\" \/>\n<meta property=\"og:title\" content=\"Pentagon&#039;da Deprem: Donanma Bakan\u0131 John Phelan\u2019\u0131n \u0130stifas\u0131n\u0131n Perde Arkas\u0131 - Tralleskop\" \/>\n<meta property=\"og:description\" content=\"ABD savunma b\u00fcrokrasisinin kalbi Pentagon, son y\u0131llar\u0131n en dikkat \u00e7ekici ayr\u0131l\u0131klar\u0131ndan birine sahne oluyor. Ba\u015fkan Donald Trump\u2019\u0131n en b\u00fcy\u00fck kampanya destek\u00e7ilerinden biri olan milyarder i\u015f insan\u0131 John Phelan, Donanma Bakanl\u0131\u011f\u0131 koltu\u011funda sadece 13 ay oturabildi. Washington Post\u2019un s\u0131zd\u0131rd\u0131\u011f\u0131 detaylar, bu ayr\u0131l\u0131\u011f\u0131n basit bir n\u00f6bet de\u011fi\u015fimi de\u011fil, derin bir hiyerar\u015fik \u00e7at\u0131\u015fman\u0131n sonucu oldu\u011funu ortaya koyuyor. Tralleskop [&hellip;]\" \/>\n<meta property=\"og:url\" content=\"https:\/\/tralleskop.com\/index.php\/2026\/04\/24\/pentagonda-deprem-donanma-bakani-john-phelanin-istifasinin-perde-arkasi\/\" \/>\n<meta property=\"og:site_name\" content=\"Tralleskop\" \/>\n<meta property=\"article:published_time\" content=\"2026-04-24T08:48:58+00:00\" \/>\n<meta name=\"author\" content=\"Yapay Zeka\" \/>\n<meta name=\"twitter:card\" content=\"summary_large_image\" \/>\n<meta name=\"twitter:label1\" content=\"Yazan:\" \/>\n\t<meta name=\"twitter:data1\" content=\"Yapay Zeka\" \/>\n\t<meta name=\"twitter:label2\" content=\"Tahmini okuma s\u00fcresi\" \/>\n\t<meta name=\"twitter:data2\" content=\"2 dakika\" \/>\n<script type=\"application\/ld+json\" class=\"yoast-schema-graph\">{\"@context\":\"https:\\\/\\\/schema.org\",\"@graph\":[{\"@type\":\"Article\",\"@id\":\"https:\\\/\\\/tralleskop.com\\\/index.php\\\/2026\\\/04\\\/24\\\/pentagonda-deprem-donanma-bakani-john-phelanin-istifasinin-perde-arkasi\\\/#article\",\"isPartOf\":{\"@id\":\"https:\\\/\\\/tralleskop.com\\\/index.php\\\/2026\\\/04\\\/24\\\/pentagonda-deprem-donanma-bakani-john-phelanin-istifasinin-perde-arkasi\\\/\"},\"author\":{\"name\":\"Yapay Zeka\",\"@id\":\"https:\\\/\\\/tralleskop.com\\\/#\\\/schema\\\/person\\\/07eabec51c3edefcb97f005e5a24dc85\"},\"headline\":\"Pentagon&#8217;da Deprem: Donanma Bakan\u0131 John Phelan\u2019\u0131n \u0130stifas\u0131n\u0131n Perde Arkas\u0131\",\"datePublished\":\"2026-04-24T08:48:58+00:00\",\"mainEntityOfPage\":{\"@id\":\"https:\\\/\\\/tralleskop.com\\\/index.php\\\/2026\\\/04\\\/24\\\/pentagonda-deprem-donanma-bakani-john-phelanin-istifasinin-perde-arkasi\\\/\"},\"wordCount\":459,\"commentCount\":0,\"publisher\":{\"@id\":\"https:\\\/\\\/tralleskop.com\\\/#organization\"},\"image\":{\"@id\":\"https:\\\/\\\/tralleskop.com\\\/index.php\\\/2026\\\/04\\\/24\\\/pentagonda-deprem-donanma-bakani-john-phelanin-istifasinin-perde-arkasi\\\/#primaryimage\"},\"thumbnailUrl\":\"https:\\\/\\\/tralleskop.com\\\/wp-content\\\/uploads\\\/2026\\\/04\\\/imrs.php_-1.jpg\",\"articleSection\":[\"Ar\u015fiv\"],\"inLanguage\":\"tr\",\"potentialAction\":[{\"@type\":\"CommentAction\",\"name\":\"Comment\",\"target\":[\"https:\\\/\\\/tralleskop.com\\\/index.php\\\/2026\\\/04\\\/24\\\/pentagonda-deprem-donanma-bakani-john-phelanin-istifasinin-perde-arkasi\\\/#respond\"]}]},{\"@type\":\"WebPage\",\"@id\":\"https:\\\/\\\/tralleskop.com\\\/index.php\\\/2026\\\/04\\\/24\\\/pentagonda-deprem-donanma-bakani-john-phelanin-istifasinin-perde-arkasi\\\/\",\"url\":\"https:\\\/\\\/tralleskop.com\\\/index.php\\\/2026\\\/04\\\/24\\\/pentagonda-deprem-donanma-bakani-john-phelanin-istifasinin-perde-arkasi\\\/\",\"name\":\"Pentagon'da Deprem: Donanma Bakan\u0131 John Phelan\u2019\u0131n \u0130stifas\u0131n\u0131n Perde Arkas\u0131 - Tralleskop\",\"isPartOf\":{\"@id\":\"https:\\\/\\\/tralleskop.com\\\/#website\"},\"primaryImageOfPage\":{\"@id\":\"https:\\\/\\\/tralleskop.com\\\/index.php\\\/2026\\\/04\\\/24\\\/pentagonda-deprem-donanma-bakani-john-phelanin-istifasinin-perde-arkasi\\\/#primaryimage\"},\"image\":{\"@id\":\"https:\\\/\\\/tralleskop.com\\\/index.php\\\/2026\\\/04\\\/24\\\/pentagonda-deprem-donanma-bakani-john-phelanin-istifasinin-perde-arkasi\\\/#primaryimage\"},\"thumbnailUrl\":\"https:\\\/\\\/tralleskop.com\\\/wp-content\\\/uploads\\\/2026\\\/04\\\/imrs.php_-1.jpg\",\"datePublished\":\"2026-04-24T08:48:58+00:00\",\"breadcrumb\":{\"@id\":\"https:\\\/\\\/tralleskop.com\\\/index.php\\\/2026\\\/04\\\/24\\\/pentagonda-deprem-donanma-bakani-john-phelanin-istifasinin-perde-arkasi\\\/#breadcrumb\"},\"inLanguage\":\"tr\",\"potentialAction\":[{\"@type\":\"ReadAction\",\"target\":[\"https:\\\/\\\/tralleskop.com\\\/index.php\\\/2026\\\/04\\\/24\\\/pentagonda-deprem-donanma-bakani-john-phelanin-istifasinin-perde-arkasi\\\/\"]}]},{\"@type\":\"ImageObject\",\"inLanguage\":\"tr\",\"@id\":\"https:\\\/\\\/tralleskop.com\\\/index.php\\\/2026\\\/04\\\/24\\\/pentagonda-deprem-donanma-bakani-john-phelanin-istifasinin-perde-arkasi\\\/#primaryimage\",\"url\":\"https:\\\/\\\/tralleskop.com\\\/wp-content\\\/uploads\\\/2026\\\/04\\\/imrs.php_-1.jpg\",\"contentUrl\":\"https:\\\/\\\/tralleskop.com\\\/wp-content\\\/uploads\\\/2026\\\/04\\\/imrs.php_-1.jpg\",\"width\":1440,\"height\":960},{\"@type\":\"BreadcrumbList\",\"@id\":\"https:\\\/\\\/tralleskop.com\\\/index.php\\\/2026\\\/04\\\/24\\\/pentagonda-deprem-donanma-bakani-john-phelanin-istifasinin-perde-arkasi\\\/#breadcrumb\",\"itemListElement\":[{\"@type\":\"ListItem\",\"position\":1,\"name\":\"Anasayfa\",\"item\":\"https:\\\/\\\/tralleskop.com\\\/\"},{\"@type\":\"ListItem\",\"position\":2,\"name\":\"Pentagon&#8217;da Deprem: Donanma Bakan\u0131 John Phelan\u2019\u0131n \u0130stifas\u0131n\u0131n Perde Arkas\u0131\"}]},{\"@type\":\"WebSite\",\"@id\":\"https:\\\/\\\/tralleskop.com\\\/#website\",\"url\":\"https:\\\/\\\/tralleskop.com\\\/\",\"name\":\"Tralleskop\",\"description\":\"\",\"publisher\":{\"@id\":\"https:\\\/\\\/tralleskop.com\\\/#organization\"},\"potentialAction\":[{\"@type\":\"SearchAction\",\"target\":{\"@type\":\"EntryPoint\",\"urlTemplate\":\"https:\\\/\\\/tralleskop.com\\\/?s={search_term_string}\"},\"query-input\":{\"@type\":\"PropertyValueSpecification\",\"valueRequired\":true,\"valueName\":\"search_term_string\"}}],\"inLanguage\":\"tr\"},{\"@type\":\"Organization\",\"@id\":\"https:\\\/\\\/tralleskop.com\\\/#organization\",\"name\":\"Tralleskop\",\"url\":\"https:\\\/\\\/tralleskop.com\\\/\",\"logo\":{\"@type\":\"ImageObject\",\"inLanguage\":\"tr\",\"@id\":\"https:\\\/\\\/tralleskop.com\\\/#\\\/schema\\\/logo\\\/image\\\/\",\"url\":\"https:\\\/\\\/tralleskop.com\\\/wp-content\\\/uploads\\\/2026\\\/03\\\/logo-1.png\",\"contentUrl\":\"https:\\\/\\\/tralleskop.com\\\/wp-content\\\/uploads\\\/2026\\\/03\\\/logo-1.png\",\"width\":2048,\"height\":2048,\"caption\":\"Tralleskop\"},\"image\":{\"@id\":\"https:\\\/\\\/tralleskop.com\\\/#\\\/schema\\\/logo\\\/image\\\/\"},\"sameAs\":[\"https:\\\/\\\/instagram.com\\\/tralleskop\"]},{\"@type\":\"Person\",\"@id\":\"https:\\\/\\\/tralleskop.com\\\/#\\\/schema\\\/person\\\/07eabec51c3edefcb97f005e5a24dc85\",\"name\":\"Yapay Zeka\",\"image\":{\"@type\":\"ImageObject\",\"inLanguage\":\"tr\",\"@id\":\"https:\\\/\\\/secure.gravatar.com\\\/avatar\\\/e77edf5bd5f891271e5db451c58207840f707caf056fe282ae8443fe299d6b9c?s=96&d=mm&r=g\",\"url\":\"https:\\\/\\\/secure.gravatar.com\\\/avatar\\\/e77edf5bd5f891271e5db451c58207840f707caf056fe282ae8443fe299d6b9c?s=96&d=mm&r=g\",\"contentUrl\":\"https:\\\/\\\/secure.gravatar.com\\\/avatar\\\/e77edf5bd5f891271e5db451c58207840f707caf056fe282ae8443fe299d6b9c?s=96&d=mm&r=g\",\"caption\":\"Yapay Zeka\"},\"url\":\"https:\\\/\\\/tralleskop.com\\\/index.php\\\/author\\\/yapayzeka\\\/\"}]}<\/script>\n<!-- \/ Yoast SEO plugin. -->","yoast_head_json":{"title":"Pentagon'da Deprem: Donanma Bakan\u0131 John Phelan\u2019\u0131n \u0130stifas\u0131n\u0131n Perde Arkas\u0131 - Tralleskop","robots":{"index":"index","follow":"follow","max-snippet":"max-snippet:-1","max-image-preview":"max-image-preview:large","max-video-preview":"max-video-preview:-1"},"canonical":"https:\/\/tralleskop.com\/index.php\/2026\/04\/24\/pentagonda-deprem-donanma-bakani-john-phelanin-istifasinin-perde-arkasi\/","og_locale":"tr_TR","og_type":"article","og_title":"Pentagon'da Deprem: Donanma Bakan\u0131 John Phelan\u2019\u0131n \u0130stifas\u0131n\u0131n Perde Arkas\u0131 - Tralleskop","og_description":"ABD savunma b\u00fcrokrasisinin kalbi Pentagon, son y\u0131llar\u0131n en dikkat \u00e7ekici ayr\u0131l\u0131klar\u0131ndan birine sahne oluyor. Ba\u015fkan Donald Trump\u2019\u0131n en b\u00fcy\u00fck kampanya destek\u00e7ilerinden biri olan milyarder i\u015f insan\u0131 John Phelan, Donanma Bakanl\u0131\u011f\u0131 koltu\u011funda sadece 13 ay oturabildi. Washington Post\u2019un s\u0131zd\u0131rd\u0131\u011f\u0131 detaylar, bu ayr\u0131l\u0131\u011f\u0131n basit bir n\u00f6bet de\u011fi\u015fimi de\u011fil, derin bir hiyerar\u015fik \u00e7at\u0131\u015fman\u0131n sonucu oldu\u011funu ortaya koyuyor. Tralleskop [&hellip;]","og_url":"https:\/\/tralleskop.com\/index.php\/2026\/04\/24\/pentagonda-deprem-donanma-bakani-john-phelanin-istifasinin-perde-arkasi\/","og_site_name":"Tralleskop","article_published_time":"2026-04-24T08:48:58+00:00","author":"Yapay Zeka","twitter_card":"summary_large_image","twitter_misc":{"Yazan:":"Yapay Zeka","Tahmini okuma s\u00fcresi":"2 dakika"},"schema":{"@context":"https:\/\/schema.org","@graph":[{"@type":"Article","@id":"https:\/\/tralleskop.com\/index.php\/2026\/04\/24\/pentagonda-deprem-donanma-bakani-john-phelanin-istifasinin-perde-arkasi\/#article","isPartOf":{"@id":"https:\/\/tralleskop.com\/index.php\/2026\/04\/24\/pentagonda-deprem-donanma-bakani-john-phelanin-istifasinin-perde-arkasi\/"},"author":{"name":"Yapay Zeka","@id":"https:\/\/tralleskop.com\/#\/schema\/person\/07eabec51c3edefcb97f005e5a24dc85"},"headline":"Pentagon&#8217;da Deprem: Donanma Bakan\u0131 John Phelan\u2019\u0131n \u0130stifas\u0131n\u0131n Perde Arkas\u0131","datePublished":"2026-04-24T08:48:58+00:00","mainEntityOfPage":{"@id":"https:\/\/tralleskop.com\/index.php\/2026\/04\/24\/pentagonda-deprem-donanma-bakani-john-phelanin-istifasinin-perde-arkasi\/"},"wordCount":459,"commentCount":0,"publisher":{"@id":"https:\/\/tralleskop.com\/#organization"},"image":{"@id":"https:\/\/tralleskop.com\/index.php\/2026\/04\/24\/pentagonda-deprem-donanma-bakani-john-phelanin-istifasinin-perde-arkasi\/#primaryimage"},"thumbnailUrl":"https:\/\/tralleskop.com\/wp-content\/uploads\/2026\/04\/imrs.php_-1.jpg","articleSection":["Ar\u015fiv"],"inLanguage":"tr","potentialAction":[{"@type":"CommentAction","name":"Comment","target":["https:\/\/tralleskop.com\/index.php\/2026\/04\/24\/pentagonda-deprem-donanma-bakani-john-phelanin-istifasinin-perde-arkasi\/#respond"]}]},{"@type":"WebPage","@id":"https:\/\/tralleskop.com\/index.php\/2026\/04\/24\/pentagonda-deprem-donanma-bakani-john-phelanin-istifasinin-perde-arkasi\/","url":"https:\/\/tralleskop.com\/index.php\/2026\/04\/24\/pentagonda-deprem-donanma-bakani-john-phelanin-istifasinin-perde-arkasi\/","name":"Pentagon'da Deprem: Donanma Bakan\u0131 John Phelan\u2019\u0131n \u0130stifas\u0131n\u0131n Perde Arkas\u0131 - Tralleskop","isPartOf":{"@id":"https:\/\/tralleskop.com\/#website"},"primaryImageOfPage":{"@id":"https:\/\/tralleskop.com\/index.php\/2026\/04\/24\/pentagonda-deprem-donanma-bakani-john-phelanin-istifasinin-perde-arkasi\/#primaryimage"},"image":{"@id":"https:\/\/tralleskop.com\/index.php\/2026\/04\/24\/pentagonda-deprem-donanma-bakani-john-phelanin-istifasinin-perde-arkasi\/#primaryimage"},"thumbnailUrl":"https:\/\/tralleskop.com\/wp-content\/uploads\/2026\/04\/imrs.php_-1.jpg","datePublished":"2026-04-24T08:48:58+00:00","breadcrumb":{"@id":"https:\/\/tralleskop.com\/index.php\/2026\/04\/24\/pentagonda-deprem-donanma-bakani-john-phelanin-istifasinin-perde-arkasi\/#breadcrumb"},"inLanguage":"tr","potentialAction":[{"@type":"ReadAction","target":["https:\/\/tralleskop.com\/index.php\/2026\/04\/24\/pentagonda-deprem-donanma-bakani-john-phelanin-istifasinin-perde-arkasi\/"]}]},{"@type":"ImageObject","inLanguage":"tr","@id":"https:\/\/tralleskop.com\/index.php\/2026\/04\/24\/pentagonda-deprem-donanma-bakani-john-phelanin-istifasinin-perde-arkasi\/#primaryimage","url":"https:\/\/tralleskop.com\/wp-content\/uploads\/2026\/04\/imrs.php_-1.jpg","contentUrl":"https:\/\/tralleskop.com\/wp-content\/uploads\/2026\/04\/imrs.php_-1.jpg","width":1440,"height":960},{"@type":"BreadcrumbList","@id":"https:\/\/tralleskop.com\/index.php\/2026\/04\/24\/pentagonda-deprem-donanma-bakani-john-phelanin-istifasinin-perde-arkasi\/#breadcrumb","itemListElement":[{"@type":"ListItem","position":1,"name":"Anasayfa","item":"https:\/\/tralleskop.com\/"},{"@type":"ListItem","position":2,"name":"Pentagon&#8217;da Deprem: Donanma Bakan\u0131 John Phelan\u2019\u0131n \u0130stifas\u0131n\u0131n Perde Arkas\u0131"}]},{"@type":"WebSite","@id":"https:\/\/tralleskop.com\/#website","url":"https:\/\/tralleskop.com\/","name":"Tralleskop","description":"","publisher":{"@id":"https:\/\/tralleskop.com\/#organization"},"potentialAction":[{"@type":"SearchAction","target":{"@type":"EntryPoint","urlTemplate":"https:\/\/tralleskop.com\/?s={search_term_string}"},"query-input":{"@type":"PropertyValueSpecification","valueRequired":true,"valueName":"search_term_string"}}],"inLanguage":"tr"},{"@type":"Organization","@id":"https:\/\/tralleskop.com\/#organization","name":"Tralleskop","url":"https:\/\/tralleskop.com\/","logo":{"@type":"ImageObject","inLanguage":"tr","@id":"https:\/\/tralleskop.com\/#\/schema\/logo\/image\/","url":"https:\/\/tralleskop.com\/wp-content\/uploads\/2026\/03\/logo-1.png","contentUrl":"https:\/\/tralleskop.com\/wp-content\/uploads\/2026\/03\/logo-1.png","width":2048,"height":2048,"caption":"Tralleskop"},"image":{"@id":"https:\/\/tralleskop.com\/#\/schema\/logo\/image\/"},"sameAs":["https:\/\/instagram.com\/tralleskop"]},{"@type":"Person","@id":"https:\/\/tralleskop.com\/#\/schema\/person\/07eabec51c3edefcb97f005e5a24dc85","name":"Yapay Zeka","image":{"@type":"ImageObject","inLanguage":"tr","@id":"https:\/\/secure.gravatar.com\/avatar\/e77edf5bd5f891271e5db451c58207840f707caf056fe282ae8443fe299d6b9c?s=96&d=mm&r=g","url":"https:\/\/secure.gravatar.com\/avatar\/e77edf5bd5f891271e5db451c58207840f707caf056fe282ae8443fe299d6b9c?s=96&d=mm&r=g","contentUrl":"https:\/\/secure.gravatar.com\/avatar\/e77edf5bd5f891271e5db451c58207840f707caf056fe282ae8443fe299d6b9c?s=96&d=mm&r=g","caption":"Yapay Zeka"},"url":"https:\/\/tralleskop.com\/index.php\/author\/yapayzeka\/"}]}},"jetpack_featured_media_url":"https:\/\/tralleskop.com\/wp-content\/uploads\/2026\/04\/imrs.php_-1.jpg","_links":{"self":[{"href":"https:\/\/tralleskop.com\/index.php\/wp-json\/wp\/v2\/posts\/429","targetHints":{"allow":["GET"]}}],"collection":[{"href":"https:\/\/tralleskop.com\/index.php\/wp-json\/wp\/v2\/posts"}],"about":[{"href":"https:\/\/tralleskop.com\/index.php\/wp-json\/wp\/v2\/types\/post"}],"author":[{"embeddable":true,"href":"https:\/\/tralleskop.com\/index.php\/wp-json\/wp\/v2\/users\/3"}],"replies":[{"embeddable":true,"href":"https:\/\/tralleskop.com\/index.php\/wp-json\/wp\/v2\/comments?post=429"}],"version-history":[{"count":0,"href":"https:\/\/tralleskop.com\/index.php\/wp-json\/wp\/v2\/posts\/429\/revisions"}],"wp:featuredmedia":[{"embeddable":true,"href":"https:\/\/tralleskop.com\/index.php\/wp-json\/wp\/v2\/media\/430"}],"wp:attachment":[{"href":"https:\/\/tralleskop.com\/index.php\/wp-json\/wp\/v2\/media?parent=429"}],"wp:term":[{"taxonomy":"category","embeddable":true,"href":"https:\/\/tralleskop.com\/index.php\/wp-json\/wp\/v2\/categories?post=429"},{"taxonomy":"post_tag","embeddable":true,"href":"https:\/\/tralleskop.com\/index.php\/wp-json\/wp\/v2\/tags?post=429"}],"curies":[{"name":"wp","href":"https:\/\/api.w.org\/{rel}","templated":true}]}}