{"id":427,"date":"2026-04-24T11:48:02","date_gmt":"2026-04-24T08:48:02","guid":{"rendered":"http:\/\/localhost\/wordpress\/index.php\/2026\/04\/24\/abd-donanmasinda-kriz-donanma-sekreteri-john-phelan-gorevden-ayrildi\/"},"modified":"2026-04-24T11:48:02","modified_gmt":"2026-04-24T08:48:02","slug":"abd-donanmasinda-kriz-donanma-sekreteri-john-phelan-gorevden-ayrildi","status":"publish","type":"post","link":"https:\/\/tralleskop.com\/index.php\/2026\/04\/24\/abd-donanmasinda-kriz-donanma-sekreteri-john-phelan-gorevden-ayrildi\/","title":{"rendered":"ABD Donanmas\u0131nda Kriz: Donanma Sekreteri John Phelan G\u00f6revden Ayr\u0131ld\u0131"},"content":{"rendered":"<p>Amerika Birle\u015fik Devletleri savunma b\u00fcrokrasisinin en kritik noktalar\u0131ndan biri olan Donanma Sekreterli\u011fi makam\u0131nda beklenmedik bir de\u011fi\u015fim ya\u015fand\u0131. Trump y\u00f6netiminin \u00f6nemli ba\u011f\u0131\u015f\u00e7\u0131lar\u0131ndan biri olarak bilinen ve yakla\u015f\u0131k 13 ay \u00f6nce bu g\u00f6reve atanan milyarder i\u015f insan\u0131 John Phelan, g\u00f6revinden ayr\u0131lmaya zorland\u0131. Washington Post&#8217;un haberine g\u00f6re, Phelan&#8217;\u0131n ayr\u0131l\u0131\u015f\u0131n\u0131n arkas\u0131nda yatan temel neden, Savunma Bakan\u0131 Pete Hegseth ile ya\u015fad\u0131\u011f\u0131 derin ve sistematik g\u00f6r\u00fc\u015f ayr\u0131l\u0131klar\u0131. Phelan\u2019\u0131n g\u00f6rev s\u00fcresi boyunca, askeri hiyerar\u015fi ve y\u00f6netimsel yakla\u015f\u0131mlar konusunda Hegseth ile defalarca kar\u015f\u0131 kar\u015f\u0131ya geldi\u011fi belirtiliyor.<\/p>\n<p>Pentagon koridorlar\u0131ndan s\u0131zan bilgilere g\u00f6re, Phelan ve Hegseth aras\u0131ndaki gerilim, sadece ki\u015fisel bir anla\u015fmazl\u0131k de\u011fil, ayn\u0131 zamanda ABD Donanmas\u0131&#8217;n\u0131n gelecekteki yap\u0131lanmas\u0131 ve b\u00fct\u00e7e y\u00f6netimi konusundaki vizyon farklar\u0131ndan kaynaklan\u0131yor. Phelan, i\u015f d\u00fcnyas\u0131ndan gelen tecr\u00fcbesiyle daha \u00f6zerk bir y\u00f6netim sergilemek isterken, Hegseth\u2019in Savunma Bakanl\u0131\u011f\u0131 \u00fczerindeki merkeziyet\u00e7i kontrol\u00fc art\u0131rma \u00e7abalar\u0131 s\u00fcrt\u00fcnmeyi ka\u00e7\u0131n\u0131lmaz hale getirdi. \u00d6zellikle modernizasyon projeleri ve personel atamalar\u0131 konusunda ya\u015fanan yetki karma\u015fas\u0131, Beyaz Saray&#8217;\u0131n m\u00fcdahalesiyle sonu\u00e7land\u0131. Donald Trump\u2019\u0131n se\u00e7im kampanyas\u0131na sa\u011flad\u0131\u011f\u0131 devasa finansal destekle tan\u0131nan Phelan\u2019\u0131n, bu denli k\u0131sa s\u00fcrede &#8216;istenmeyen adam&#8217; ilan edilmesi, Trump y\u00f6netimindeki &#8216;sadakat mi, profesyonellik mi?&#8217; tart\u0131\u015fmas\u0131n\u0131 da yeniden alevlendirdi.<\/p>\n<p>Donanma Sekreterli\u011fi, ABD&#8217;nin k\u00fcresel deniz hakimiyeti stratejileri a\u00e7\u0131s\u0131ndan hayati \u00f6neme sahip. \u00d6zellikle \u00c7in ile Pasifik&#8217;te ya\u015fanan gerilim ve K\u0131z\u0131ldeniz&#8217;deki operasyonlar\u0131n yo\u011funla\u015ft\u0131\u011f\u0131 bir d\u00f6nemde, Donanma\u2019n\u0131n en tepesindeki bu istikrars\u0131zl\u0131k, askeri \u00e7evrelerde endi\u015feyle kar\u015f\u0131lan\u0131yor. Phelan\u2019\u0131n ayr\u0131lmas\u0131yla bo\u015falan koltu\u011fa kimin gelece\u011fi hen\u00fcz netle\u015fmezken, bu geli\u015fmenin Savunma Bakan\u0131 Pete Hegseth\u2019in Pentagon \u00fczerindeki otoritesini peki\u015ftirdi\u011fi yorumlar\u0131 yap\u0131l\u0131yor. Ancak, Donanma i\u00e7indeki k\u0131demli amirallerin ve sivil b\u00fcrokratlar\u0131n bu ani de\u011fi\u015fimden duydu\u011fu rahats\u0131zl\u0131k, \u00f6n\u00fcm\u00fczdeki d\u00f6nemde yeni krizlerin habercisi olabilir. Trump y\u00f6netiminin ikinci d\u00f6neminde savunma harcamalar\u0131ndaki verimlilik ve askeri reformlar \u00f6ncelikli maddeler aras\u0131ndayken, Phelan gibi deneyimli bir ismin sistem d\u0131\u015f\u0131na itilmesi, y\u00f6netimin kendi i\u00e7indeki klikle\u015fmelerin de bir g\u00f6stergesi olarak kabul ediliyor. Sonu\u00e7 olarak, Phelan\u2019\u0131n 13 ayl\u0131k k\u0131sa s\u00fcreli g\u00f6revi, ABD savunma tarihindeki en \u00e7alkant\u0131l\u0131 d\u00f6nemlerden biri olarak kay\u0131tlara ge\u00e7mi\u015f durumda.<\/p>\n","protected":false},"excerpt":{"rendered":"<p>Amerika Birle\u015fik Devletleri savunma b\u00fcrokrasisinin en kritik noktalar\u0131ndan biri olan Donanma Sekreterli\u011fi makam\u0131nda beklenmedik bir de\u011fi\u015fim ya\u015fand\u0131. Trump y\u00f6netiminin \u00f6nemli ba\u011f\u0131\u015f\u00e7\u0131lar\u0131ndan biri olarak bilinen ve yakla\u015f\u0131k 13 ay \u00f6nce bu g\u00f6reve atanan milyarder i\u015f insan\u0131 John Phelan, g\u00f6revinden ayr\u0131lmaya zorland\u0131. Washington Post&#8217;un haberine g\u00f6re, Phelan&#8217;\u0131n ayr\u0131l\u0131\u015f\u0131n\u0131n arkas\u0131nda yatan temel neden, Savunma Bakan\u0131 Pete Hegseth ile [&hellip;]<\/p>\n","protected":false},"author":3,"featured_media":428,"comment_status":"open","ping_status":"open","sticky":false,"template":"","format":"standard","meta":{"_coblocks_attr":"","_coblocks_dimensions":"","_coblocks_responsive_height":"","_coblocks_accordion_ie_support":"","_ai_summary":"","_external_image_url":"https:\/\/www.washingtonpost.com\/wp-apps\/imrs.php?src=https:\/\/cloudfront-us-east-1.images.arcpublishing.com\/wapo\/435DZAAXIUK4WDCXT65ME33E7U.jpg&w=1440","footnotes":""},"categories":[1],"tags":[],"class_list":["post-427","post","type-post","status-publish","format-standard","has-post-thumbnail","hentry","category-arsiv"],"yoast_head":"<!-- This site is optimized with the Yoast SEO plugin v27.5 - https:\/\/yoast.com\/product\/yoast-seo-wordpress\/ -->\n<title>ABD Donanmas\u0131nda Kriz: Donanma Sekreteri John Phelan G\u00f6revden Ayr\u0131ld\u0131 - Tralleskop<\/title>\n<meta name=\"robots\" content=\"index, follow, max-snippet:-1, max-image-preview:large, max-video-preview:-1\" \/>\n<link rel=\"canonical\" href=\"https:\/\/tralleskop.com\/index.php\/2026\/04\/24\/abd-donanmasinda-kriz-donanma-sekreteri-john-phelan-gorevden-ayrildi\/\" \/>\n<meta property=\"og:locale\" content=\"tr_TR\" \/>\n<meta property=\"og:type\" content=\"article\" \/>\n<meta property=\"og:title\" content=\"ABD Donanmas\u0131nda Kriz: Donanma Sekreteri John Phelan G\u00f6revden Ayr\u0131ld\u0131 - Tralleskop\" \/>\n<meta property=\"og:description\" content=\"Amerika Birle\u015fik Devletleri savunma b\u00fcrokrasisinin en kritik noktalar\u0131ndan biri olan Donanma Sekreterli\u011fi makam\u0131nda beklenmedik bir de\u011fi\u015fim ya\u015fand\u0131. Trump y\u00f6netiminin \u00f6nemli ba\u011f\u0131\u015f\u00e7\u0131lar\u0131ndan biri olarak bilinen ve yakla\u015f\u0131k 13 ay \u00f6nce bu g\u00f6reve atanan milyarder i\u015f insan\u0131 John Phelan, g\u00f6revinden ayr\u0131lmaya zorland\u0131. Washington Post&#8217;un haberine g\u00f6re, Phelan&#8217;\u0131n ayr\u0131l\u0131\u015f\u0131n\u0131n arkas\u0131nda yatan temel neden, Savunma Bakan\u0131 Pete Hegseth ile [&hellip;]\" \/>\n<meta property=\"og:url\" content=\"https:\/\/tralleskop.com\/index.php\/2026\/04\/24\/abd-donanmasinda-kriz-donanma-sekreteri-john-phelan-gorevden-ayrildi\/\" \/>\n<meta property=\"og:site_name\" content=\"Tralleskop\" \/>\n<meta property=\"article:published_time\" content=\"2026-04-24T08:48:02+00:00\" \/>\n<meta name=\"author\" content=\"Yapay Zeka\" \/>\n<meta name=\"twitter:card\" content=\"summary_large_image\" \/>\n<meta name=\"twitter:label1\" content=\"Yazan:\" \/>\n\t<meta name=\"twitter:data1\" content=\"Yapay Zeka\" \/>\n\t<meta name=\"twitter:label2\" content=\"Tahmini okuma s\u00fcresi\" \/>\n\t<meta name=\"twitter:data2\" content=\"2 dakika\" \/>\n<script type=\"application\/ld+json\" class=\"yoast-schema-graph\">{\"@context\":\"https:\\\/\\\/schema.org\",\"@graph\":[{\"@type\":\"Article\",\"@id\":\"https:\\\/\\\/tralleskop.com\\\/index.php\\\/2026\\\/04\\\/24\\\/abd-donanmasinda-kriz-donanma-sekreteri-john-phelan-gorevden-ayrildi\\\/#article\",\"isPartOf\":{\"@id\":\"https:\\\/\\\/tralleskop.com\\\/index.php\\\/2026\\\/04\\\/24\\\/abd-donanmasinda-kriz-donanma-sekreteri-john-phelan-gorevden-ayrildi\\\/\"},\"author\":{\"name\":\"Yapay Zeka\",\"@id\":\"https:\\\/\\\/tralleskop.com\\\/#\\\/schema\\\/person\\\/07eabec51c3edefcb97f005e5a24dc85\"},\"headline\":\"ABD Donanmas\u0131nda Kriz: Donanma Sekreteri John Phelan G\u00f6revden Ayr\u0131ld\u0131\",\"datePublished\":\"2026-04-24T08:48:02+00:00\",\"mainEntityOfPage\":{\"@id\":\"https:\\\/\\\/tralleskop.com\\\/index.php\\\/2026\\\/04\\\/24\\\/abd-donanmasinda-kriz-donanma-sekreteri-john-phelan-gorevden-ayrildi\\\/\"},\"wordCount\":444,\"commentCount\":0,\"publisher\":{\"@id\":\"https:\\\/\\\/tralleskop.com\\\/#organization\"},\"image\":{\"@id\":\"https:\\\/\\\/tralleskop.com\\\/index.php\\\/2026\\\/04\\\/24\\\/abd-donanmasinda-kriz-donanma-sekreteri-john-phelan-gorevden-ayrildi\\\/#primaryimage\"},\"thumbnailUrl\":\"https:\\\/\\\/tralleskop.com\\\/wp-content\\\/uploads\\\/2026\\\/04\\\/imrs.php_.jpg\",\"articleSection\":[\"Ar\u015fiv\"],\"inLanguage\":\"tr\",\"potentialAction\":[{\"@type\":\"CommentAction\",\"name\":\"Comment\",\"target\":[\"https:\\\/\\\/tralleskop.com\\\/index.php\\\/2026\\\/04\\\/24\\\/abd-donanmasinda-kriz-donanma-sekreteri-john-phelan-gorevden-ayrildi\\\/#respond\"]}]},{\"@type\":\"WebPage\",\"@id\":\"https:\\\/\\\/tralleskop.com\\\/index.php\\\/2026\\\/04\\\/24\\\/abd-donanmasinda-kriz-donanma-sekreteri-john-phelan-gorevden-ayrildi\\\/\",\"url\":\"https:\\\/\\\/tralleskop.com\\\/index.php\\\/2026\\\/04\\\/24\\\/abd-donanmasinda-kriz-donanma-sekreteri-john-phelan-gorevden-ayrildi\\\/\",\"name\":\"ABD Donanmas\u0131nda Kriz: Donanma Sekreteri John Phelan G\u00f6revden Ayr\u0131ld\u0131 - Tralleskop\",\"isPartOf\":{\"@id\":\"https:\\\/\\\/tralleskop.com\\\/#website\"},\"primaryImageOfPage\":{\"@id\":\"https:\\\/\\\/tralleskop.com\\\/index.php\\\/2026\\\/04\\\/24\\\/abd-donanmasinda-kriz-donanma-sekreteri-john-phelan-gorevden-ayrildi\\\/#primaryimage\"},\"image\":{\"@id\":\"https:\\\/\\\/tralleskop.com\\\/index.php\\\/2026\\\/04\\\/24\\\/abd-donanmasinda-kriz-donanma-sekreteri-john-phelan-gorevden-ayrildi\\\/#primaryimage\"},\"thumbnailUrl\":\"https:\\\/\\\/tralleskop.com\\\/wp-content\\\/uploads\\\/2026\\\/04\\\/imrs.php_.jpg\",\"datePublished\":\"2026-04-24T08:48:02+00:00\",\"breadcrumb\":{\"@id\":\"https:\\\/\\\/tralleskop.com\\\/index.php\\\/2026\\\/04\\\/24\\\/abd-donanmasinda-kriz-donanma-sekreteri-john-phelan-gorevden-ayrildi\\\/#breadcrumb\"},\"inLanguage\":\"tr\",\"potentialAction\":[{\"@type\":\"ReadAction\",\"target\":[\"https:\\\/\\\/tralleskop.com\\\/index.php\\\/2026\\\/04\\\/24\\\/abd-donanmasinda-kriz-donanma-sekreteri-john-phelan-gorevden-ayrildi\\\/\"]}]},{\"@type\":\"ImageObject\",\"inLanguage\":\"tr\",\"@id\":\"https:\\\/\\\/tralleskop.com\\\/index.php\\\/2026\\\/04\\\/24\\\/abd-donanmasinda-kriz-donanma-sekreteri-john-phelan-gorevden-ayrildi\\\/#primaryimage\",\"url\":\"https:\\\/\\\/tralleskop.com\\\/wp-content\\\/uploads\\\/2026\\\/04\\\/imrs.php_.jpg\",\"contentUrl\":\"https:\\\/\\\/tralleskop.com\\\/wp-content\\\/uploads\\\/2026\\\/04\\\/imrs.php_.jpg\",\"width\":1440,\"height\":960},{\"@type\":\"BreadcrumbList\",\"@id\":\"https:\\\/\\\/tralleskop.com\\\/index.php\\\/2026\\\/04\\\/24\\\/abd-donanmasinda-kriz-donanma-sekreteri-john-phelan-gorevden-ayrildi\\\/#breadcrumb\",\"itemListElement\":[{\"@type\":\"ListItem\",\"position\":1,\"name\":\"Anasayfa\",\"item\":\"https:\\\/\\\/tralleskop.com\\\/\"},{\"@type\":\"ListItem\",\"position\":2,\"name\":\"ABD Donanmas\u0131nda Kriz: Donanma Sekreteri John Phelan G\u00f6revden Ayr\u0131ld\u0131\"}]},{\"@type\":\"WebSite\",\"@id\":\"https:\\\/\\\/tralleskop.com\\\/#website\",\"url\":\"https:\\\/\\\/tralleskop.com\\\/\",\"name\":\"Tralleskop\",\"description\":\"\",\"publisher\":{\"@id\":\"https:\\\/\\\/tralleskop.com\\\/#organization\"},\"potentialAction\":[{\"@type\":\"SearchAction\",\"target\":{\"@type\":\"EntryPoint\",\"urlTemplate\":\"https:\\\/\\\/tralleskop.com\\\/?s={search_term_string}\"},\"query-input\":{\"@type\":\"PropertyValueSpecification\",\"valueRequired\":true,\"valueName\":\"search_term_string\"}}],\"inLanguage\":\"tr\"},{\"@type\":\"Organization\",\"@id\":\"https:\\\/\\\/tralleskop.com\\\/#organization\",\"name\":\"Tralleskop\",\"url\":\"https:\\\/\\\/tralleskop.com\\\/\",\"logo\":{\"@type\":\"ImageObject\",\"inLanguage\":\"tr\",\"@id\":\"https:\\\/\\\/tralleskop.com\\\/#\\\/schema\\\/logo\\\/image\\\/\",\"url\":\"https:\\\/\\\/tralleskop.com\\\/wp-content\\\/uploads\\\/2026\\\/03\\\/logo-1.png\",\"contentUrl\":\"https:\\\/\\\/tralleskop.com\\\/wp-content\\\/uploads\\\/2026\\\/03\\\/logo-1.png\",\"width\":2048,\"height\":2048,\"caption\":\"Tralleskop\"},\"image\":{\"@id\":\"https:\\\/\\\/tralleskop.com\\\/#\\\/schema\\\/logo\\\/image\\\/\"},\"sameAs\":[\"https:\\\/\\\/instagram.com\\\/tralleskop\"]},{\"@type\":\"Person\",\"@id\":\"https:\\\/\\\/tralleskop.com\\\/#\\\/schema\\\/person\\\/07eabec51c3edefcb97f005e5a24dc85\",\"name\":\"Yapay Zeka\",\"image\":{\"@type\":\"ImageObject\",\"inLanguage\":\"tr\",\"@id\":\"https:\\\/\\\/secure.gravatar.com\\\/avatar\\\/e77edf5bd5f891271e5db451c58207840f707caf056fe282ae8443fe299d6b9c?s=96&d=mm&r=g\",\"url\":\"https:\\\/\\\/secure.gravatar.com\\\/avatar\\\/e77edf5bd5f891271e5db451c58207840f707caf056fe282ae8443fe299d6b9c?s=96&d=mm&r=g\",\"contentUrl\":\"https:\\\/\\\/secure.gravatar.com\\\/avatar\\\/e77edf5bd5f891271e5db451c58207840f707caf056fe282ae8443fe299d6b9c?s=96&d=mm&r=g\",\"caption\":\"Yapay Zeka\"},\"url\":\"https:\\\/\\\/tralleskop.com\\\/index.php\\\/author\\\/yapayzeka\\\/\"}]}<\/script>\n<!-- \/ Yoast SEO plugin. -->","yoast_head_json":{"title":"ABD Donanmas\u0131nda Kriz: Donanma Sekreteri John Phelan G\u00f6revden Ayr\u0131ld\u0131 - Tralleskop","robots":{"index":"index","follow":"follow","max-snippet":"max-snippet:-1","max-image-preview":"max-image-preview:large","max-video-preview":"max-video-preview:-1"},"canonical":"https:\/\/tralleskop.com\/index.php\/2026\/04\/24\/abd-donanmasinda-kriz-donanma-sekreteri-john-phelan-gorevden-ayrildi\/","og_locale":"tr_TR","og_type":"article","og_title":"ABD Donanmas\u0131nda Kriz: Donanma Sekreteri John Phelan G\u00f6revden Ayr\u0131ld\u0131 - Tralleskop","og_description":"Amerika Birle\u015fik Devletleri savunma b\u00fcrokrasisinin en kritik noktalar\u0131ndan biri olan Donanma Sekreterli\u011fi makam\u0131nda beklenmedik bir de\u011fi\u015fim ya\u015fand\u0131. Trump y\u00f6netiminin \u00f6nemli ba\u011f\u0131\u015f\u00e7\u0131lar\u0131ndan biri olarak bilinen ve yakla\u015f\u0131k 13 ay \u00f6nce bu g\u00f6reve atanan milyarder i\u015f insan\u0131 John Phelan, g\u00f6revinden ayr\u0131lmaya zorland\u0131. Washington Post&#8217;un haberine g\u00f6re, Phelan&#8217;\u0131n ayr\u0131l\u0131\u015f\u0131n\u0131n arkas\u0131nda yatan temel neden, Savunma Bakan\u0131 Pete Hegseth ile [&hellip;]","og_url":"https:\/\/tralleskop.com\/index.php\/2026\/04\/24\/abd-donanmasinda-kriz-donanma-sekreteri-john-phelan-gorevden-ayrildi\/","og_site_name":"Tralleskop","article_published_time":"2026-04-24T08:48:02+00:00","author":"Yapay Zeka","twitter_card":"summary_large_image","twitter_misc":{"Yazan:":"Yapay Zeka","Tahmini okuma s\u00fcresi":"2 dakika"},"schema":{"@context":"https:\/\/schema.org","@graph":[{"@type":"Article","@id":"https:\/\/tralleskop.com\/index.php\/2026\/04\/24\/abd-donanmasinda-kriz-donanma-sekreteri-john-phelan-gorevden-ayrildi\/#article","isPartOf":{"@id":"https:\/\/tralleskop.com\/index.php\/2026\/04\/24\/abd-donanmasinda-kriz-donanma-sekreteri-john-phelan-gorevden-ayrildi\/"},"author":{"name":"Yapay Zeka","@id":"https:\/\/tralleskop.com\/#\/schema\/person\/07eabec51c3edefcb97f005e5a24dc85"},"headline":"ABD Donanmas\u0131nda Kriz: Donanma Sekreteri John Phelan G\u00f6revden Ayr\u0131ld\u0131","datePublished":"2026-04-24T08:48:02+00:00","mainEntityOfPage":{"@id":"https:\/\/tralleskop.com\/index.php\/2026\/04\/24\/abd-donanmasinda-kriz-donanma-sekreteri-john-phelan-gorevden-ayrildi\/"},"wordCount":444,"commentCount":0,"publisher":{"@id":"https:\/\/tralleskop.com\/#organization"},"image":{"@id":"https:\/\/tralleskop.com\/index.php\/2026\/04\/24\/abd-donanmasinda-kriz-donanma-sekreteri-john-phelan-gorevden-ayrildi\/#primaryimage"},"thumbnailUrl":"https:\/\/tralleskop.com\/wp-content\/uploads\/2026\/04\/imrs.php_.jpg","articleSection":["Ar\u015fiv"],"inLanguage":"tr","potentialAction":[{"@type":"CommentAction","name":"Comment","target":["https:\/\/tralleskop.com\/index.php\/2026\/04\/24\/abd-donanmasinda-kriz-donanma-sekreteri-john-phelan-gorevden-ayrildi\/#respond"]}]},{"@type":"WebPage","@id":"https:\/\/tralleskop.com\/index.php\/2026\/04\/24\/abd-donanmasinda-kriz-donanma-sekreteri-john-phelan-gorevden-ayrildi\/","url":"https:\/\/tralleskop.com\/index.php\/2026\/04\/24\/abd-donanmasinda-kriz-donanma-sekreteri-john-phelan-gorevden-ayrildi\/","name":"ABD Donanmas\u0131nda Kriz: Donanma Sekreteri John Phelan G\u00f6revden Ayr\u0131ld\u0131 - Tralleskop","isPartOf":{"@id":"https:\/\/tralleskop.com\/#website"},"primaryImageOfPage":{"@id":"https:\/\/tralleskop.com\/index.php\/2026\/04\/24\/abd-donanmasinda-kriz-donanma-sekreteri-john-phelan-gorevden-ayrildi\/#primaryimage"},"image":{"@id":"https:\/\/tralleskop.com\/index.php\/2026\/04\/24\/abd-donanmasinda-kriz-donanma-sekreteri-john-phelan-gorevden-ayrildi\/#primaryimage"},"thumbnailUrl":"https:\/\/tralleskop.com\/wp-content\/uploads\/2026\/04\/imrs.php_.jpg","datePublished":"2026-04-24T08:48:02+00:00","breadcrumb":{"@id":"https:\/\/tralleskop.com\/index.php\/2026\/04\/24\/abd-donanmasinda-kriz-donanma-sekreteri-john-phelan-gorevden-ayrildi\/#breadcrumb"},"inLanguage":"tr","potentialAction":[{"@type":"ReadAction","target":["https:\/\/tralleskop.com\/index.php\/2026\/04\/24\/abd-donanmasinda-kriz-donanma-sekreteri-john-phelan-gorevden-ayrildi\/"]}]},{"@type":"ImageObject","inLanguage":"tr","@id":"https:\/\/tralleskop.com\/index.php\/2026\/04\/24\/abd-donanmasinda-kriz-donanma-sekreteri-john-phelan-gorevden-ayrildi\/#primaryimage","url":"https:\/\/tralleskop.com\/wp-content\/uploads\/2026\/04\/imrs.php_.jpg","contentUrl":"https:\/\/tralleskop.com\/wp-content\/uploads\/2026\/04\/imrs.php_.jpg","width":1440,"height":960},{"@type":"BreadcrumbList","@id":"https:\/\/tralleskop.com\/index.php\/2026\/04\/24\/abd-donanmasinda-kriz-donanma-sekreteri-john-phelan-gorevden-ayrildi\/#breadcrumb","itemListElement":[{"@type":"ListItem","position":1,"name":"Anasayfa","item":"https:\/\/tralleskop.com\/"},{"@type":"ListItem","position":2,"name":"ABD Donanmas\u0131nda Kriz: Donanma Sekreteri John Phelan G\u00f6revden Ayr\u0131ld\u0131"}]},{"@type":"WebSite","@id":"https:\/\/tralleskop.com\/#website","url":"https:\/\/tralleskop.com\/","name":"Tralleskop","description":"","publisher":{"@id":"https:\/\/tralleskop.com\/#organization"},"potentialAction":[{"@type":"SearchAction","target":{"@type":"EntryPoint","urlTemplate":"https:\/\/tralleskop.com\/?s={search_term_string}"},"query-input":{"@type":"PropertyValueSpecification","valueRequired":true,"valueName":"search_term_string"}}],"inLanguage":"tr"},{"@type":"Organization","@id":"https:\/\/tralleskop.com\/#organization","name":"Tralleskop","url":"https:\/\/tralleskop.com\/","logo":{"@type":"ImageObject","inLanguage":"tr","@id":"https:\/\/tralleskop.com\/#\/schema\/logo\/image\/","url":"https:\/\/tralleskop.com\/wp-content\/uploads\/2026\/03\/logo-1.png","contentUrl":"https:\/\/tralleskop.com\/wp-content\/uploads\/2026\/03\/logo-1.png","width":2048,"height":2048,"caption":"Tralleskop"},"image":{"@id":"https:\/\/tralleskop.com\/#\/schema\/logo\/image\/"},"sameAs":["https:\/\/instagram.com\/tralleskop"]},{"@type":"Person","@id":"https:\/\/tralleskop.com\/#\/schema\/person\/07eabec51c3edefcb97f005e5a24dc85","name":"Yapay Zeka","image":{"@type":"ImageObject","inLanguage":"tr","@id":"https:\/\/secure.gravatar.com\/avatar\/e77edf5bd5f891271e5db451c58207840f707caf056fe282ae8443fe299d6b9c?s=96&d=mm&r=g","url":"https:\/\/secure.gravatar.com\/avatar\/e77edf5bd5f891271e5db451c58207840f707caf056fe282ae8443fe299d6b9c?s=96&d=mm&r=g","contentUrl":"https:\/\/secure.gravatar.com\/avatar\/e77edf5bd5f891271e5db451c58207840f707caf056fe282ae8443fe299d6b9c?s=96&d=mm&r=g","caption":"Yapay Zeka"},"url":"https:\/\/tralleskop.com\/index.php\/author\/yapayzeka\/"}]}},"jetpack_featured_media_url":"https:\/\/tralleskop.com\/wp-content\/uploads\/2026\/04\/imrs.php_.jpg","_links":{"self":[{"href":"https:\/\/tralleskop.com\/index.php\/wp-json\/wp\/v2\/posts\/427","targetHints":{"allow":["GET"]}}],"collection":[{"href":"https:\/\/tralleskop.com\/index.php\/wp-json\/wp\/v2\/posts"}],"about":[{"href":"https:\/\/tralleskop.com\/index.php\/wp-json\/wp\/v2\/types\/post"}],"author":[{"embeddable":true,"href":"https:\/\/tralleskop.com\/index.php\/wp-json\/wp\/v2\/users\/3"}],"replies":[{"embeddable":true,"href":"https:\/\/tralleskop.com\/index.php\/wp-json\/wp\/v2\/comments?post=427"}],"version-history":[{"count":0,"href":"https:\/\/tralleskop.com\/index.php\/wp-json\/wp\/v2\/posts\/427\/revisions"}],"wp:featuredmedia":[{"embeddable":true,"href":"https:\/\/tralleskop.com\/index.php\/wp-json\/wp\/v2\/media\/428"}],"wp:attachment":[{"href":"https:\/\/tralleskop.com\/index.php\/wp-json\/wp\/v2\/media?parent=427"}],"wp:term":[{"taxonomy":"category","embeddable":true,"href":"https:\/\/tralleskop.com\/index.php\/wp-json\/wp\/v2\/categories?post=427"},{"taxonomy":"post_tag","embeddable":true,"href":"https:\/\/tralleskop.com\/index.php\/wp-json\/wp\/v2\/tags?post=427"}],"curies":[{"name":"wp","href":"https:\/\/api.w.org\/{rel}","templated":true}]}}