{"id":425,"date":"2026-04-24T11:47:14","date_gmt":"2026-04-24T08:47:14","guid":{"rendered":"http:\/\/localhost\/wordpress\/index.php\/2026\/04\/24\/memphiste-karanlik-kesif-ormanlik-alanda-uc-cocugun-kalintilari-bulundu\/"},"modified":"2026-04-24T11:47:14","modified_gmt":"2026-04-24T08:47:14","slug":"memphiste-karanlik-kesif-ormanlik-alanda-uc-cocugun-kalintilari-bulundu","status":"publish","type":"post","link":"https:\/\/tralleskop.com\/index.php\/2026\/04\/24\/memphiste-karanlik-kesif-ormanlik-alanda-uc-cocugun-kalintilari-bulundu\/","title":{"rendered":"Memphis\u2019te Karanl\u0131k Ke\u015fif: Ormanl\u0131k Alanda \u00dc\u00e7 \u00c7ocu\u011fun Kal\u0131nt\u0131lar\u0131 Bulundu"},"content":{"rendered":"<p>Amerika Birle\u015fik Devletleri\u2019nin Tennessee eyaletine ba\u011fl\u0131 Memphis kentinde, toplumun vicdan\u0131n\u0131 derinden sarsan ve g\u00fcvenlik g\u00fc\u00e7lerini teyakkuza ge\u00e7iren bir olay ya\u015fand\u0131. Memphis Polis Departman\u0131 (MPD), kentin k\u0131rsal ve ormanl\u0131k bir b\u00f6lgesinde yap\u0131lan rutin saha taramalar\u0131 ve al\u0131nan bir ihbar sonucunda, trajik bir bulguya ula\u015ft\u0131klar\u0131n\u0131 a\u00e7\u0131klad\u0131. Yap\u0131lan ilk incelemelerde, ya\u015flar\u0131 3 ile 7 aras\u0131nda oldu\u011fu tahmin edilen \u00fc\u00e7 \u00e7ocu\u011fa ait insan kal\u0131nt\u0131lar\u0131 tespit edildi. Bu durum, b\u00f6lgedeki kay\u0131p \u00e7ocuk vakalar\u0131n\u0131 ve y\u0131llard\u0131r ayd\u0131nlat\u0131lamayan &#8216;so\u011fuk davalar\u0131&#8217; (cold cases) yeniden g\u00fcndeme ta\u015f\u0131d\u0131.<\/p>\n<p>Yetkililer taraf\u0131ndan yap\u0131lan bas\u0131n a\u00e7\u0131klamas\u0131nda, kal\u0131nt\u0131lar\u0131n bulundu\u011fu alandaki bitki \u00f6rt\u00fcs\u00fc ve kemiklerin durumu g\u00f6z \u00f6n\u00fcne al\u0131nd\u0131\u011f\u0131nda, \u00e7ocuklar\u0131n cans\u0131z bedenlerinin orada birka\u00e7 y\u0131ld\u0131r bulunuyor olabilece\u011fi vurguland\u0131. Bu zaman dilimi, olay\u0131n sadece bir cinayet vakas\u0131 de\u011fil, ayn\u0131 zamanda sistemik bir takip eksikli\u011finin de sonucu olabilece\u011fi ihtimalini do\u011furuyor. Adli t\u0131p uzmanlar\u0131 ve antropologlar, kal\u0131nt\u0131lar\u0131n kime ait oldu\u011funu belirlemek ve \u00f6l\u00fcm nedenlerini netle\u015ftirmek i\u00e7in kapsaml\u0131 bir laboratuvar s\u00fcreci ba\u015flatt\u0131. DNA profillemesi ve di\u015f kay\u0131tlar\u0131 \u00fczerinden yap\u0131lacak kar\u015f\u0131la\u015ft\u0131rmalar, bu trajedinin kimliklerini belirlemede kilit rol oynayacak.<\/p>\n<p>Memphis polisi, b\u00f6lgedeki t\u00fcm eski kay\u0131p ihbarlar\u0131n\u0131 titizlikle incelemeye ald\u0131. Ancak kal\u0131nt\u0131lar\u0131n uzun s\u00fcredir orada olmas\u0131, baz\u0131 kay\u0131tlar\u0131n zaman a\u015f\u0131m\u0131na u\u011fram\u0131\u015f veya yetersiz kalm\u0131\u015f olmas\u0131 riskini de beraberinde getiriyor. Uzmanlar, ya\u015f aral\u0131\u011f\u0131n\u0131n 3-7 gibi dar bir grupta toplanmas\u0131n\u0131n, bu \u00e7ocuklar\u0131n karde\u015f olabilece\u011fi veya ayn\u0131 aile\/grup i\u00e7erisinden benzer zamanlarda kaybolmu\u015f olabilece\u011fi \u015f\u00fcphesini g\u00fc\u00e7lendirdi\u011fini belirtiyor. Olay yerindeki delil toplama s\u00fcreci, hava ko\u015fullar\u0131 ve bitki \u00f6rt\u00fcs\u00fcn\u00fcn tahribat\u0131 nedeniyle olduk\u00e7a zorlu \u015fartlar alt\u0131nda y\u00fcr\u00fct\u00fcl\u00fcyor.<\/p>\n<p>Bu trajik olay, ABD genelinde kay\u0131p \u00e7ocuklar\u0131n takibi konusundaki eksiklikleri ve toplumsal fark\u0131ndal\u0131\u011f\u0131n \u00f6nemini bir kez daha tart\u0131\u015fmaya a\u00e7t\u0131. Y\u0131llarca fark edilmeden bir ormanl\u0131k alanda kalan bu \u00e7ocuklar, yerel halkta b\u00fcy\u00fck bir \u00fcz\u00fcnt\u00fc ve \u00f6fkeye neden oldu. Tralleskop edit\u00f6r masas\u0131 olarak yapt\u0131\u011f\u0131m\u0131z de\u011ferlendirmede, bu t\u00fcr vakalar\u0131n \u00e7\u00f6z\u00fcme kavu\u015fturulmas\u0131nda sadece polisin de\u011fil, mahalle sakinlerinin ve sosyal hizmetler birimlerinin koordinasyonunun ne denli hayati oldu\u011fu g\u00f6r\u00fclmektedir. Soru\u015fturma derinle\u015ftik\u00e7e, bu \u00e7ocuklar\u0131n sisteme dahil olup olmad\u0131klar\u0131, okul veya sa\u011fl\u0131k kay\u0131tlar\u0131n\u0131n bulunup bulunmad\u0131\u011f\u0131 gibi detaylar, su\u00e7lular\u0131n adalete teslim edilmesinde belirleyici olacakt\u0131r. \u015eu a\u015famada polis, halktan gelebilecek en k\u00fc\u00e7\u00fck bir bilgi k\u0131r\u0131nt\u0131s\u0131n\u0131n bile dosyan\u0131n seyrini de\u011fi\u015ftirebilece\u011fini belirterek destek \u00e7a\u011fr\u0131s\u0131nda bulunmaktad\u0131r.<\/p>\n","protected":false},"excerpt":{"rendered":"<p>Amerika Birle\u015fik Devletleri\u2019nin Tennessee eyaletine ba\u011fl\u0131 Memphis kentinde, toplumun vicdan\u0131n\u0131 derinden sarsan ve g\u00fcvenlik g\u00fc\u00e7lerini teyakkuza ge\u00e7iren bir olay ya\u015fand\u0131. Memphis Polis Departman\u0131 (MPD), kentin k\u0131rsal ve ormanl\u0131k bir b\u00f6lgesinde yap\u0131lan rutin saha taramalar\u0131 ve al\u0131nan bir ihbar sonucunda, trajik bir bulguya ula\u015ft\u0131klar\u0131n\u0131 a\u00e7\u0131klad\u0131. Yap\u0131lan ilk incelemelerde, ya\u015flar\u0131 3 ile 7 aras\u0131nda oldu\u011fu tahmin edilen [&hellip;]<\/p>\n","protected":false},"author":3,"featured_media":426,"comment_status":"open","ping_status":"open","sticky":false,"template":"","format":"standard","meta":{"_coblocks_attr":"","_coblocks_dimensions":"","_coblocks_responsive_height":"","_coblocks_accordion_ie_support":"","_ai_summary":"1. Memphis'te ormanl\u0131k alanda 3 ile 7 ya\u015flar\u0131 aras\u0131nda \u00fc\u00e7 \u00e7ocu\u011fun kal\u0131nt\u0131lar\u0131 g\u00fcn y\u00fcz\u00fcne \u00e7\u0131kt\u0131. 2. \u0130lk bulgular, \u00e7ocuklar\u0131n cesetlerinin birka\u00e7 y\u0131ld\u0131r orada oldu\u011funu ve olay\u0131n bir 'so\u011fuk dava' niteli\u011fi ta\u015f\u0131d\u0131\u011f\u0131n\u0131 g\u00f6steriyor. 3. Adli t\u0131p ve DNA \u00e7al\u0131\u015fmalar\u0131, kurbanlar\u0131n kimli\u011fini ve \u00f6l\u00fcm nedenlerini belirlemek i\u00e7in yo\u011fun bir mesai harc\u0131yor.","_external_image_url":"https:\/\/media.cnn.com\/api\/v1\/images\/stellar\/prod\/still-22563245-12458-667-still.jpg?c=16x9&q=w_800,c_fill","footnotes":""},"categories":[1],"tags":[],"class_list":["post-425","post","type-post","status-publish","format-standard","has-post-thumbnail","hentry","category-arsiv"],"yoast_head":"<!-- This site is optimized with the Yoast SEO plugin v27.5 - https:\/\/yoast.com\/product\/yoast-seo-wordpress\/ -->\n<title>Memphis\u2019te Karanl\u0131k Ke\u015fif: Ormanl\u0131k Alanda \u00dc\u00e7 \u00c7ocu\u011fun Kal\u0131nt\u0131lar\u0131 Bulundu - Tralleskop<\/title>\n<meta name=\"robots\" content=\"index, follow, max-snippet:-1, max-image-preview:large, max-video-preview:-1\" \/>\n<link rel=\"canonical\" href=\"https:\/\/tralleskop.com\/index.php\/2026\/04\/24\/memphiste-karanlik-kesif-ormanlik-alanda-uc-cocugun-kalintilari-bulundu\/\" \/>\n<meta property=\"og:locale\" content=\"tr_TR\" \/>\n<meta property=\"og:type\" content=\"article\" \/>\n<meta property=\"og:title\" content=\"Memphis\u2019te Karanl\u0131k Ke\u015fif: Ormanl\u0131k Alanda \u00dc\u00e7 \u00c7ocu\u011fun Kal\u0131nt\u0131lar\u0131 Bulundu - Tralleskop\" \/>\n<meta property=\"og:description\" content=\"Amerika Birle\u015fik Devletleri\u2019nin Tennessee eyaletine ba\u011fl\u0131 Memphis kentinde, toplumun vicdan\u0131n\u0131 derinden sarsan ve g\u00fcvenlik g\u00fc\u00e7lerini teyakkuza ge\u00e7iren bir olay ya\u015fand\u0131. Memphis Polis Departman\u0131 (MPD), kentin k\u0131rsal ve ormanl\u0131k bir b\u00f6lgesinde yap\u0131lan rutin saha taramalar\u0131 ve al\u0131nan bir ihbar sonucunda, trajik bir bulguya ula\u015ft\u0131klar\u0131n\u0131 a\u00e7\u0131klad\u0131. Yap\u0131lan ilk incelemelerde, ya\u015flar\u0131 3 ile 7 aras\u0131nda oldu\u011fu tahmin edilen [&hellip;]\" \/>\n<meta property=\"og:url\" content=\"https:\/\/tralleskop.com\/index.php\/2026\/04\/24\/memphiste-karanlik-kesif-ormanlik-alanda-uc-cocugun-kalintilari-bulundu\/\" \/>\n<meta property=\"og:site_name\" content=\"Tralleskop\" \/>\n<meta property=\"article:published_time\" content=\"2026-04-24T08:47:14+00:00\" \/>\n<meta name=\"author\" content=\"Yapay Zeka\" \/>\n<meta name=\"twitter:card\" content=\"summary_large_image\" \/>\n<meta name=\"twitter:label1\" content=\"Yazan:\" \/>\n\t<meta name=\"twitter:data1\" content=\"Yapay Zeka\" \/>\n\t<meta name=\"twitter:label2\" content=\"Tahmini okuma s\u00fcresi\" \/>\n\t<meta name=\"twitter:data2\" content=\"2 dakika\" \/>\n<script type=\"application\/ld+json\" class=\"yoast-schema-graph\">{\"@context\":\"https:\\\/\\\/schema.org\",\"@graph\":[{\"@type\":\"Article\",\"@id\":\"https:\\\/\\\/tralleskop.com\\\/index.php\\\/2026\\\/04\\\/24\\\/memphiste-karanlik-kesif-ormanlik-alanda-uc-cocugun-kalintilari-bulundu\\\/#article\",\"isPartOf\":{\"@id\":\"https:\\\/\\\/tralleskop.com\\\/index.php\\\/2026\\\/04\\\/24\\\/memphiste-karanlik-kesif-ormanlik-alanda-uc-cocugun-kalintilari-bulundu\\\/\"},\"author\":{\"name\":\"Yapay Zeka\",\"@id\":\"https:\\\/\\\/tralleskop.com\\\/#\\\/schema\\\/person\\\/07eabec51c3edefcb97f005e5a24dc85\"},\"headline\":\"Memphis\u2019te Karanl\u0131k Ke\u015fif: Ormanl\u0131k Alanda \u00dc\u00e7 \u00c7ocu\u011fun Kal\u0131nt\u0131lar\u0131 Bulundu\",\"datePublished\":\"2026-04-24T08:47:14+00:00\",\"mainEntityOfPage\":{\"@id\":\"https:\\\/\\\/tralleskop.com\\\/index.php\\\/2026\\\/04\\\/24\\\/memphiste-karanlik-kesif-ormanlik-alanda-uc-cocugun-kalintilari-bulundu\\\/\"},\"wordCount\":503,\"commentCount\":0,\"publisher\":{\"@id\":\"https:\\\/\\\/tralleskop.com\\\/#organization\"},\"image\":{\"@id\":\"https:\\\/\\\/tralleskop.com\\\/index.php\\\/2026\\\/04\\\/24\\\/memphiste-karanlik-kesif-ormanlik-alanda-uc-cocugun-kalintilari-bulundu\\\/#primaryimage\"},\"thumbnailUrl\":\"https:\\\/\\\/tralleskop.com\\\/wp-content\\\/uploads\\\/2026\\\/04\\\/still-22563245-12458-667-still.jpg.jpg\",\"articleSection\":[\"Ar\u015fiv\"],\"inLanguage\":\"tr\",\"potentialAction\":[{\"@type\":\"CommentAction\",\"name\":\"Comment\",\"target\":[\"https:\\\/\\\/tralleskop.com\\\/index.php\\\/2026\\\/04\\\/24\\\/memphiste-karanlik-kesif-ormanlik-alanda-uc-cocugun-kalintilari-bulundu\\\/#respond\"]}]},{\"@type\":\"WebPage\",\"@id\":\"https:\\\/\\\/tralleskop.com\\\/index.php\\\/2026\\\/04\\\/24\\\/memphiste-karanlik-kesif-ormanlik-alanda-uc-cocugun-kalintilari-bulundu\\\/\",\"url\":\"https:\\\/\\\/tralleskop.com\\\/index.php\\\/2026\\\/04\\\/24\\\/memphiste-karanlik-kesif-ormanlik-alanda-uc-cocugun-kalintilari-bulundu\\\/\",\"name\":\"Memphis\u2019te Karanl\u0131k Ke\u015fif: Ormanl\u0131k Alanda \u00dc\u00e7 \u00c7ocu\u011fun Kal\u0131nt\u0131lar\u0131 Bulundu - Tralleskop\",\"isPartOf\":{\"@id\":\"https:\\\/\\\/tralleskop.com\\\/#website\"},\"primaryImageOfPage\":{\"@id\":\"https:\\\/\\\/tralleskop.com\\\/index.php\\\/2026\\\/04\\\/24\\\/memphiste-karanlik-kesif-ormanlik-alanda-uc-cocugun-kalintilari-bulundu\\\/#primaryimage\"},\"image\":{\"@id\":\"https:\\\/\\\/tralleskop.com\\\/index.php\\\/2026\\\/04\\\/24\\\/memphiste-karanlik-kesif-ormanlik-alanda-uc-cocugun-kalintilari-bulundu\\\/#primaryimage\"},\"thumbnailUrl\":\"https:\\\/\\\/tralleskop.com\\\/wp-content\\\/uploads\\\/2026\\\/04\\\/still-22563245-12458-667-still.jpg.jpg\",\"datePublished\":\"2026-04-24T08:47:14+00:00\",\"breadcrumb\":{\"@id\":\"https:\\\/\\\/tralleskop.com\\\/index.php\\\/2026\\\/04\\\/24\\\/memphiste-karanlik-kesif-ormanlik-alanda-uc-cocugun-kalintilari-bulundu\\\/#breadcrumb\"},\"inLanguage\":\"tr\",\"potentialAction\":[{\"@type\":\"ReadAction\",\"target\":[\"https:\\\/\\\/tralleskop.com\\\/index.php\\\/2026\\\/04\\\/24\\\/memphiste-karanlik-kesif-ormanlik-alanda-uc-cocugun-kalintilari-bulundu\\\/\"]}]},{\"@type\":\"ImageObject\",\"inLanguage\":\"tr\",\"@id\":\"https:\\\/\\\/tralleskop.com\\\/index.php\\\/2026\\\/04\\\/24\\\/memphiste-karanlik-kesif-ormanlik-alanda-uc-cocugun-kalintilari-bulundu\\\/#primaryimage\",\"url\":\"https:\\\/\\\/tralleskop.com\\\/wp-content\\\/uploads\\\/2026\\\/04\\\/still-22563245-12458-667-still.jpg.jpg\",\"contentUrl\":\"https:\\\/\\\/tralleskop.com\\\/wp-content\\\/uploads\\\/2026\\\/04\\\/still-22563245-12458-667-still.jpg.jpg\",\"width\":800,\"height\":450},{\"@type\":\"BreadcrumbList\",\"@id\":\"https:\\\/\\\/tralleskop.com\\\/index.php\\\/2026\\\/04\\\/24\\\/memphiste-karanlik-kesif-ormanlik-alanda-uc-cocugun-kalintilari-bulundu\\\/#breadcrumb\",\"itemListElement\":[{\"@type\":\"ListItem\",\"position\":1,\"name\":\"Anasayfa\",\"item\":\"https:\\\/\\\/tralleskop.com\\\/\"},{\"@type\":\"ListItem\",\"position\":2,\"name\":\"Memphis\u2019te Karanl\u0131k Ke\u015fif: Ormanl\u0131k Alanda \u00dc\u00e7 \u00c7ocu\u011fun Kal\u0131nt\u0131lar\u0131 Bulundu\"}]},{\"@type\":\"WebSite\",\"@id\":\"https:\\\/\\\/tralleskop.com\\\/#website\",\"url\":\"https:\\\/\\\/tralleskop.com\\\/\",\"name\":\"Tralleskop\",\"description\":\"\",\"publisher\":{\"@id\":\"https:\\\/\\\/tralleskop.com\\\/#organization\"},\"potentialAction\":[{\"@type\":\"SearchAction\",\"target\":{\"@type\":\"EntryPoint\",\"urlTemplate\":\"https:\\\/\\\/tralleskop.com\\\/?s={search_term_string}\"},\"query-input\":{\"@type\":\"PropertyValueSpecification\",\"valueRequired\":true,\"valueName\":\"search_term_string\"}}],\"inLanguage\":\"tr\"},{\"@type\":\"Organization\",\"@id\":\"https:\\\/\\\/tralleskop.com\\\/#organization\",\"name\":\"Tralleskop\",\"url\":\"https:\\\/\\\/tralleskop.com\\\/\",\"logo\":{\"@type\":\"ImageObject\",\"inLanguage\":\"tr\",\"@id\":\"https:\\\/\\\/tralleskop.com\\\/#\\\/schema\\\/logo\\\/image\\\/\",\"url\":\"https:\\\/\\\/tralleskop.com\\\/wp-content\\\/uploads\\\/2026\\\/03\\\/logo-1.png\",\"contentUrl\":\"https:\\\/\\\/tralleskop.com\\\/wp-content\\\/uploads\\\/2026\\\/03\\\/logo-1.png\",\"width\":2048,\"height\":2048,\"caption\":\"Tralleskop\"},\"image\":{\"@id\":\"https:\\\/\\\/tralleskop.com\\\/#\\\/schema\\\/logo\\\/image\\\/\"},\"sameAs\":[\"https:\\\/\\\/instagram.com\\\/tralleskop\"]},{\"@type\":\"Person\",\"@id\":\"https:\\\/\\\/tralleskop.com\\\/#\\\/schema\\\/person\\\/07eabec51c3edefcb97f005e5a24dc85\",\"name\":\"Yapay Zeka\",\"image\":{\"@type\":\"ImageObject\",\"inLanguage\":\"tr\",\"@id\":\"https:\\\/\\\/secure.gravatar.com\\\/avatar\\\/e77edf5bd5f891271e5db451c58207840f707caf056fe282ae8443fe299d6b9c?s=96&d=mm&r=g\",\"url\":\"https:\\\/\\\/secure.gravatar.com\\\/avatar\\\/e77edf5bd5f891271e5db451c58207840f707caf056fe282ae8443fe299d6b9c?s=96&d=mm&r=g\",\"contentUrl\":\"https:\\\/\\\/secure.gravatar.com\\\/avatar\\\/e77edf5bd5f891271e5db451c58207840f707caf056fe282ae8443fe299d6b9c?s=96&d=mm&r=g\",\"caption\":\"Yapay Zeka\"},\"url\":\"https:\\\/\\\/tralleskop.com\\\/index.php\\\/author\\\/yapayzeka\\\/\"}]}<\/script>\n<!-- \/ Yoast SEO plugin. -->","yoast_head_json":{"title":"Memphis\u2019te Karanl\u0131k Ke\u015fif: Ormanl\u0131k Alanda \u00dc\u00e7 \u00c7ocu\u011fun Kal\u0131nt\u0131lar\u0131 Bulundu - Tralleskop","robots":{"index":"index","follow":"follow","max-snippet":"max-snippet:-1","max-image-preview":"max-image-preview:large","max-video-preview":"max-video-preview:-1"},"canonical":"https:\/\/tralleskop.com\/index.php\/2026\/04\/24\/memphiste-karanlik-kesif-ormanlik-alanda-uc-cocugun-kalintilari-bulundu\/","og_locale":"tr_TR","og_type":"article","og_title":"Memphis\u2019te Karanl\u0131k Ke\u015fif: Ormanl\u0131k Alanda \u00dc\u00e7 \u00c7ocu\u011fun Kal\u0131nt\u0131lar\u0131 Bulundu - Tralleskop","og_description":"Amerika Birle\u015fik Devletleri\u2019nin Tennessee eyaletine ba\u011fl\u0131 Memphis kentinde, toplumun vicdan\u0131n\u0131 derinden sarsan ve g\u00fcvenlik g\u00fc\u00e7lerini teyakkuza ge\u00e7iren bir olay ya\u015fand\u0131. Memphis Polis Departman\u0131 (MPD), kentin k\u0131rsal ve ormanl\u0131k bir b\u00f6lgesinde yap\u0131lan rutin saha taramalar\u0131 ve al\u0131nan bir ihbar sonucunda, trajik bir bulguya ula\u015ft\u0131klar\u0131n\u0131 a\u00e7\u0131klad\u0131. Yap\u0131lan ilk incelemelerde, ya\u015flar\u0131 3 ile 7 aras\u0131nda oldu\u011fu tahmin edilen [&hellip;]","og_url":"https:\/\/tralleskop.com\/index.php\/2026\/04\/24\/memphiste-karanlik-kesif-ormanlik-alanda-uc-cocugun-kalintilari-bulundu\/","og_site_name":"Tralleskop","article_published_time":"2026-04-24T08:47:14+00:00","author":"Yapay Zeka","twitter_card":"summary_large_image","twitter_misc":{"Yazan:":"Yapay Zeka","Tahmini okuma s\u00fcresi":"2 dakika"},"schema":{"@context":"https:\/\/schema.org","@graph":[{"@type":"Article","@id":"https:\/\/tralleskop.com\/index.php\/2026\/04\/24\/memphiste-karanlik-kesif-ormanlik-alanda-uc-cocugun-kalintilari-bulundu\/#article","isPartOf":{"@id":"https:\/\/tralleskop.com\/index.php\/2026\/04\/24\/memphiste-karanlik-kesif-ormanlik-alanda-uc-cocugun-kalintilari-bulundu\/"},"author":{"name":"Yapay Zeka","@id":"https:\/\/tralleskop.com\/#\/schema\/person\/07eabec51c3edefcb97f005e5a24dc85"},"headline":"Memphis\u2019te Karanl\u0131k Ke\u015fif: Ormanl\u0131k Alanda \u00dc\u00e7 \u00c7ocu\u011fun Kal\u0131nt\u0131lar\u0131 Bulundu","datePublished":"2026-04-24T08:47:14+00:00","mainEntityOfPage":{"@id":"https:\/\/tralleskop.com\/index.php\/2026\/04\/24\/memphiste-karanlik-kesif-ormanlik-alanda-uc-cocugun-kalintilari-bulundu\/"},"wordCount":503,"commentCount":0,"publisher":{"@id":"https:\/\/tralleskop.com\/#organization"},"image":{"@id":"https:\/\/tralleskop.com\/index.php\/2026\/04\/24\/memphiste-karanlik-kesif-ormanlik-alanda-uc-cocugun-kalintilari-bulundu\/#primaryimage"},"thumbnailUrl":"https:\/\/tralleskop.com\/wp-content\/uploads\/2026\/04\/still-22563245-12458-667-still.jpg.jpg","articleSection":["Ar\u015fiv"],"inLanguage":"tr","potentialAction":[{"@type":"CommentAction","name":"Comment","target":["https:\/\/tralleskop.com\/index.php\/2026\/04\/24\/memphiste-karanlik-kesif-ormanlik-alanda-uc-cocugun-kalintilari-bulundu\/#respond"]}]},{"@type":"WebPage","@id":"https:\/\/tralleskop.com\/index.php\/2026\/04\/24\/memphiste-karanlik-kesif-ormanlik-alanda-uc-cocugun-kalintilari-bulundu\/","url":"https:\/\/tralleskop.com\/index.php\/2026\/04\/24\/memphiste-karanlik-kesif-ormanlik-alanda-uc-cocugun-kalintilari-bulundu\/","name":"Memphis\u2019te Karanl\u0131k Ke\u015fif: Ormanl\u0131k Alanda \u00dc\u00e7 \u00c7ocu\u011fun Kal\u0131nt\u0131lar\u0131 Bulundu - Tralleskop","isPartOf":{"@id":"https:\/\/tralleskop.com\/#website"},"primaryImageOfPage":{"@id":"https:\/\/tralleskop.com\/index.php\/2026\/04\/24\/memphiste-karanlik-kesif-ormanlik-alanda-uc-cocugun-kalintilari-bulundu\/#primaryimage"},"image":{"@id":"https:\/\/tralleskop.com\/index.php\/2026\/04\/24\/memphiste-karanlik-kesif-ormanlik-alanda-uc-cocugun-kalintilari-bulundu\/#primaryimage"},"thumbnailUrl":"https:\/\/tralleskop.com\/wp-content\/uploads\/2026\/04\/still-22563245-12458-667-still.jpg.jpg","datePublished":"2026-04-24T08:47:14+00:00","breadcrumb":{"@id":"https:\/\/tralleskop.com\/index.php\/2026\/04\/24\/memphiste-karanlik-kesif-ormanlik-alanda-uc-cocugun-kalintilari-bulundu\/#breadcrumb"},"inLanguage":"tr","potentialAction":[{"@type":"ReadAction","target":["https:\/\/tralleskop.com\/index.php\/2026\/04\/24\/memphiste-karanlik-kesif-ormanlik-alanda-uc-cocugun-kalintilari-bulundu\/"]}]},{"@type":"ImageObject","inLanguage":"tr","@id":"https:\/\/tralleskop.com\/index.php\/2026\/04\/24\/memphiste-karanlik-kesif-ormanlik-alanda-uc-cocugun-kalintilari-bulundu\/#primaryimage","url":"https:\/\/tralleskop.com\/wp-content\/uploads\/2026\/04\/still-22563245-12458-667-still.jpg.jpg","contentUrl":"https:\/\/tralleskop.com\/wp-content\/uploads\/2026\/04\/still-22563245-12458-667-still.jpg.jpg","width":800,"height":450},{"@type":"BreadcrumbList","@id":"https:\/\/tralleskop.com\/index.php\/2026\/04\/24\/memphiste-karanlik-kesif-ormanlik-alanda-uc-cocugun-kalintilari-bulundu\/#breadcrumb","itemListElement":[{"@type":"ListItem","position":1,"name":"Anasayfa","item":"https:\/\/tralleskop.com\/"},{"@type":"ListItem","position":2,"name":"Memphis\u2019te Karanl\u0131k Ke\u015fif: Ormanl\u0131k Alanda \u00dc\u00e7 \u00c7ocu\u011fun Kal\u0131nt\u0131lar\u0131 Bulundu"}]},{"@type":"WebSite","@id":"https:\/\/tralleskop.com\/#website","url":"https:\/\/tralleskop.com\/","name":"Tralleskop","description":"","publisher":{"@id":"https:\/\/tralleskop.com\/#organization"},"potentialAction":[{"@type":"SearchAction","target":{"@type":"EntryPoint","urlTemplate":"https:\/\/tralleskop.com\/?s={search_term_string}"},"query-input":{"@type":"PropertyValueSpecification","valueRequired":true,"valueName":"search_term_string"}}],"inLanguage":"tr"},{"@type":"Organization","@id":"https:\/\/tralleskop.com\/#organization","name":"Tralleskop","url":"https:\/\/tralleskop.com\/","logo":{"@type":"ImageObject","inLanguage":"tr","@id":"https:\/\/tralleskop.com\/#\/schema\/logo\/image\/","url":"https:\/\/tralleskop.com\/wp-content\/uploads\/2026\/03\/logo-1.png","contentUrl":"https:\/\/tralleskop.com\/wp-content\/uploads\/2026\/03\/logo-1.png","width":2048,"height":2048,"caption":"Tralleskop"},"image":{"@id":"https:\/\/tralleskop.com\/#\/schema\/logo\/image\/"},"sameAs":["https:\/\/instagram.com\/tralleskop"]},{"@type":"Person","@id":"https:\/\/tralleskop.com\/#\/schema\/person\/07eabec51c3edefcb97f005e5a24dc85","name":"Yapay Zeka","image":{"@type":"ImageObject","inLanguage":"tr","@id":"https:\/\/secure.gravatar.com\/avatar\/e77edf5bd5f891271e5db451c58207840f707caf056fe282ae8443fe299d6b9c?s=96&d=mm&r=g","url":"https:\/\/secure.gravatar.com\/avatar\/e77edf5bd5f891271e5db451c58207840f707caf056fe282ae8443fe299d6b9c?s=96&d=mm&r=g","contentUrl":"https:\/\/secure.gravatar.com\/avatar\/e77edf5bd5f891271e5db451c58207840f707caf056fe282ae8443fe299d6b9c?s=96&d=mm&r=g","caption":"Yapay Zeka"},"url":"https:\/\/tralleskop.com\/index.php\/author\/yapayzeka\/"}]}},"jetpack_featured_media_url":"https:\/\/tralleskop.com\/wp-content\/uploads\/2026\/04\/still-22563245-12458-667-still.jpg.jpg","_links":{"self":[{"href":"https:\/\/tralleskop.com\/index.php\/wp-json\/wp\/v2\/posts\/425","targetHints":{"allow":["GET"]}}],"collection":[{"href":"https:\/\/tralleskop.com\/index.php\/wp-json\/wp\/v2\/posts"}],"about":[{"href":"https:\/\/tralleskop.com\/index.php\/wp-json\/wp\/v2\/types\/post"}],"author":[{"embeddable":true,"href":"https:\/\/tralleskop.com\/index.php\/wp-json\/wp\/v2\/users\/3"}],"replies":[{"embeddable":true,"href":"https:\/\/tralleskop.com\/index.php\/wp-json\/wp\/v2\/comments?post=425"}],"version-history":[{"count":0,"href":"https:\/\/tralleskop.com\/index.php\/wp-json\/wp\/v2\/posts\/425\/revisions"}],"wp:featuredmedia":[{"embeddable":true,"href":"https:\/\/tralleskop.com\/index.php\/wp-json\/wp\/v2\/media\/426"}],"wp:attachment":[{"href":"https:\/\/tralleskop.com\/index.php\/wp-json\/wp\/v2\/media?parent=425"}],"wp:term":[{"taxonomy":"category","embeddable":true,"href":"https:\/\/tralleskop.com\/index.php\/wp-json\/wp\/v2\/categories?post=425"},{"taxonomy":"post_tag","embeddable":true,"href":"https:\/\/tralleskop.com\/index.php\/wp-json\/wp\/v2\/tags?post=425"}],"curies":[{"name":"wp","href":"https:\/\/api.w.org\/{rel}","templated":true}]}}