{"id":394,"date":"2026-04-22T22:43:05","date_gmt":"2026-04-22T19:43:05","guid":{"rendered":"http:\/\/localhost\/wordpress\/index.php\/2026\/04\/22\/ozel-dosyalari-aydin-tariminda-akilli-donusum-ve-dijital-gelecek-4\/"},"modified":"2026-04-22T23:16:58","modified_gmt":"2026-04-22T20:16:58","slug":"ozel-dosyalari-aydin-tariminda-akilli-donusum-ve-dijital-gelecek-4","status":"publish","type":"post","link":"https:\/\/tralleskop.com\/index.php\/2026\/04\/22\/ozel-dosyalari-aydin-tariminda-akilli-donusum-ve-dijital-gelecek-4\/","title":{"rendered":"\u00d6ZEL DOSYALARI: Ayd\u0131n Tar\u0131m\u0131nda Ak\u0131ll\u0131 D\u00f6n\u00fc\u015f\u00fcm ve Dijital Gelecek"},"content":{"rendered":"<p>Ayd\u0131n, y\u00fczy\u0131llard\u0131r bereketli topraklar\u0131yla Ege\u2019nin tar\u0131m merkezi. Ancak g\u00fcn\u00fcm\u00fcz teknolojisi, bu bereketi dijital verilerle birle\u015ftiriyor&#8230;<\/p>\n","protected":false},"excerpt":{"rendered":"<p>Ayd\u0131n, y\u00fczy\u0131llard\u0131r bereketli topraklar\u0131yla Ege\u2019nin tar\u0131m merkezi. Ancak g\u00fcn\u00fcm\u00fcz teknolojisi, bu bereketi dijital verilerle birle\u015ftiriyor&#8230;<\/p>\n","protected":false},"author":1,"featured_media":409,"comment_status":"open","ping_status":"open","sticky":false,"template":"","format":"standard","meta":{"_coblocks_attr":"","_coblocks_dimensions":"","_coblocks_responsive_height":"","_coblocks_accordion_ie_support":"","_ai_summary":"","_external_image_url":"https:\/\/images.unsplash.com\/photo-1523348837708-15d4a09cfac2?w=1000","footnotes":""},"categories":[113],"tags":[],"class_list":["post-394","post","type-post","status-publish","format-standard","has-post-thumbnail","hentry","category-ozel-dosyalar"],"yoast_head":"<!-- This site is optimized with the Yoast SEO plugin v27.5 - https:\/\/yoast.com\/product\/yoast-seo-wordpress\/ -->\n<title>\u00d6ZEL DOSYALARI: Ayd\u0131n Tar\u0131m\u0131nda Ak\u0131ll\u0131 D\u00f6n\u00fc\u015f\u00fcm ve Dijital Gelecek - Tralleskop<\/title>\n<meta name=\"robots\" content=\"index, follow, max-snippet:-1, max-image-preview:large, max-video-preview:-1\" \/>\n<link rel=\"canonical\" href=\"https:\/\/tralleskop.com\/index.php\/2026\/04\/22\/ozel-dosyalari-aydin-tariminda-akilli-donusum-ve-dijital-gelecek-4\/\" \/>\n<meta property=\"og:locale\" content=\"tr_TR\" \/>\n<meta property=\"og:type\" content=\"article\" \/>\n<meta property=\"og:title\" content=\"\u00d6ZEL DOSYALARI: Ayd\u0131n Tar\u0131m\u0131nda Ak\u0131ll\u0131 D\u00f6n\u00fc\u015f\u00fcm ve Dijital Gelecek - Tralleskop\" \/>\n<meta property=\"og:description\" content=\"Ayd\u0131n, y\u00fczy\u0131llard\u0131r bereketli topraklar\u0131yla Ege\u2019nin tar\u0131m merkezi. Ancak g\u00fcn\u00fcm\u00fcz teknolojisi, bu bereketi dijital verilerle birle\u015ftiriyor&#8230;\" \/>\n<meta property=\"og:url\" content=\"https:\/\/tralleskop.com\/index.php\/2026\/04\/22\/ozel-dosyalari-aydin-tariminda-akilli-donusum-ve-dijital-gelecek-4\/\" \/>\n<meta property=\"og:site_name\" content=\"Tralleskop\" \/>\n<meta property=\"article:published_time\" content=\"2026-04-22T19:43:05+00:00\" \/>\n<meta property=\"article:modified_time\" content=\"2026-04-22T20:16:58+00:00\" \/>\n<meta property=\"og:image\" content=\"https:\/\/tralleskop.com\/wp-content\/uploads\/2026\/04\/ozel-dosyalari-aydin-tariminda-akilli-donusum-ve-dijital-gelecek.jpg\" \/>\n\t<meta property=\"og:image:width\" content=\"1000\" \/>\n\t<meta property=\"og:image:height\" content=\"749\" \/>\n\t<meta property=\"og:image:type\" content=\"image\/jpeg\" \/>\n<meta name=\"author\" content=\"furkankural\" \/>\n<meta name=\"twitter:card\" content=\"summary_large_image\" \/>\n<meta name=\"twitter:label1\" content=\"Yazan:\" \/>\n\t<meta name=\"twitter:data1\" content=\"furkankural\" \/>\n<script type=\"application\/ld+json\" class=\"yoast-schema-graph\">{\"@context\":\"https:\\\/\\\/schema.org\",\"@graph\":[{\"@type\":\"Article\",\"@id\":\"https:\\\/\\\/tralleskop.com\\\/index.php\\\/2026\\\/04\\\/22\\\/ozel-dosyalari-aydin-tariminda-akilli-donusum-ve-dijital-gelecek-4\\\/#article\",\"isPartOf\":{\"@id\":\"https:\\\/\\\/tralleskop.com\\\/index.php\\\/2026\\\/04\\\/22\\\/ozel-dosyalari-aydin-tariminda-akilli-donusum-ve-dijital-gelecek-4\\\/\"},\"author\":{\"name\":\"furkankural\",\"@id\":\"https:\\\/\\\/tralleskop.com\\\/#\\\/schema\\\/person\\\/fc12bc0105f8c38d47c414977faf5aa1\"},\"headline\":\"\u00d6ZEL DOSYALARI: Ayd\u0131n Tar\u0131m\u0131nda Ak\u0131ll\u0131 D\u00f6n\u00fc\u015f\u00fcm ve Dijital Gelecek\",\"datePublished\":\"2026-04-22T19:43:05+00:00\",\"dateModified\":\"2026-04-22T20:16:58+00:00\",\"mainEntityOfPage\":{\"@id\":\"https:\\\/\\\/tralleskop.com\\\/index.php\\\/2026\\\/04\\\/22\\\/ozel-dosyalari-aydin-tariminda-akilli-donusum-ve-dijital-gelecek-4\\\/\"},\"wordCount\":41,\"commentCount\":0,\"publisher\":{\"@id\":\"https:\\\/\\\/tralleskop.com\\\/#organization\"},\"image\":{\"@id\":\"https:\\\/\\\/tralleskop.com\\\/index.php\\\/2026\\\/04\\\/22\\\/ozel-dosyalari-aydin-tariminda-akilli-donusum-ve-dijital-gelecek-4\\\/#primaryimage\"},\"thumbnailUrl\":\"https:\\\/\\\/tralleskop.com\\\/wp-content\\\/uploads\\\/2026\\\/04\\\/ozel-dosyalari-aydin-tariminda-akilli-donusum-ve-dijital-gelecek.jpg\",\"articleSection\":[\"Ozel Dosyalar\"],\"inLanguage\":\"tr\",\"potentialAction\":[{\"@type\":\"CommentAction\",\"name\":\"Comment\",\"target\":[\"https:\\\/\\\/tralleskop.com\\\/index.php\\\/2026\\\/04\\\/22\\\/ozel-dosyalari-aydin-tariminda-akilli-donusum-ve-dijital-gelecek-4\\\/#respond\"]}]},{\"@type\":\"WebPage\",\"@id\":\"https:\\\/\\\/tralleskop.com\\\/index.php\\\/2026\\\/04\\\/22\\\/ozel-dosyalari-aydin-tariminda-akilli-donusum-ve-dijital-gelecek-4\\\/\",\"url\":\"https:\\\/\\\/tralleskop.com\\\/index.php\\\/2026\\\/04\\\/22\\\/ozel-dosyalari-aydin-tariminda-akilli-donusum-ve-dijital-gelecek-4\\\/\",\"name\":\"\u00d6ZEL DOSYALARI: Ayd\u0131n Tar\u0131m\u0131nda Ak\u0131ll\u0131 D\u00f6n\u00fc\u015f\u00fcm ve Dijital Gelecek - Tralleskop\",\"isPartOf\":{\"@id\":\"https:\\\/\\\/tralleskop.com\\\/#website\"},\"primaryImageOfPage\":{\"@id\":\"https:\\\/\\\/tralleskop.com\\\/index.php\\\/2026\\\/04\\\/22\\\/ozel-dosyalari-aydin-tariminda-akilli-donusum-ve-dijital-gelecek-4\\\/#primaryimage\"},\"image\":{\"@id\":\"https:\\\/\\\/tralleskop.com\\\/index.php\\\/2026\\\/04\\\/22\\\/ozel-dosyalari-aydin-tariminda-akilli-donusum-ve-dijital-gelecek-4\\\/#primaryimage\"},\"thumbnailUrl\":\"https:\\\/\\\/tralleskop.com\\\/wp-content\\\/uploads\\\/2026\\\/04\\\/ozel-dosyalari-aydin-tariminda-akilli-donusum-ve-dijital-gelecek.jpg\",\"datePublished\":\"2026-04-22T19:43:05+00:00\",\"dateModified\":\"2026-04-22T20:16:58+00:00\",\"breadcrumb\":{\"@id\":\"https:\\\/\\\/tralleskop.com\\\/index.php\\\/2026\\\/04\\\/22\\\/ozel-dosyalari-aydin-tariminda-akilli-donusum-ve-dijital-gelecek-4\\\/#breadcrumb\"},\"inLanguage\":\"tr\",\"potentialAction\":[{\"@type\":\"ReadAction\",\"target\":[\"https:\\\/\\\/tralleskop.com\\\/index.php\\\/2026\\\/04\\\/22\\\/ozel-dosyalari-aydin-tariminda-akilli-donusum-ve-dijital-gelecek-4\\\/\"]}]},{\"@type\":\"ImageObject\",\"inLanguage\":\"tr\",\"@id\":\"https:\\\/\\\/tralleskop.com\\\/index.php\\\/2026\\\/04\\\/22\\\/ozel-dosyalari-aydin-tariminda-akilli-donusum-ve-dijital-gelecek-4\\\/#primaryimage\",\"url\":\"https:\\\/\\\/tralleskop.com\\\/wp-content\\\/uploads\\\/2026\\\/04\\\/ozel-dosyalari-aydin-tariminda-akilli-donusum-ve-dijital-gelecek.jpg\",\"contentUrl\":\"https:\\\/\\\/tralleskop.com\\\/wp-content\\\/uploads\\\/2026\\\/04\\\/ozel-dosyalari-aydin-tariminda-akilli-donusum-ve-dijital-gelecek.jpg\",\"width\":1000,\"height\":749},{\"@type\":\"BreadcrumbList\",\"@id\":\"https:\\\/\\\/tralleskop.com\\\/index.php\\\/2026\\\/04\\\/22\\\/ozel-dosyalari-aydin-tariminda-akilli-donusum-ve-dijital-gelecek-4\\\/#breadcrumb\",\"itemListElement\":[{\"@type\":\"ListItem\",\"position\":1,\"name\":\"Anasayfa\",\"item\":\"https:\\\/\\\/tralleskop.com\\\/\"},{\"@type\":\"ListItem\",\"position\":2,\"name\":\"\u00d6ZEL DOSYALARI: Ayd\u0131n Tar\u0131m\u0131nda Ak\u0131ll\u0131 D\u00f6n\u00fc\u015f\u00fcm ve Dijital Gelecek\"}]},{\"@type\":\"WebSite\",\"@id\":\"https:\\\/\\\/tralleskop.com\\\/#website\",\"url\":\"https:\\\/\\\/tralleskop.com\\\/\",\"name\":\"Tralleskop\",\"description\":\"\",\"publisher\":{\"@id\":\"https:\\\/\\\/tralleskop.com\\\/#organization\"},\"potentialAction\":[{\"@type\":\"SearchAction\",\"target\":{\"@type\":\"EntryPoint\",\"urlTemplate\":\"https:\\\/\\\/tralleskop.com\\\/?s={search_term_string}\"},\"query-input\":{\"@type\":\"PropertyValueSpecification\",\"valueRequired\":true,\"valueName\":\"search_term_string\"}}],\"inLanguage\":\"tr\"},{\"@type\":\"Organization\",\"@id\":\"https:\\\/\\\/tralleskop.com\\\/#organization\",\"name\":\"Tralleskop\",\"url\":\"https:\\\/\\\/tralleskop.com\\\/\",\"logo\":{\"@type\":\"ImageObject\",\"inLanguage\":\"tr\",\"@id\":\"https:\\\/\\\/tralleskop.com\\\/#\\\/schema\\\/logo\\\/image\\\/\",\"url\":\"https:\\\/\\\/tralleskop.com\\\/wp-content\\\/uploads\\\/2026\\\/03\\\/logo-1.png\",\"contentUrl\":\"https:\\\/\\\/tralleskop.com\\\/wp-content\\\/uploads\\\/2026\\\/03\\\/logo-1.png\",\"width\":2048,\"height\":2048,\"caption\":\"Tralleskop\"},\"image\":{\"@id\":\"https:\\\/\\\/tralleskop.com\\\/#\\\/schema\\\/logo\\\/image\\\/\"},\"sameAs\":[\"https:\\\/\\\/instagram.com\\\/tralleskop\"]},{\"@type\":\"Person\",\"@id\":\"https:\\\/\\\/tralleskop.com\\\/#\\\/schema\\\/person\\\/fc12bc0105f8c38d47c414977faf5aa1\",\"name\":\"furkankural\",\"image\":{\"@type\":\"ImageObject\",\"inLanguage\":\"tr\",\"@id\":\"https:\\\/\\\/secure.gravatar.com\\\/avatar\\\/b254b150a2c3c00063e72eb3ded536d7e5bd4008adc46ecd1ef3c8f0c02f310e?s=96&d=mm&r=g\",\"url\":\"https:\\\/\\\/secure.gravatar.com\\\/avatar\\\/b254b150a2c3c00063e72eb3ded536d7e5bd4008adc46ecd1ef3c8f0c02f310e?s=96&d=mm&r=g\",\"contentUrl\":\"https:\\\/\\\/secure.gravatar.com\\\/avatar\\\/b254b150a2c3c00063e72eb3ded536d7e5bd4008adc46ecd1ef3c8f0c02f310e?s=96&d=mm&r=g\",\"caption\":\"furkankural\"},\"sameAs\":[\"https:\\\/\\\/tralleskop.com\"],\"url\":\"https:\\\/\\\/tralleskop.com\\\/index.php\\\/author\\\/furkankural\\\/\"}]}<\/script>\n<!-- \/ Yoast SEO plugin. -->","yoast_head_json":{"title":"\u00d6ZEL DOSYALARI: Ayd\u0131n Tar\u0131m\u0131nda Ak\u0131ll\u0131 D\u00f6n\u00fc\u015f\u00fcm ve Dijital Gelecek - Tralleskop","robots":{"index":"index","follow":"follow","max-snippet":"max-snippet:-1","max-image-preview":"max-image-preview:large","max-video-preview":"max-video-preview:-1"},"canonical":"https:\/\/tralleskop.com\/index.php\/2026\/04\/22\/ozel-dosyalari-aydin-tariminda-akilli-donusum-ve-dijital-gelecek-4\/","og_locale":"tr_TR","og_type":"article","og_title":"\u00d6ZEL DOSYALARI: Ayd\u0131n Tar\u0131m\u0131nda Ak\u0131ll\u0131 D\u00f6n\u00fc\u015f\u00fcm ve Dijital Gelecek - Tralleskop","og_description":"Ayd\u0131n, y\u00fczy\u0131llard\u0131r bereketli topraklar\u0131yla Ege\u2019nin tar\u0131m merkezi. Ancak g\u00fcn\u00fcm\u00fcz teknolojisi, bu bereketi dijital verilerle birle\u015ftiriyor&#8230;","og_url":"https:\/\/tralleskop.com\/index.php\/2026\/04\/22\/ozel-dosyalari-aydin-tariminda-akilli-donusum-ve-dijital-gelecek-4\/","og_site_name":"Tralleskop","article_published_time":"2026-04-22T19:43:05+00:00","article_modified_time":"2026-04-22T20:16:58+00:00","og_image":[{"width":1000,"height":749,"url":"https:\/\/tralleskop.com\/wp-content\/uploads\/2026\/04\/ozel-dosyalari-aydin-tariminda-akilli-donusum-ve-dijital-gelecek.jpg","type":"image\/jpeg"}],"author":"furkankural","twitter_card":"summary_large_image","twitter_misc":{"Yazan:":"furkankural"},"schema":{"@context":"https:\/\/schema.org","@graph":[{"@type":"Article","@id":"https:\/\/tralleskop.com\/index.php\/2026\/04\/22\/ozel-dosyalari-aydin-tariminda-akilli-donusum-ve-dijital-gelecek-4\/#article","isPartOf":{"@id":"https:\/\/tralleskop.com\/index.php\/2026\/04\/22\/ozel-dosyalari-aydin-tariminda-akilli-donusum-ve-dijital-gelecek-4\/"},"author":{"name":"furkankural","@id":"https:\/\/tralleskop.com\/#\/schema\/person\/fc12bc0105f8c38d47c414977faf5aa1"},"headline":"\u00d6ZEL DOSYALARI: Ayd\u0131n Tar\u0131m\u0131nda Ak\u0131ll\u0131 D\u00f6n\u00fc\u015f\u00fcm ve Dijital Gelecek","datePublished":"2026-04-22T19:43:05+00:00","dateModified":"2026-04-22T20:16:58+00:00","mainEntityOfPage":{"@id":"https:\/\/tralleskop.com\/index.php\/2026\/04\/22\/ozel-dosyalari-aydin-tariminda-akilli-donusum-ve-dijital-gelecek-4\/"},"wordCount":41,"commentCount":0,"publisher":{"@id":"https:\/\/tralleskop.com\/#organization"},"image":{"@id":"https:\/\/tralleskop.com\/index.php\/2026\/04\/22\/ozel-dosyalari-aydin-tariminda-akilli-donusum-ve-dijital-gelecek-4\/#primaryimage"},"thumbnailUrl":"https:\/\/tralleskop.com\/wp-content\/uploads\/2026\/04\/ozel-dosyalari-aydin-tariminda-akilli-donusum-ve-dijital-gelecek.jpg","articleSection":["Ozel Dosyalar"],"inLanguage":"tr","potentialAction":[{"@type":"CommentAction","name":"Comment","target":["https:\/\/tralleskop.com\/index.php\/2026\/04\/22\/ozel-dosyalari-aydin-tariminda-akilli-donusum-ve-dijital-gelecek-4\/#respond"]}]},{"@type":"WebPage","@id":"https:\/\/tralleskop.com\/index.php\/2026\/04\/22\/ozel-dosyalari-aydin-tariminda-akilli-donusum-ve-dijital-gelecek-4\/","url":"https:\/\/tralleskop.com\/index.php\/2026\/04\/22\/ozel-dosyalari-aydin-tariminda-akilli-donusum-ve-dijital-gelecek-4\/","name":"\u00d6ZEL DOSYALARI: Ayd\u0131n Tar\u0131m\u0131nda Ak\u0131ll\u0131 D\u00f6n\u00fc\u015f\u00fcm ve Dijital Gelecek - Tralleskop","isPartOf":{"@id":"https:\/\/tralleskop.com\/#website"},"primaryImageOfPage":{"@id":"https:\/\/tralleskop.com\/index.php\/2026\/04\/22\/ozel-dosyalari-aydin-tariminda-akilli-donusum-ve-dijital-gelecek-4\/#primaryimage"},"image":{"@id":"https:\/\/tralleskop.com\/index.php\/2026\/04\/22\/ozel-dosyalari-aydin-tariminda-akilli-donusum-ve-dijital-gelecek-4\/#primaryimage"},"thumbnailUrl":"https:\/\/tralleskop.com\/wp-content\/uploads\/2026\/04\/ozel-dosyalari-aydin-tariminda-akilli-donusum-ve-dijital-gelecek.jpg","datePublished":"2026-04-22T19:43:05+00:00","dateModified":"2026-04-22T20:16:58+00:00","breadcrumb":{"@id":"https:\/\/tralleskop.com\/index.php\/2026\/04\/22\/ozel-dosyalari-aydin-tariminda-akilli-donusum-ve-dijital-gelecek-4\/#breadcrumb"},"inLanguage":"tr","potentialAction":[{"@type":"ReadAction","target":["https:\/\/tralleskop.com\/index.php\/2026\/04\/22\/ozel-dosyalari-aydin-tariminda-akilli-donusum-ve-dijital-gelecek-4\/"]}]},{"@type":"ImageObject","inLanguage":"tr","@id":"https:\/\/tralleskop.com\/index.php\/2026\/04\/22\/ozel-dosyalari-aydin-tariminda-akilli-donusum-ve-dijital-gelecek-4\/#primaryimage","url":"https:\/\/tralleskop.com\/wp-content\/uploads\/2026\/04\/ozel-dosyalari-aydin-tariminda-akilli-donusum-ve-dijital-gelecek.jpg","contentUrl":"https:\/\/tralleskop.com\/wp-content\/uploads\/2026\/04\/ozel-dosyalari-aydin-tariminda-akilli-donusum-ve-dijital-gelecek.jpg","width":1000,"height":749},{"@type":"BreadcrumbList","@id":"https:\/\/tralleskop.com\/index.php\/2026\/04\/22\/ozel-dosyalari-aydin-tariminda-akilli-donusum-ve-dijital-gelecek-4\/#breadcrumb","itemListElement":[{"@type":"ListItem","position":1,"name":"Anasayfa","item":"https:\/\/tralleskop.com\/"},{"@type":"ListItem","position":2,"name":"\u00d6ZEL DOSYALARI: Ayd\u0131n Tar\u0131m\u0131nda Ak\u0131ll\u0131 D\u00f6n\u00fc\u015f\u00fcm ve Dijital Gelecek"}]},{"@type":"WebSite","@id":"https:\/\/tralleskop.com\/#website","url":"https:\/\/tralleskop.com\/","name":"Tralleskop","description":"","publisher":{"@id":"https:\/\/tralleskop.com\/#organization"},"potentialAction":[{"@type":"SearchAction","target":{"@type":"EntryPoint","urlTemplate":"https:\/\/tralleskop.com\/?s={search_term_string}"},"query-input":{"@type":"PropertyValueSpecification","valueRequired":true,"valueName":"search_term_string"}}],"inLanguage":"tr"},{"@type":"Organization","@id":"https:\/\/tralleskop.com\/#organization","name":"Tralleskop","url":"https:\/\/tralleskop.com\/","logo":{"@type":"ImageObject","inLanguage":"tr","@id":"https:\/\/tralleskop.com\/#\/schema\/logo\/image\/","url":"https:\/\/tralleskop.com\/wp-content\/uploads\/2026\/03\/logo-1.png","contentUrl":"https:\/\/tralleskop.com\/wp-content\/uploads\/2026\/03\/logo-1.png","width":2048,"height":2048,"caption":"Tralleskop"},"image":{"@id":"https:\/\/tralleskop.com\/#\/schema\/logo\/image\/"},"sameAs":["https:\/\/instagram.com\/tralleskop"]},{"@type":"Person","@id":"https:\/\/tralleskop.com\/#\/schema\/person\/fc12bc0105f8c38d47c414977faf5aa1","name":"furkankural","image":{"@type":"ImageObject","inLanguage":"tr","@id":"https:\/\/secure.gravatar.com\/avatar\/b254b150a2c3c00063e72eb3ded536d7e5bd4008adc46ecd1ef3c8f0c02f310e?s=96&d=mm&r=g","url":"https:\/\/secure.gravatar.com\/avatar\/b254b150a2c3c00063e72eb3ded536d7e5bd4008adc46ecd1ef3c8f0c02f310e?s=96&d=mm&r=g","contentUrl":"https:\/\/secure.gravatar.com\/avatar\/b254b150a2c3c00063e72eb3ded536d7e5bd4008adc46ecd1ef3c8f0c02f310e?s=96&d=mm&r=g","caption":"furkankural"},"sameAs":["https:\/\/tralleskop.com"],"url":"https:\/\/tralleskop.com\/index.php\/author\/furkankural\/"}]}},"jetpack_featured_media_url":"https:\/\/tralleskop.com\/wp-content\/uploads\/2026\/04\/ozel-dosyalari-aydin-tariminda-akilli-donusum-ve-dijital-gelecek.jpg","_links":{"self":[{"href":"https:\/\/tralleskop.com\/index.php\/wp-json\/wp\/v2\/posts\/394","targetHints":{"allow":["GET"]}}],"collection":[{"href":"https:\/\/tralleskop.com\/index.php\/wp-json\/wp\/v2\/posts"}],"about":[{"href":"https:\/\/tralleskop.com\/index.php\/wp-json\/wp\/v2\/types\/post"}],"author":[{"embeddable":true,"href":"https:\/\/tralleskop.com\/index.php\/wp-json\/wp\/v2\/users\/1"}],"replies":[{"embeddable":true,"href":"https:\/\/tralleskop.com\/index.php\/wp-json\/wp\/v2\/comments?post=394"}],"version-history":[{"count":1,"href":"https:\/\/tralleskop.com\/index.php\/wp-json\/wp\/v2\/posts\/394\/revisions"}],"predecessor-version":[{"id":401,"href":"https:\/\/tralleskop.com\/index.php\/wp-json\/wp\/v2\/posts\/394\/revisions\/401"}],"wp:featuredmedia":[{"embeddable":true,"href":"https:\/\/tralleskop.com\/index.php\/wp-json\/wp\/v2\/media\/409"}],"wp:attachment":[{"href":"https:\/\/tralleskop.com\/index.php\/wp-json\/wp\/v2\/media?parent=394"}],"wp:term":[{"taxonomy":"category","embeddable":true,"href":"https:\/\/tralleskop.com\/index.php\/wp-json\/wp\/v2\/categories?post=394"},{"taxonomy":"post_tag","embeddable":true,"href":"https:\/\/tralleskop.com\/index.php\/wp-json\/wp\/v2\/tags?post=394"}],"curies":[{"name":"wp","href":"https:\/\/api.w.org\/{rel}","templated":true}]}}