{"id":39,"date":"2026-03-29T15:35:01","date_gmt":"2026-03-29T12:35:01","guid":{"rendered":"http:\/\/localhost\/wordpress\/?p=39"},"modified":"2026-04-22T22:55:07","modified_gmt":"2026-04-22T19:55:07","slug":"heyecanlandiran-kesif-600-yillik-caminin-altindan-cikti","status":"publish","type":"post","link":"https:\/\/tralleskop.com\/index.php\/2026\/03\/29\/heyecanlandiran-kesif-600-yillik-caminin-altindan-cikti\/","title":{"rendered":"Heyecanland\u0131ran ke\u015fif! 600 y\u0131ll\u0131k caminin alt\u0131ndan \u00e7\u0131kt\u0131"},"content":{"rendered":"\n<h2 class=\"wp-block-heading\"><strong>UNESCO D\u00fcnya Miras\u0131 Listesi&#8217;ndeki Muradiye K\u00fclliyesi i\u00e7inde yer alan 2. Murad Camisi&#8217;nde s\u00fcrd\u00fcr\u00fclen restorasyon \u00e7al\u0131\u015fmalar\u0131 s\u0131ras\u0131nda havuz kal\u0131nt\u0131s\u0131 g\u00fcn y\u00fcz\u00fcne \u00e7\u0131kar\u0131ld\u0131.<\/strong><\/h2>\n\n\n\n<p>Sultan 2. Murad taraf\u0131ndan 1426&#8217;da yapt\u0131r\u0131lan camide, Bursa Valili\u011fi, Bursa Vak\u0131flar B\u00f6lge M\u00fcd\u00fcrl\u00fc\u011f\u00fc, Bursa Restorasyon ve Konservasyon B\u00f6lge Laboratuvar\u0131 M\u00fcd\u00fcrl\u00fc\u011f\u00fc taraf\u0131ndan ocak ay\u0131nda yap\u0131lan teslimin ard\u0131ndan \u00f6zel bir \u015firket taraf\u0131ndan restorasyon \u00e7al\u0131\u015fmalar\u0131 ba\u015flat\u0131ld\u0131.<\/p>\n\n\n\n<h2 class=\"wp-block-heading\">HAVUZ ORTAYA \u00c7IKTI<\/h2>\n\n\n\n<p>Osman Hamdi Bey&#8217;in Londra&#8217;daki bir m\u00fczayedede sat\u0131lan &#8220;Cami Kap\u0131s\u0131nda (At the Mosque Door)&#8221; adl\u0131 tablosunda ana giri\u015f kap\u0131s\u0131 tasvir edilen camide 19 Ocak&#8217;ta ba\u015flat\u0131lan \u00e7al\u0131\u015fmalar kapsam\u0131nda, c\u00fcmle kap\u0131s\u0131ndan ana mekana ge\u00e7it veren holde yer ald\u0131\u011f\u0131 tahmin edilen havuza ili\u015fkin kaz\u0131 y\u00fcr\u00fct\u00fcld\u00fc.<\/p>\n\n\n\n<p>\u00c7al\u0131\u015fmalar sonucunda s\u00fcs, ses yal\u0131t\u0131m\u0131 ve dinlendirme amac\u0131yla yap\u0131ld\u0131\u011f\u0131 d\u00fc\u015f\u00fcn\u00fclen sekizgen planl\u0131, mermer ve \u00e7ini kaplamal\u0131 bir havuz yap\u0131s\u0131 tespit edildi.<\/p>\n\n\n\n<figure class=\"wp-block-image size-full\"><img loading=\"lazy\" decoding=\"async\" width=\"640\" height=\"372\" src=\"https:\/\/tralleskop.com\/wp-content\/uploads\/2026\/03\/AA1ZwcJp.png\" alt=\"\" class=\"wp-image-41\"\/><\/figure>\n\n\n\n<h2 class=\"wp-block-heading\">&#8220;B\u0130L\u0130N\u00c7L\u0130 \u015eEK\u0130LDE KAPATILDI\u011eI KANAAT\u0130NDEY\u0130Z&#8221;<\/h2>\n\n\n\n<p>Restorasyondan sorumlu y\u00f6netici Selim Ha\u015flak, AA muhabirine, \u00e7al\u0131\u015fmalara 19 Ocak&#8217;ta ba\u015flad\u0131klar\u0131n\u0131 belirterek, ramazan ay\u0131ndan \u00f6nce cami i\u00e7indeki havuzu net bir \u015fekilde ortaya \u00e7\u0131kard\u0131klar\u0131n\u0131 s\u00f6yledi.<\/p>\n\n\n\n<p>S\u00f6z konusu yap\u0131n\u0131n sekizgen oldu\u011funu ve \u00e7ini bord\u00fcrlerle k\u00f6\u015felerin d\u00f6nd\u00fc\u011f\u00fcn\u00fc ortaya \u00e7\u0131kard\u0131klar\u0131n\u0131 anlatan Ha\u015flak, &#8220;Bu havuzun, s\u00fcre\u00e7 i\u00e7erisinde bilin\u00e7li bir \u015fekilde kapat\u0131ld\u0131\u011f\u0131 kanaatindeyiz.&#8221; dedi.<\/p>\n\n\n\n<p>Ha\u015flak, havuzun detaylar\u0131na dair ara\u015ft\u0131rmalar yap\u0131ld\u0131\u011f\u0131n\u0131, K\u00fclt\u00fcr Varl\u0131klar\u0131n\u0131 Koruma B\u00f6lge Kuruluna raporlar\u0131n iletildi\u011fini aktararak, &#8220;En son onlar\u0131n de\u011ferlendirmesine g\u00f6re, havuz ihya edilerek yap\u0131lacakt\u0131r.&#8221; ifadesini kulland\u0131.<\/p>\n\n\n\n<p>\u00c7e\u015fitli \u00fcniversitelerden gelen akademisyenlerin incelemelerinden sonra sundu\u011fu raporlar do\u011frultusunda cami i\u00e7indeki yap\u0131n\u0131n bir s\u00fcs havuzu oldu\u011funun anla\u015f\u0131ld\u0131\u011f\u0131 bilgisini veren Ha\u015flak, s\u00f6zlerini \u015f\u00f6yle s\u00fcrd\u00fcrd\u00fc:<\/p>\n\n\n\n<p>&#8220;Caminin sa\u011f\u0131nda ve solunda &#8216;tabhane&#8217; denilen b\u00f6l\u00fcmler var. Seyyahlar, dervi\u015fler, buralara geliyor ve bir sohbet ortam\u0131 olu\u015fuyor. Bunlar\u0131n konu\u015fmalar\u0131n\u0131n birbirlerine gitmemesi, bu konu\u015fmalardan harim (ibadet edilen i\u00e7 mekan) b\u00f6lgesinde namaz k\u0131lanlar\u0131n rahats\u0131z olmamas\u0131 i\u00e7in bir ses yal\u0131t\u0131m\u0131 amac\u0131yla havuz yap\u0131lm\u0131\u015f. Ayn\u0131 zamanda arka taraflarda odac\u0131klar mevcut. Bu odac\u0131klar da yoldan gelenlerin dinlenmesi amac\u0131yla yap\u0131lm\u0131\u015f. Orada dinlenen ki\u015filerin de rahats\u0131z olmamas\u0131 ve dinlendirmesi i\u00e7in bu havuzun yap\u0131ld\u0131\u011f\u0131 d\u00fc\u015f\u00fcn\u00fcl\u00fcyor. D\u0131\u015far\u0131da bir \u015fad\u0131rvan da var. Bu havuzun abdest alma mant\u0131\u011f\u0131yla de\u011fil de s\u00fcs, yal\u0131t\u0131m ve dinlendirme amac\u0131yla yap\u0131ld\u0131\u011f\u0131n\u0131 d\u00fc\u015f\u00fcn\u00fcyoruz.&#8221;<\/p>\n\n\n\n<figure class=\"wp-block-image size-full\"><img loading=\"lazy\" decoding=\"async\" width=\"640\" height=\"360\" src=\"https:\/\/tralleskop.com\/wp-content\/uploads\/2026\/03\/AA1ZwrWE.png\" alt=\"\" class=\"wp-image-42\"\/><\/figure>\n\n\n\n<h2 class=\"wp-block-heading\">&#8220;TURKUAZ A\u011eIRLIKLI MAV\u0130N\u0130N KOYU VE A\u00c7IK TONLARINDA \u00c7\u0130N\u0130LER \u00c7IKIYOR&#8221;<\/h2>\n\n\n\n<p>Ha\u015flak, havuzun etraf\u0131nda mermer ve \u00e7ini par\u00e7alar\u0131n\u0131n g\u00f6r\u00fcld\u00fc\u011f\u00fcn\u00fc belirterek, &#8220;Havuzun etraf\u0131nda \u00e7\u0131kan par\u00e7alar ve zeminde sabit olan \u00e7ini par\u00e7alar\u0131yla caminin \u00f6zellikle harim b\u00f6l\u00fcm\u00fcndeki \u00e7inilerin analizleri yap\u0131ld\u0131. Ayn\u0131 d\u00f6nemin \u00e7inileri oldu\u011fu kanaatine var\u0131ld\u0131. Genelde turkuaz a\u011f\u0131rl\u0131kl\u0131 mavinin koyu ve a\u00e7\u0131k tonlar\u0131nda \u00e7iniler \u00e7\u0131k\u0131yor.&#8221; diye konu\u015ftu.<\/p>\n\n\n\n<p>Caminin drenaj hatt\u0131nda da restorasyon \u00e7al\u0131\u015fmalar\u0131 y\u00fcr\u00fct\u00fcld\u00fc\u011f\u00fcn\u00fcn bilgisini veren Ha\u015flak, \u015funlar\u0131 kaydetti:<\/p>\n\n\n\n<p>&#8220;Drenaj hatt\u0131nda yap\u0131lan kaz\u0131larda caminin alt\u0131nda, do\u011fudan bat\u0131ya, kuzeyden g\u00fcneye kanallar g\u00f6rd\u00fck. Bu kanallarla ilgili ara\u015ft\u0131rma devam ediyor. Bu kanallar, bir havaland\u0131rma kanal\u0131 m\u0131, camiyi \u0131s\u0131tmak i\u00e7in bir s\u0131cak su ta\u015f\u0131ma kanal\u0131 m\u0131 yoksa temel sisteminde baz\u0131 camilerde \u00f6rnekleri var, ah\u015fap hat\u0131l konulmas\u0131 i\u00e7in olu\u015fturulmu\u015f kanallar m\u0131? Bu, havuz kadar \u00f6nemli bir konu. \u00c7\u00fcnk\u00fc \u00e7ok nadir. B\u00f6yle kanallar\u0131n caminin temel k\u0131sm\u0131nda ve beden duvarlar\u0131n\u0131n i\u00e7inde \u00e7\u0131kmas\u0131&#8230; Bundan dolay\u0131 da ciddi bir ara\u015ft\u0131rma yap\u0131yoruz.&#8221;<\/p>\n\n\n\n<p>2. Murad Cami \u0130mam\u0131 Muhammed L\u00fctfi Ta\u015fci de caminin ibadete a\u00e7\u0131lmas\u0131n\u0131n 600. y\u0131l\u0131nda s\u00fcrd\u00fcr\u00fclen restorasyondan duydu\u011fu mutlulu\u011fu dile getirdi.<\/p>\n\n\n\n<p>Eme\u011fi ge\u00e7en herkese te\u015fekk\u00fcr eden Ta\u015fci, &#8220;Burada 600 y\u0131ll\u0131k bir havuz ortaya \u00e7\u0131kt\u0131. Sultan 2. Murad Han d\u00f6neminde yap\u0131lan orijinal havuz. Cenab-\u0131 Allah&#8217;a hamdediyoruz. Tarihimize ve Bursa&#8217;n\u0131n haf\u0131zas\u0131na yeni bir sayfa a\u00e7\u0131ld\u0131.&#8221; dedi.<\/p>\n\n\n\n<figure class=\"wp-block-image size-full\"><img loading=\"lazy\" decoding=\"async\" width=\"640\" height=\"360\" src=\"https:\/\/tralleskop.com\/wp-content\/uploads\/2026\/03\/AA1ZvVxD.png\" alt=\"\" class=\"wp-image-43\"\/><\/figure>\n","protected":false},"excerpt":{"rendered":"<p>Heyecanland\u0131ran ke\u015fif! 600 y\u0131ll\u0131k caminin alt\u0131ndan \u00e7\u0131kt\u0131!<\/p>\n","protected":false},"author":1,"featured_media":40,"comment_status":"open","ping_status":"open","sticky":false,"template":"","format":"standard","meta":{"_coblocks_attr":"","_coblocks_dimensions":"","_coblocks_responsive_height":"","_coblocks_accordion_ie_support":"","_ai_summary":"","_external_image_url":"","footnotes":""},"categories":[113],"tags":[9,10,12,11],"class_list":["post-39","post","type-post","status-publish","format-standard","has-post-thumbnail","hentry","category-ozel-dosyalar","tag-kesif","tag-tarih","tag-tarihi-eser","tag-turkiye"],"yoast_head":"<!-- This site is optimized with the Yoast SEO plugin v27.5 - https:\/\/yoast.com\/product\/yoast-seo-wordpress\/ -->\n<title>Heyecanland\u0131ran ke\u015fif! 600 y\u0131ll\u0131k caminin alt\u0131ndan \u00e7\u0131kt\u0131 - Tralleskop<\/title>\n<meta name=\"robots\" content=\"index, follow, max-snippet:-1, max-image-preview:large, max-video-preview:-1\" \/>\n<link rel=\"canonical\" href=\"https:\/\/tralleskop.com\/index.php\/2026\/03\/29\/heyecanlandiran-kesif-600-yillik-caminin-altindan-cikti\/\" \/>\n<meta property=\"og:locale\" content=\"tr_TR\" \/>\n<meta property=\"og:type\" content=\"article\" \/>\n<meta property=\"og:title\" content=\"Heyecanland\u0131ran ke\u015fif! 600 y\u0131ll\u0131k caminin alt\u0131ndan \u00e7\u0131kt\u0131 - Tralleskop\" \/>\n<meta property=\"og:description\" content=\"Heyecanland\u0131ran ke\u015fif! 600 y\u0131ll\u0131k caminin alt\u0131ndan \u00e7\u0131kt\u0131!\" \/>\n<meta property=\"og:url\" content=\"https:\/\/tralleskop.com\/index.php\/2026\/03\/29\/heyecanlandiran-kesif-600-yillik-caminin-altindan-cikti\/\" \/>\n<meta property=\"og:site_name\" content=\"Tralleskop\" \/>\n<meta property=\"article:published_time\" content=\"2026-03-29T12:35:01+00:00\" \/>\n<meta property=\"article:modified_time\" content=\"2026-04-22T19:55:07+00:00\" \/>\n<meta property=\"og:image\" content=\"https:\/\/tralleskop.com\/wp-content\/uploads\/2026\/03\/AA1ZwGP0.png\" \/>\n\t<meta property=\"og:image:width\" content=\"640\" \/>\n\t<meta property=\"og:image:height\" content=\"360\" \/>\n\t<meta property=\"og:image:type\" content=\"image\/png\" \/>\n<meta name=\"author\" content=\"furkankural\" \/>\n<meta name=\"twitter:card\" content=\"summary_large_image\" \/>\n<meta name=\"twitter:label1\" content=\"Yazan:\" \/>\n\t<meta name=\"twitter:data1\" content=\"furkankural\" \/>\n\t<meta name=\"twitter:label2\" content=\"Tahmini okuma s\u00fcresi\" \/>\n\t<meta name=\"twitter:data2\" content=\"4 dakika\" \/>\n<script type=\"application\/ld+json\" class=\"yoast-schema-graph\">{\"@context\":\"https:\\\/\\\/schema.org\",\"@graph\":[{\"@type\":\"Article\",\"@id\":\"https:\\\/\\\/tralleskop.com\\\/index.php\\\/2026\\\/03\\\/29\\\/heyecanlandiran-kesif-600-yillik-caminin-altindan-cikti\\\/#article\",\"isPartOf\":{\"@id\":\"https:\\\/\\\/tralleskop.com\\\/index.php\\\/2026\\\/03\\\/29\\\/heyecanlandiran-kesif-600-yillik-caminin-altindan-cikti\\\/\"},\"author\":{\"name\":\"furkankural\",\"@id\":\"https:\\\/\\\/tralleskop.com\\\/#\\\/schema\\\/person\\\/fc12bc0105f8c38d47c414977faf5aa1\"},\"headline\":\"Heyecanland\u0131ran ke\u015fif! 600 y\u0131ll\u0131k caminin alt\u0131ndan \u00e7\u0131kt\u0131\",\"datePublished\":\"2026-03-29T12:35:01+00:00\",\"dateModified\":\"2026-04-22T19:55:07+00:00\",\"mainEntityOfPage\":{\"@id\":\"https:\\\/\\\/tralleskop.com\\\/index.php\\\/2026\\\/03\\\/29\\\/heyecanlandiran-kesif-600-yillik-caminin-altindan-cikti\\\/\"},\"wordCount\":766,\"commentCount\":0,\"publisher\":{\"@id\":\"https:\\\/\\\/tralleskop.com\\\/#organization\"},\"image\":{\"@id\":\"https:\\\/\\\/tralleskop.com\\\/index.php\\\/2026\\\/03\\\/29\\\/heyecanlandiran-kesif-600-yillik-caminin-altindan-cikti\\\/#primaryimage\"},\"thumbnailUrl\":\"https:\\\/\\\/tralleskop.com\\\/wp-content\\\/uploads\\\/2026\\\/03\\\/AA1ZwGP0.png\",\"keywords\":[\"ke\u015fif\",\"tarih\",\"tarihi eser\",\"t\u00fcrkiye\"],\"articleSection\":[\"Ozel Dosyalar\"],\"inLanguage\":\"tr\",\"potentialAction\":[{\"@type\":\"CommentAction\",\"name\":\"Comment\",\"target\":[\"https:\\\/\\\/tralleskop.com\\\/index.php\\\/2026\\\/03\\\/29\\\/heyecanlandiran-kesif-600-yillik-caminin-altindan-cikti\\\/#respond\"]}]},{\"@type\":\"WebPage\",\"@id\":\"https:\\\/\\\/tralleskop.com\\\/index.php\\\/2026\\\/03\\\/29\\\/heyecanlandiran-kesif-600-yillik-caminin-altindan-cikti\\\/\",\"url\":\"https:\\\/\\\/tralleskop.com\\\/index.php\\\/2026\\\/03\\\/29\\\/heyecanlandiran-kesif-600-yillik-caminin-altindan-cikti\\\/\",\"name\":\"Heyecanland\u0131ran ke\u015fif! 600 y\u0131ll\u0131k caminin alt\u0131ndan \u00e7\u0131kt\u0131 - Tralleskop\",\"isPartOf\":{\"@id\":\"https:\\\/\\\/tralleskop.com\\\/#website\"},\"primaryImageOfPage\":{\"@id\":\"https:\\\/\\\/tralleskop.com\\\/index.php\\\/2026\\\/03\\\/29\\\/heyecanlandiran-kesif-600-yillik-caminin-altindan-cikti\\\/#primaryimage\"},\"image\":{\"@id\":\"https:\\\/\\\/tralleskop.com\\\/index.php\\\/2026\\\/03\\\/29\\\/heyecanlandiran-kesif-600-yillik-caminin-altindan-cikti\\\/#primaryimage\"},\"thumbnailUrl\":\"https:\\\/\\\/tralleskop.com\\\/wp-content\\\/uploads\\\/2026\\\/03\\\/AA1ZwGP0.png\",\"datePublished\":\"2026-03-29T12:35:01+00:00\",\"dateModified\":\"2026-04-22T19:55:07+00:00\",\"breadcrumb\":{\"@id\":\"https:\\\/\\\/tralleskop.com\\\/index.php\\\/2026\\\/03\\\/29\\\/heyecanlandiran-kesif-600-yillik-caminin-altindan-cikti\\\/#breadcrumb\"},\"inLanguage\":\"tr\",\"potentialAction\":[{\"@type\":\"ReadAction\",\"target\":[\"https:\\\/\\\/tralleskop.com\\\/index.php\\\/2026\\\/03\\\/29\\\/heyecanlandiran-kesif-600-yillik-caminin-altindan-cikti\\\/\"]}]},{\"@type\":\"ImageObject\",\"inLanguage\":\"tr\",\"@id\":\"https:\\\/\\\/tralleskop.com\\\/index.php\\\/2026\\\/03\\\/29\\\/heyecanlandiran-kesif-600-yillik-caminin-altindan-cikti\\\/#primaryimage\",\"url\":\"https:\\\/\\\/tralleskop.com\\\/wp-content\\\/uploads\\\/2026\\\/03\\\/AA1ZwGP0.png\",\"contentUrl\":\"https:\\\/\\\/tralleskop.com\\\/wp-content\\\/uploads\\\/2026\\\/03\\\/AA1ZwGP0.png\",\"width\":640,\"height\":360},{\"@type\":\"BreadcrumbList\",\"@id\":\"https:\\\/\\\/tralleskop.com\\\/index.php\\\/2026\\\/03\\\/29\\\/heyecanlandiran-kesif-600-yillik-caminin-altindan-cikti\\\/#breadcrumb\",\"itemListElement\":[{\"@type\":\"ListItem\",\"position\":1,\"name\":\"Anasayfa\",\"item\":\"https:\\\/\\\/tralleskop.com\\\/\"},{\"@type\":\"ListItem\",\"position\":2,\"name\":\"Heyecanland\u0131ran ke\u015fif! 600 y\u0131ll\u0131k caminin alt\u0131ndan \u00e7\u0131kt\u0131\"}]},{\"@type\":\"WebSite\",\"@id\":\"https:\\\/\\\/tralleskop.com\\\/#website\",\"url\":\"https:\\\/\\\/tralleskop.com\\\/\",\"name\":\"Tralleskop\",\"description\":\"\",\"publisher\":{\"@id\":\"https:\\\/\\\/tralleskop.com\\\/#organization\"},\"potentialAction\":[{\"@type\":\"SearchAction\",\"target\":{\"@type\":\"EntryPoint\",\"urlTemplate\":\"https:\\\/\\\/tralleskop.com\\\/?s={search_term_string}\"},\"query-input\":{\"@type\":\"PropertyValueSpecification\",\"valueRequired\":true,\"valueName\":\"search_term_string\"}}],\"inLanguage\":\"tr\"},{\"@type\":\"Organization\",\"@id\":\"https:\\\/\\\/tralleskop.com\\\/#organization\",\"name\":\"Tralleskop\",\"url\":\"https:\\\/\\\/tralleskop.com\\\/\",\"logo\":{\"@type\":\"ImageObject\",\"inLanguage\":\"tr\",\"@id\":\"https:\\\/\\\/tralleskop.com\\\/#\\\/schema\\\/logo\\\/image\\\/\",\"url\":\"https:\\\/\\\/tralleskop.com\\\/wp-content\\\/uploads\\\/2026\\\/03\\\/logo-1.png\",\"contentUrl\":\"https:\\\/\\\/tralleskop.com\\\/wp-content\\\/uploads\\\/2026\\\/03\\\/logo-1.png\",\"width\":2048,\"height\":2048,\"caption\":\"Tralleskop\"},\"image\":{\"@id\":\"https:\\\/\\\/tralleskop.com\\\/#\\\/schema\\\/logo\\\/image\\\/\"},\"sameAs\":[\"https:\\\/\\\/instagram.com\\\/tralleskop\"]},{\"@type\":\"Person\",\"@id\":\"https:\\\/\\\/tralleskop.com\\\/#\\\/schema\\\/person\\\/fc12bc0105f8c38d47c414977faf5aa1\",\"name\":\"furkankural\",\"image\":{\"@type\":\"ImageObject\",\"inLanguage\":\"tr\",\"@id\":\"https:\\\/\\\/secure.gravatar.com\\\/avatar\\\/b254b150a2c3c00063e72eb3ded536d7e5bd4008adc46ecd1ef3c8f0c02f310e?s=96&d=mm&r=g\",\"url\":\"https:\\\/\\\/secure.gravatar.com\\\/avatar\\\/b254b150a2c3c00063e72eb3ded536d7e5bd4008adc46ecd1ef3c8f0c02f310e?s=96&d=mm&r=g\",\"contentUrl\":\"https:\\\/\\\/secure.gravatar.com\\\/avatar\\\/b254b150a2c3c00063e72eb3ded536d7e5bd4008adc46ecd1ef3c8f0c02f310e?s=96&d=mm&r=g\",\"caption\":\"furkankural\"},\"sameAs\":[\"https:\\\/\\\/tralleskop.com\"],\"url\":\"https:\\\/\\\/tralleskop.com\\\/index.php\\\/author\\\/furkankural\\\/\"}]}<\/script>\n<!-- \/ Yoast SEO plugin. -->","yoast_head_json":{"title":"Heyecanland\u0131ran ke\u015fif! 600 y\u0131ll\u0131k caminin alt\u0131ndan \u00e7\u0131kt\u0131 - Tralleskop","robots":{"index":"index","follow":"follow","max-snippet":"max-snippet:-1","max-image-preview":"max-image-preview:large","max-video-preview":"max-video-preview:-1"},"canonical":"https:\/\/tralleskop.com\/index.php\/2026\/03\/29\/heyecanlandiran-kesif-600-yillik-caminin-altindan-cikti\/","og_locale":"tr_TR","og_type":"article","og_title":"Heyecanland\u0131ran ke\u015fif! 600 y\u0131ll\u0131k caminin alt\u0131ndan \u00e7\u0131kt\u0131 - Tralleskop","og_description":"Heyecanland\u0131ran ke\u015fif! 600 y\u0131ll\u0131k caminin alt\u0131ndan \u00e7\u0131kt\u0131!","og_url":"https:\/\/tralleskop.com\/index.php\/2026\/03\/29\/heyecanlandiran-kesif-600-yillik-caminin-altindan-cikti\/","og_site_name":"Tralleskop","article_published_time":"2026-03-29T12:35:01+00:00","article_modified_time":"2026-04-22T19:55:07+00:00","og_image":[{"width":640,"height":360,"url":"https:\/\/tralleskop.com\/wp-content\/uploads\/2026\/03\/AA1ZwGP0.png","type":"image\/png"}],"author":"furkankural","twitter_card":"summary_large_image","twitter_misc":{"Yazan:":"furkankural","Tahmini okuma s\u00fcresi":"4 dakika"},"schema":{"@context":"https:\/\/schema.org","@graph":[{"@type":"Article","@id":"https:\/\/tralleskop.com\/index.php\/2026\/03\/29\/heyecanlandiran-kesif-600-yillik-caminin-altindan-cikti\/#article","isPartOf":{"@id":"https:\/\/tralleskop.com\/index.php\/2026\/03\/29\/heyecanlandiran-kesif-600-yillik-caminin-altindan-cikti\/"},"author":{"name":"furkankural","@id":"https:\/\/tralleskop.com\/#\/schema\/person\/fc12bc0105f8c38d47c414977faf5aa1"},"headline":"Heyecanland\u0131ran ke\u015fif! 600 y\u0131ll\u0131k caminin alt\u0131ndan \u00e7\u0131kt\u0131","datePublished":"2026-03-29T12:35:01+00:00","dateModified":"2026-04-22T19:55:07+00:00","mainEntityOfPage":{"@id":"https:\/\/tralleskop.com\/index.php\/2026\/03\/29\/heyecanlandiran-kesif-600-yillik-caminin-altindan-cikti\/"},"wordCount":766,"commentCount":0,"publisher":{"@id":"https:\/\/tralleskop.com\/#organization"},"image":{"@id":"https:\/\/tralleskop.com\/index.php\/2026\/03\/29\/heyecanlandiran-kesif-600-yillik-caminin-altindan-cikti\/#primaryimage"},"thumbnailUrl":"https:\/\/tralleskop.com\/wp-content\/uploads\/2026\/03\/AA1ZwGP0.png","keywords":["ke\u015fif","tarih","tarihi eser","t\u00fcrkiye"],"articleSection":["Ozel Dosyalar"],"inLanguage":"tr","potentialAction":[{"@type":"CommentAction","name":"Comment","target":["https:\/\/tralleskop.com\/index.php\/2026\/03\/29\/heyecanlandiran-kesif-600-yillik-caminin-altindan-cikti\/#respond"]}]},{"@type":"WebPage","@id":"https:\/\/tralleskop.com\/index.php\/2026\/03\/29\/heyecanlandiran-kesif-600-yillik-caminin-altindan-cikti\/","url":"https:\/\/tralleskop.com\/index.php\/2026\/03\/29\/heyecanlandiran-kesif-600-yillik-caminin-altindan-cikti\/","name":"Heyecanland\u0131ran ke\u015fif! 600 y\u0131ll\u0131k caminin alt\u0131ndan \u00e7\u0131kt\u0131 - Tralleskop","isPartOf":{"@id":"https:\/\/tralleskop.com\/#website"},"primaryImageOfPage":{"@id":"https:\/\/tralleskop.com\/index.php\/2026\/03\/29\/heyecanlandiran-kesif-600-yillik-caminin-altindan-cikti\/#primaryimage"},"image":{"@id":"https:\/\/tralleskop.com\/index.php\/2026\/03\/29\/heyecanlandiran-kesif-600-yillik-caminin-altindan-cikti\/#primaryimage"},"thumbnailUrl":"https:\/\/tralleskop.com\/wp-content\/uploads\/2026\/03\/AA1ZwGP0.png","datePublished":"2026-03-29T12:35:01+00:00","dateModified":"2026-04-22T19:55:07+00:00","breadcrumb":{"@id":"https:\/\/tralleskop.com\/index.php\/2026\/03\/29\/heyecanlandiran-kesif-600-yillik-caminin-altindan-cikti\/#breadcrumb"},"inLanguage":"tr","potentialAction":[{"@type":"ReadAction","target":["https:\/\/tralleskop.com\/index.php\/2026\/03\/29\/heyecanlandiran-kesif-600-yillik-caminin-altindan-cikti\/"]}]},{"@type":"ImageObject","inLanguage":"tr","@id":"https:\/\/tralleskop.com\/index.php\/2026\/03\/29\/heyecanlandiran-kesif-600-yillik-caminin-altindan-cikti\/#primaryimage","url":"https:\/\/tralleskop.com\/wp-content\/uploads\/2026\/03\/AA1ZwGP0.png","contentUrl":"https:\/\/tralleskop.com\/wp-content\/uploads\/2026\/03\/AA1ZwGP0.png","width":640,"height":360},{"@type":"BreadcrumbList","@id":"https:\/\/tralleskop.com\/index.php\/2026\/03\/29\/heyecanlandiran-kesif-600-yillik-caminin-altindan-cikti\/#breadcrumb","itemListElement":[{"@type":"ListItem","position":1,"name":"Anasayfa","item":"https:\/\/tralleskop.com\/"},{"@type":"ListItem","position":2,"name":"Heyecanland\u0131ran ke\u015fif! 600 y\u0131ll\u0131k caminin alt\u0131ndan \u00e7\u0131kt\u0131"}]},{"@type":"WebSite","@id":"https:\/\/tralleskop.com\/#website","url":"https:\/\/tralleskop.com\/","name":"Tralleskop","description":"","publisher":{"@id":"https:\/\/tralleskop.com\/#organization"},"potentialAction":[{"@type":"SearchAction","target":{"@type":"EntryPoint","urlTemplate":"https:\/\/tralleskop.com\/?s={search_term_string}"},"query-input":{"@type":"PropertyValueSpecification","valueRequired":true,"valueName":"search_term_string"}}],"inLanguage":"tr"},{"@type":"Organization","@id":"https:\/\/tralleskop.com\/#organization","name":"Tralleskop","url":"https:\/\/tralleskop.com\/","logo":{"@type":"ImageObject","inLanguage":"tr","@id":"https:\/\/tralleskop.com\/#\/schema\/logo\/image\/","url":"https:\/\/tralleskop.com\/wp-content\/uploads\/2026\/03\/logo-1.png","contentUrl":"https:\/\/tralleskop.com\/wp-content\/uploads\/2026\/03\/logo-1.png","width":2048,"height":2048,"caption":"Tralleskop"},"image":{"@id":"https:\/\/tralleskop.com\/#\/schema\/logo\/image\/"},"sameAs":["https:\/\/instagram.com\/tralleskop"]},{"@type":"Person","@id":"https:\/\/tralleskop.com\/#\/schema\/person\/fc12bc0105f8c38d47c414977faf5aa1","name":"furkankural","image":{"@type":"ImageObject","inLanguage":"tr","@id":"https:\/\/secure.gravatar.com\/avatar\/b254b150a2c3c00063e72eb3ded536d7e5bd4008adc46ecd1ef3c8f0c02f310e?s=96&d=mm&r=g","url":"https:\/\/secure.gravatar.com\/avatar\/b254b150a2c3c00063e72eb3ded536d7e5bd4008adc46ecd1ef3c8f0c02f310e?s=96&d=mm&r=g","contentUrl":"https:\/\/secure.gravatar.com\/avatar\/b254b150a2c3c00063e72eb3ded536d7e5bd4008adc46ecd1ef3c8f0c02f310e?s=96&d=mm&r=g","caption":"furkankural"},"sameAs":["https:\/\/tralleskop.com"],"url":"https:\/\/tralleskop.com\/index.php\/author\/furkankural\/"}]}},"jetpack_featured_media_url":"https:\/\/tralleskop.com\/wp-content\/uploads\/2026\/03\/AA1ZwGP0.png","_links":{"self":[{"href":"https:\/\/tralleskop.com\/index.php\/wp-json\/wp\/v2\/posts\/39","targetHints":{"allow":["GET"]}}],"collection":[{"href":"https:\/\/tralleskop.com\/index.php\/wp-json\/wp\/v2\/posts"}],"about":[{"href":"https:\/\/tralleskop.com\/index.php\/wp-json\/wp\/v2\/types\/post"}],"author":[{"embeddable":true,"href":"https:\/\/tralleskop.com\/index.php\/wp-json\/wp\/v2\/users\/1"}],"replies":[{"embeddable":true,"href":"https:\/\/tralleskop.com\/index.php\/wp-json\/wp\/v2\/comments?post=39"}],"version-history":[{"count":1,"href":"https:\/\/tralleskop.com\/index.php\/wp-json\/wp\/v2\/posts\/39\/revisions"}],"predecessor-version":[{"id":44,"href":"https:\/\/tralleskop.com\/index.php\/wp-json\/wp\/v2\/posts\/39\/revisions\/44"}],"wp:featuredmedia":[{"embeddable":true,"href":"https:\/\/tralleskop.com\/index.php\/wp-json\/wp\/v2\/media\/40"}],"wp:attachment":[{"href":"https:\/\/tralleskop.com\/index.php\/wp-json\/wp\/v2\/media?parent=39"}],"wp:term":[{"taxonomy":"category","embeddable":true,"href":"https:\/\/tralleskop.com\/index.php\/wp-json\/wp\/v2\/categories?post=39"},{"taxonomy":"post_tag","embeddable":true,"href":"https:\/\/tralleskop.com\/index.php\/wp-json\/wp\/v2\/tags?post=39"}],"curies":[{"name":"wp","href":"https:\/\/api.w.org\/{rel}","templated":true}]}}