{"id":367,"date":"2026-04-22T22:14:30","date_gmt":"2026-04-22T19:14:30","guid":{"rendered":"http:\/\/localhost\/wordpress\/index.php\/2026\/04\/22\/aydinin-efelerinden-sporda-buyuk-basari-bolgesel-ligde-sampiyonluk-geldi-6\/"},"modified":"2026-04-22T22:24:25","modified_gmt":"2026-04-22T19:24:25","slug":"aydinin-efelerinden-sporda-buyuk-basari-bolgesel-ligde-sampiyonluk-geldi-6","status":"publish","type":"post","link":"https:\/\/tralleskop.com\/index.php\/2026\/04\/22\/aydinin-efelerinden-sporda-buyuk-basari-bolgesel-ligde-sampiyonluk-geldi-6\/","title":{"rendered":"Ayd\u0131n\u2019\u0131n Efeleri\u2019nden Sporda B\u00fcy\u00fck Ba\u015far\u0131: B\u00f6lgesel Ligde \u015eampiyonluk Geldi"},"content":{"rendered":"<p>Ayd\u0131n yerel spor camias\u0131 b\u00fcy\u00fck bir sevin\u00e7 ya\u015f\u0131yor. Efeler Spor Kul\u00fcb\u00fc, hafta sonu oynanan kritik deplasman ma\u00e7\u0131ndan galibiyetle d\u00f6nerek \u015fampiyonlu\u011funu ilan etti. Kent meydan\u0131nda toplanan binlerce Ayd\u0131nl\u0131, tak\u0131mlar\u0131n\u0131n ba\u015far\u0131s\u0131n\u0131 me\u015faleler ve mar\u015flarla kutlad\u0131. Belediye Ba\u015fkan\u0131, sporcular\u0131 makam\u0131nda kabul ederek \u00f6d\u00fcllendirece\u011fini duyurdu. Bu ba\u015far\u0131 Ayd\u0131n spor tarihi i\u00e7in bir milat niteli\u011fi ta\u015f\u0131yor.<\/p>\n","protected":false},"excerpt":{"rendered":"<p>Ayd\u0131n yerel spor camias\u0131 b\u00fcy\u00fck bir sevin\u00e7 ya\u015f\u0131yor. Efeler Spor Kul\u00fcb\u00fc, hafta sonu oynanan kritik deplasman ma\u00e7\u0131ndan galibiyetle d\u00f6nerek \u015fampiyonlu\u011funu ilan etti. Kent meydan\u0131nda toplanan binlerce Ayd\u0131nl\u0131, tak\u0131mlar\u0131n\u0131n ba\u015far\u0131s\u0131n\u0131 me\u015faleler ve mar\u015flarla kutlad\u0131. Belediye Ba\u015fkan\u0131, sporcular\u0131 makam\u0131nda kabul ederek \u00f6d\u00fcllendirece\u011fini duyurdu. Bu ba\u015far\u0131 Ayd\u0131n spor tarihi i\u00e7in bir milat niteli\u011fi ta\u015f\u0131yor.<\/p>\n","protected":false},"author":1,"featured_media":371,"comment_status":"open","ping_status":"open","sticky":false,"template":"","format":"standard","meta":{"_coblocks_attr":"","_coblocks_dimensions":"","_coblocks_responsive_height":"","_coblocks_accordion_ie_support":"","_ai_summary":"Ayd\u0131n g\u00fcndeminden \u00f6nemli geli\u015fmeler.","_external_image_url":"https:\/\/images.unsplash.com\/photo-1574629810360-7efbbe195018?auto=format&fit=crop&q=80&w=1000","footnotes":""},"categories":[1,46,20],"tags":[],"class_list":["post-367","post","type-post","status-publish","format-standard","has-post-thumbnail","hentry","category-arsiv","category-aydin","category-spor"],"yoast_head":"<!-- This site is optimized with the Yoast SEO plugin v27.5 - https:\/\/yoast.com\/product\/yoast-seo-wordpress\/ -->\n<title>Ayd\u0131n\u2019\u0131n Efeleri\u2019nden Sporda B\u00fcy\u00fck Ba\u015far\u0131: B\u00f6lgesel Ligde \u015eampiyonluk Geldi - Tralleskop<\/title>\n<meta name=\"robots\" content=\"index, follow, max-snippet:-1, max-image-preview:large, max-video-preview:-1\" \/>\n<link rel=\"canonical\" href=\"https:\/\/tralleskop.com\/index.php\/2026\/04\/22\/aydinin-efelerinden-sporda-buyuk-basari-bolgesel-ligde-sampiyonluk-geldi-6\/\" \/>\n<meta property=\"og:locale\" content=\"tr_TR\" \/>\n<meta property=\"og:type\" content=\"article\" \/>\n<meta property=\"og:title\" content=\"Ayd\u0131n\u2019\u0131n Efeleri\u2019nden Sporda B\u00fcy\u00fck Ba\u015far\u0131: B\u00f6lgesel Ligde \u015eampiyonluk Geldi - Tralleskop\" \/>\n<meta property=\"og:description\" content=\"Ayd\u0131n yerel spor camias\u0131 b\u00fcy\u00fck bir sevin\u00e7 ya\u015f\u0131yor. Efeler Spor Kul\u00fcb\u00fc, hafta sonu oynanan kritik deplasman ma\u00e7\u0131ndan galibiyetle d\u00f6nerek \u015fampiyonlu\u011funu ilan etti. Kent meydan\u0131nda toplanan binlerce Ayd\u0131nl\u0131, tak\u0131mlar\u0131n\u0131n ba\u015far\u0131s\u0131n\u0131 me\u015faleler ve mar\u015flarla kutlad\u0131. Belediye Ba\u015fkan\u0131, sporcular\u0131 makam\u0131nda kabul ederek \u00f6d\u00fcllendirece\u011fini duyurdu. Bu ba\u015far\u0131 Ayd\u0131n spor tarihi i\u00e7in bir milat niteli\u011fi ta\u015f\u0131yor.\" \/>\n<meta property=\"og:url\" content=\"https:\/\/tralleskop.com\/index.php\/2026\/04\/22\/aydinin-efelerinden-sporda-buyuk-basari-bolgesel-ligde-sampiyonluk-geldi-6\/\" \/>\n<meta property=\"og:site_name\" content=\"Tralleskop\" \/>\n<meta property=\"article:published_time\" content=\"2026-04-22T19:14:30+00:00\" \/>\n<meta property=\"article:modified_time\" content=\"2026-04-22T19:24:25+00:00\" \/>\n<meta property=\"og:image\" content=\"https:\/\/tralleskop.com\/wp-content\/uploads\/2026\/04\/photo-1574629810360-7efbbe195018autoformatfitcropq80w1000.jpg\" \/>\n\t<meta property=\"og:image:width\" content=\"1000\" \/>\n\t<meta property=\"og:image:height\" content=\"584\" \/>\n\t<meta property=\"og:image:type\" content=\"image\/jpeg\" \/>\n<meta name=\"author\" content=\"furkankural\" \/>\n<meta name=\"twitter:card\" content=\"summary_large_image\" \/>\n<meta name=\"twitter:label1\" content=\"Yazan:\" \/>\n\t<meta name=\"twitter:data1\" content=\"furkankural\" \/>\n<script type=\"application\/ld+json\" class=\"yoast-schema-graph\">{\"@context\":\"https:\\\/\\\/schema.org\",\"@graph\":[{\"@type\":\"Article\",\"@id\":\"https:\\\/\\\/tralleskop.com\\\/index.php\\\/2026\\\/04\\\/22\\\/aydinin-efelerinden-sporda-buyuk-basari-bolgesel-ligde-sampiyonluk-geldi-6\\\/#article\",\"isPartOf\":{\"@id\":\"https:\\\/\\\/tralleskop.com\\\/index.php\\\/2026\\\/04\\\/22\\\/aydinin-efelerinden-sporda-buyuk-basari-bolgesel-ligde-sampiyonluk-geldi-6\\\/\"},\"author\":{\"name\":\"furkankural\",\"@id\":\"https:\\\/\\\/tralleskop.com\\\/#\\\/schema\\\/person\\\/fc12bc0105f8c38d47c414977faf5aa1\"},\"headline\":\"Ayd\u0131n\u2019\u0131n Efeleri\u2019nden Sporda B\u00fcy\u00fck Ba\u015far\u0131: B\u00f6lgesel Ligde \u015eampiyonluk Geldi\",\"datePublished\":\"2026-04-22T19:14:30+00:00\",\"dateModified\":\"2026-04-22T19:24:25+00:00\",\"mainEntityOfPage\":{\"@id\":\"https:\\\/\\\/tralleskop.com\\\/index.php\\\/2026\\\/04\\\/22\\\/aydinin-efelerinden-sporda-buyuk-basari-bolgesel-ligde-sampiyonluk-geldi-6\\\/\"},\"wordCount\":94,\"commentCount\":0,\"publisher\":{\"@id\":\"https:\\\/\\\/tralleskop.com\\\/#organization\"},\"image\":{\"@id\":\"https:\\\/\\\/tralleskop.com\\\/index.php\\\/2026\\\/04\\\/22\\\/aydinin-efelerinden-sporda-buyuk-basari-bolgesel-ligde-sampiyonluk-geldi-6\\\/#primaryimage\"},\"thumbnailUrl\":\"https:\\\/\\\/tralleskop.com\\\/wp-content\\\/uploads\\\/2026\\\/04\\\/photo-1574629810360-7efbbe195018autoformatfitcropq80w1000.jpg\",\"articleSection\":[\"Ar\u015fiv\",\"Ayd\u0131n\",\"Spor\"],\"inLanguage\":\"tr\",\"potentialAction\":[{\"@type\":\"CommentAction\",\"name\":\"Comment\",\"target\":[\"https:\\\/\\\/tralleskop.com\\\/index.php\\\/2026\\\/04\\\/22\\\/aydinin-efelerinden-sporda-buyuk-basari-bolgesel-ligde-sampiyonluk-geldi-6\\\/#respond\"]}]},{\"@type\":\"WebPage\",\"@id\":\"https:\\\/\\\/tralleskop.com\\\/index.php\\\/2026\\\/04\\\/22\\\/aydinin-efelerinden-sporda-buyuk-basari-bolgesel-ligde-sampiyonluk-geldi-6\\\/\",\"url\":\"https:\\\/\\\/tralleskop.com\\\/index.php\\\/2026\\\/04\\\/22\\\/aydinin-efelerinden-sporda-buyuk-basari-bolgesel-ligde-sampiyonluk-geldi-6\\\/\",\"name\":\"Ayd\u0131n\u2019\u0131n Efeleri\u2019nden Sporda B\u00fcy\u00fck Ba\u015far\u0131: B\u00f6lgesel Ligde \u015eampiyonluk Geldi - Tralleskop\",\"isPartOf\":{\"@id\":\"https:\\\/\\\/tralleskop.com\\\/#website\"},\"primaryImageOfPage\":{\"@id\":\"https:\\\/\\\/tralleskop.com\\\/index.php\\\/2026\\\/04\\\/22\\\/aydinin-efelerinden-sporda-buyuk-basari-bolgesel-ligde-sampiyonluk-geldi-6\\\/#primaryimage\"},\"image\":{\"@id\":\"https:\\\/\\\/tralleskop.com\\\/index.php\\\/2026\\\/04\\\/22\\\/aydinin-efelerinden-sporda-buyuk-basari-bolgesel-ligde-sampiyonluk-geldi-6\\\/#primaryimage\"},\"thumbnailUrl\":\"https:\\\/\\\/tralleskop.com\\\/wp-content\\\/uploads\\\/2026\\\/04\\\/photo-1574629810360-7efbbe195018autoformatfitcropq80w1000.jpg\",\"datePublished\":\"2026-04-22T19:14:30+00:00\",\"dateModified\":\"2026-04-22T19:24:25+00:00\",\"breadcrumb\":{\"@id\":\"https:\\\/\\\/tralleskop.com\\\/index.php\\\/2026\\\/04\\\/22\\\/aydinin-efelerinden-sporda-buyuk-basari-bolgesel-ligde-sampiyonluk-geldi-6\\\/#breadcrumb\"},\"inLanguage\":\"tr\",\"potentialAction\":[{\"@type\":\"ReadAction\",\"target\":[\"https:\\\/\\\/tralleskop.com\\\/index.php\\\/2026\\\/04\\\/22\\\/aydinin-efelerinden-sporda-buyuk-basari-bolgesel-ligde-sampiyonluk-geldi-6\\\/\"]}]},{\"@type\":\"ImageObject\",\"inLanguage\":\"tr\",\"@id\":\"https:\\\/\\\/tralleskop.com\\\/index.php\\\/2026\\\/04\\\/22\\\/aydinin-efelerinden-sporda-buyuk-basari-bolgesel-ligde-sampiyonluk-geldi-6\\\/#primaryimage\",\"url\":\"https:\\\/\\\/tralleskop.com\\\/wp-content\\\/uploads\\\/2026\\\/04\\\/photo-1574629810360-7efbbe195018autoformatfitcropq80w1000.jpg\",\"contentUrl\":\"https:\\\/\\\/tralleskop.com\\\/wp-content\\\/uploads\\\/2026\\\/04\\\/photo-1574629810360-7efbbe195018autoformatfitcropq80w1000.jpg\",\"width\":1000,\"height\":584},{\"@type\":\"BreadcrumbList\",\"@id\":\"https:\\\/\\\/tralleskop.com\\\/index.php\\\/2026\\\/04\\\/22\\\/aydinin-efelerinden-sporda-buyuk-basari-bolgesel-ligde-sampiyonluk-geldi-6\\\/#breadcrumb\",\"itemListElement\":[{\"@type\":\"ListItem\",\"position\":1,\"name\":\"Anasayfa\",\"item\":\"https:\\\/\\\/tralleskop.com\\\/\"},{\"@type\":\"ListItem\",\"position\":2,\"name\":\"Ayd\u0131n\u2019\u0131n Efeleri\u2019nden Sporda B\u00fcy\u00fck Ba\u015far\u0131: B\u00f6lgesel Ligde \u015eampiyonluk Geldi\"}]},{\"@type\":\"WebSite\",\"@id\":\"https:\\\/\\\/tralleskop.com\\\/#website\",\"url\":\"https:\\\/\\\/tralleskop.com\\\/\",\"name\":\"Tralleskop\",\"description\":\"\",\"publisher\":{\"@id\":\"https:\\\/\\\/tralleskop.com\\\/#organization\"},\"potentialAction\":[{\"@type\":\"SearchAction\",\"target\":{\"@type\":\"EntryPoint\",\"urlTemplate\":\"https:\\\/\\\/tralleskop.com\\\/?s={search_term_string}\"},\"query-input\":{\"@type\":\"PropertyValueSpecification\",\"valueRequired\":true,\"valueName\":\"search_term_string\"}}],\"inLanguage\":\"tr\"},{\"@type\":\"Organization\",\"@id\":\"https:\\\/\\\/tralleskop.com\\\/#organization\",\"name\":\"Tralleskop\",\"url\":\"https:\\\/\\\/tralleskop.com\\\/\",\"logo\":{\"@type\":\"ImageObject\",\"inLanguage\":\"tr\",\"@id\":\"https:\\\/\\\/tralleskop.com\\\/#\\\/schema\\\/logo\\\/image\\\/\",\"url\":\"https:\\\/\\\/tralleskop.com\\\/wp-content\\\/uploads\\\/2026\\\/03\\\/logo-1.png\",\"contentUrl\":\"https:\\\/\\\/tralleskop.com\\\/wp-content\\\/uploads\\\/2026\\\/03\\\/logo-1.png\",\"width\":2048,\"height\":2048,\"caption\":\"Tralleskop\"},\"image\":{\"@id\":\"https:\\\/\\\/tralleskop.com\\\/#\\\/schema\\\/logo\\\/image\\\/\"},\"sameAs\":[\"https:\\\/\\\/instagram.com\\\/tralleskop\"]},{\"@type\":\"Person\",\"@id\":\"https:\\\/\\\/tralleskop.com\\\/#\\\/schema\\\/person\\\/fc12bc0105f8c38d47c414977faf5aa1\",\"name\":\"furkankural\",\"image\":{\"@type\":\"ImageObject\",\"inLanguage\":\"tr\",\"@id\":\"https:\\\/\\\/secure.gravatar.com\\\/avatar\\\/b254b150a2c3c00063e72eb3ded536d7e5bd4008adc46ecd1ef3c8f0c02f310e?s=96&d=mm&r=g\",\"url\":\"https:\\\/\\\/secure.gravatar.com\\\/avatar\\\/b254b150a2c3c00063e72eb3ded536d7e5bd4008adc46ecd1ef3c8f0c02f310e?s=96&d=mm&r=g\",\"contentUrl\":\"https:\\\/\\\/secure.gravatar.com\\\/avatar\\\/b254b150a2c3c00063e72eb3ded536d7e5bd4008adc46ecd1ef3c8f0c02f310e?s=96&d=mm&r=g\",\"caption\":\"furkankural\"},\"sameAs\":[\"https:\\\/\\\/tralleskop.com\"],\"url\":\"https:\\\/\\\/tralleskop.com\\\/index.php\\\/author\\\/furkankural\\\/\"}]}<\/script>\n<!-- \/ Yoast SEO plugin. -->","yoast_head_json":{"title":"Ayd\u0131n\u2019\u0131n Efeleri\u2019nden Sporda B\u00fcy\u00fck Ba\u015far\u0131: B\u00f6lgesel Ligde \u015eampiyonluk Geldi - Tralleskop","robots":{"index":"index","follow":"follow","max-snippet":"max-snippet:-1","max-image-preview":"max-image-preview:large","max-video-preview":"max-video-preview:-1"},"canonical":"https:\/\/tralleskop.com\/index.php\/2026\/04\/22\/aydinin-efelerinden-sporda-buyuk-basari-bolgesel-ligde-sampiyonluk-geldi-6\/","og_locale":"tr_TR","og_type":"article","og_title":"Ayd\u0131n\u2019\u0131n Efeleri\u2019nden Sporda B\u00fcy\u00fck Ba\u015far\u0131: B\u00f6lgesel Ligde \u015eampiyonluk Geldi - Tralleskop","og_description":"Ayd\u0131n yerel spor camias\u0131 b\u00fcy\u00fck bir sevin\u00e7 ya\u015f\u0131yor. Efeler Spor Kul\u00fcb\u00fc, hafta sonu oynanan kritik deplasman ma\u00e7\u0131ndan galibiyetle d\u00f6nerek \u015fampiyonlu\u011funu ilan etti. Kent meydan\u0131nda toplanan binlerce Ayd\u0131nl\u0131, tak\u0131mlar\u0131n\u0131n ba\u015far\u0131s\u0131n\u0131 me\u015faleler ve mar\u015flarla kutlad\u0131. Belediye Ba\u015fkan\u0131, sporcular\u0131 makam\u0131nda kabul ederek \u00f6d\u00fcllendirece\u011fini duyurdu. Bu ba\u015far\u0131 Ayd\u0131n spor tarihi i\u00e7in bir milat niteli\u011fi ta\u015f\u0131yor.","og_url":"https:\/\/tralleskop.com\/index.php\/2026\/04\/22\/aydinin-efelerinden-sporda-buyuk-basari-bolgesel-ligde-sampiyonluk-geldi-6\/","og_site_name":"Tralleskop","article_published_time":"2026-04-22T19:14:30+00:00","article_modified_time":"2026-04-22T19:24:25+00:00","og_image":[{"width":1000,"height":584,"url":"https:\/\/tralleskop.com\/wp-content\/uploads\/2026\/04\/photo-1574629810360-7efbbe195018autoformatfitcropq80w1000.jpg","type":"image\/jpeg"}],"author":"furkankural","twitter_card":"summary_large_image","twitter_misc":{"Yazan:":"furkankural"},"schema":{"@context":"https:\/\/schema.org","@graph":[{"@type":"Article","@id":"https:\/\/tralleskop.com\/index.php\/2026\/04\/22\/aydinin-efelerinden-sporda-buyuk-basari-bolgesel-ligde-sampiyonluk-geldi-6\/#article","isPartOf":{"@id":"https:\/\/tralleskop.com\/index.php\/2026\/04\/22\/aydinin-efelerinden-sporda-buyuk-basari-bolgesel-ligde-sampiyonluk-geldi-6\/"},"author":{"name":"furkankural","@id":"https:\/\/tralleskop.com\/#\/schema\/person\/fc12bc0105f8c38d47c414977faf5aa1"},"headline":"Ayd\u0131n\u2019\u0131n Efeleri\u2019nden Sporda B\u00fcy\u00fck Ba\u015far\u0131: B\u00f6lgesel Ligde \u015eampiyonluk Geldi","datePublished":"2026-04-22T19:14:30+00:00","dateModified":"2026-04-22T19:24:25+00:00","mainEntityOfPage":{"@id":"https:\/\/tralleskop.com\/index.php\/2026\/04\/22\/aydinin-efelerinden-sporda-buyuk-basari-bolgesel-ligde-sampiyonluk-geldi-6\/"},"wordCount":94,"commentCount":0,"publisher":{"@id":"https:\/\/tralleskop.com\/#organization"},"image":{"@id":"https:\/\/tralleskop.com\/index.php\/2026\/04\/22\/aydinin-efelerinden-sporda-buyuk-basari-bolgesel-ligde-sampiyonluk-geldi-6\/#primaryimage"},"thumbnailUrl":"https:\/\/tralleskop.com\/wp-content\/uploads\/2026\/04\/photo-1574629810360-7efbbe195018autoformatfitcropq80w1000.jpg","articleSection":["Ar\u015fiv","Ayd\u0131n","Spor"],"inLanguage":"tr","potentialAction":[{"@type":"CommentAction","name":"Comment","target":["https:\/\/tralleskop.com\/index.php\/2026\/04\/22\/aydinin-efelerinden-sporda-buyuk-basari-bolgesel-ligde-sampiyonluk-geldi-6\/#respond"]}]},{"@type":"WebPage","@id":"https:\/\/tralleskop.com\/index.php\/2026\/04\/22\/aydinin-efelerinden-sporda-buyuk-basari-bolgesel-ligde-sampiyonluk-geldi-6\/","url":"https:\/\/tralleskop.com\/index.php\/2026\/04\/22\/aydinin-efelerinden-sporda-buyuk-basari-bolgesel-ligde-sampiyonluk-geldi-6\/","name":"Ayd\u0131n\u2019\u0131n Efeleri\u2019nden Sporda B\u00fcy\u00fck Ba\u015far\u0131: B\u00f6lgesel Ligde \u015eampiyonluk Geldi - Tralleskop","isPartOf":{"@id":"https:\/\/tralleskop.com\/#website"},"primaryImageOfPage":{"@id":"https:\/\/tralleskop.com\/index.php\/2026\/04\/22\/aydinin-efelerinden-sporda-buyuk-basari-bolgesel-ligde-sampiyonluk-geldi-6\/#primaryimage"},"image":{"@id":"https:\/\/tralleskop.com\/index.php\/2026\/04\/22\/aydinin-efelerinden-sporda-buyuk-basari-bolgesel-ligde-sampiyonluk-geldi-6\/#primaryimage"},"thumbnailUrl":"https:\/\/tralleskop.com\/wp-content\/uploads\/2026\/04\/photo-1574629810360-7efbbe195018autoformatfitcropq80w1000.jpg","datePublished":"2026-04-22T19:14:30+00:00","dateModified":"2026-04-22T19:24:25+00:00","breadcrumb":{"@id":"https:\/\/tralleskop.com\/index.php\/2026\/04\/22\/aydinin-efelerinden-sporda-buyuk-basari-bolgesel-ligde-sampiyonluk-geldi-6\/#breadcrumb"},"inLanguage":"tr","potentialAction":[{"@type":"ReadAction","target":["https:\/\/tralleskop.com\/index.php\/2026\/04\/22\/aydinin-efelerinden-sporda-buyuk-basari-bolgesel-ligde-sampiyonluk-geldi-6\/"]}]},{"@type":"ImageObject","inLanguage":"tr","@id":"https:\/\/tralleskop.com\/index.php\/2026\/04\/22\/aydinin-efelerinden-sporda-buyuk-basari-bolgesel-ligde-sampiyonluk-geldi-6\/#primaryimage","url":"https:\/\/tralleskop.com\/wp-content\/uploads\/2026\/04\/photo-1574629810360-7efbbe195018autoformatfitcropq80w1000.jpg","contentUrl":"https:\/\/tralleskop.com\/wp-content\/uploads\/2026\/04\/photo-1574629810360-7efbbe195018autoformatfitcropq80w1000.jpg","width":1000,"height":584},{"@type":"BreadcrumbList","@id":"https:\/\/tralleskop.com\/index.php\/2026\/04\/22\/aydinin-efelerinden-sporda-buyuk-basari-bolgesel-ligde-sampiyonluk-geldi-6\/#breadcrumb","itemListElement":[{"@type":"ListItem","position":1,"name":"Anasayfa","item":"https:\/\/tralleskop.com\/"},{"@type":"ListItem","position":2,"name":"Ayd\u0131n\u2019\u0131n Efeleri\u2019nden Sporda B\u00fcy\u00fck Ba\u015far\u0131: B\u00f6lgesel Ligde \u015eampiyonluk Geldi"}]},{"@type":"WebSite","@id":"https:\/\/tralleskop.com\/#website","url":"https:\/\/tralleskop.com\/","name":"Tralleskop","description":"","publisher":{"@id":"https:\/\/tralleskop.com\/#organization"},"potentialAction":[{"@type":"SearchAction","target":{"@type":"EntryPoint","urlTemplate":"https:\/\/tralleskop.com\/?s={search_term_string}"},"query-input":{"@type":"PropertyValueSpecification","valueRequired":true,"valueName":"search_term_string"}}],"inLanguage":"tr"},{"@type":"Organization","@id":"https:\/\/tralleskop.com\/#organization","name":"Tralleskop","url":"https:\/\/tralleskop.com\/","logo":{"@type":"ImageObject","inLanguage":"tr","@id":"https:\/\/tralleskop.com\/#\/schema\/logo\/image\/","url":"https:\/\/tralleskop.com\/wp-content\/uploads\/2026\/03\/logo-1.png","contentUrl":"https:\/\/tralleskop.com\/wp-content\/uploads\/2026\/03\/logo-1.png","width":2048,"height":2048,"caption":"Tralleskop"},"image":{"@id":"https:\/\/tralleskop.com\/#\/schema\/logo\/image\/"},"sameAs":["https:\/\/instagram.com\/tralleskop"]},{"@type":"Person","@id":"https:\/\/tralleskop.com\/#\/schema\/person\/fc12bc0105f8c38d47c414977faf5aa1","name":"furkankural","image":{"@type":"ImageObject","inLanguage":"tr","@id":"https:\/\/secure.gravatar.com\/avatar\/b254b150a2c3c00063e72eb3ded536d7e5bd4008adc46ecd1ef3c8f0c02f310e?s=96&d=mm&r=g","url":"https:\/\/secure.gravatar.com\/avatar\/b254b150a2c3c00063e72eb3ded536d7e5bd4008adc46ecd1ef3c8f0c02f310e?s=96&d=mm&r=g","contentUrl":"https:\/\/secure.gravatar.com\/avatar\/b254b150a2c3c00063e72eb3ded536d7e5bd4008adc46ecd1ef3c8f0c02f310e?s=96&d=mm&r=g","caption":"furkankural"},"sameAs":["https:\/\/tralleskop.com"],"url":"https:\/\/tralleskop.com\/index.php\/author\/furkankural\/"}]}},"jetpack_featured_media_url":"https:\/\/tralleskop.com\/wp-content\/uploads\/2026\/04\/photo-1574629810360-7efbbe195018autoformatfitcropq80w1000.jpg","_links":{"self":[{"href":"https:\/\/tralleskop.com\/index.php\/wp-json\/wp\/v2\/posts\/367","targetHints":{"allow":["GET"]}}],"collection":[{"href":"https:\/\/tralleskop.com\/index.php\/wp-json\/wp\/v2\/posts"}],"about":[{"href":"https:\/\/tralleskop.com\/index.php\/wp-json\/wp\/v2\/types\/post"}],"author":[{"embeddable":true,"href":"https:\/\/tralleskop.com\/index.php\/wp-json\/wp\/v2\/users\/1"}],"replies":[{"embeddable":true,"href":"https:\/\/tralleskop.com\/index.php\/wp-json\/wp\/v2\/comments?post=367"}],"version-history":[{"count":1,"href":"https:\/\/tralleskop.com\/index.php\/wp-json\/wp\/v2\/posts\/367\/revisions"}],"predecessor-version":[{"id":368,"href":"https:\/\/tralleskop.com\/index.php\/wp-json\/wp\/v2\/posts\/367\/revisions\/368"}],"wp:featuredmedia":[{"embeddable":true,"href":"https:\/\/tralleskop.com\/index.php\/wp-json\/wp\/v2\/media\/371"}],"wp:attachment":[{"href":"https:\/\/tralleskop.com\/index.php\/wp-json\/wp\/v2\/media?parent=367"}],"wp:term":[{"taxonomy":"category","embeddable":true,"href":"https:\/\/tralleskop.com\/index.php\/wp-json\/wp\/v2\/categories?post=367"},{"taxonomy":"post_tag","embeddable":true,"href":"https:\/\/tralleskop.com\/index.php\/wp-json\/wp\/v2\/tags?post=367"}],"curies":[{"name":"wp","href":"https:\/\/api.w.org\/{rel}","templated":true}]}}