{"id":366,"date":"2026-04-22T22:14:28","date_gmt":"2026-04-22T19:14:28","guid":{"rendered":"http:\/\/localhost\/wordpress\/index.php\/2026\/04\/22\/tralles-antik-kentinde-tarihi-gun-yeni-sutunlar-gun-yuzune-cikti-5\/"},"modified":"2026-04-22T22:26:35","modified_gmt":"2026-04-22T19:26:35","slug":"tralles-antik-kentinde-tarihi-gun-yeni-sutunlar-gun-yuzune-cikti-5","status":"publish","type":"post","link":"https:\/\/tralleskop.com\/index.php\/2026\/04\/22\/tralles-antik-kentinde-tarihi-gun-yeni-sutunlar-gun-yuzune-cikti-5\/","title":{"rendered":"Tralles Antik Kenti\u2019nde Tarihi G\u00fcn: Yeni S\u00fctunlar G\u00fcn Y\u00fcz\u00fcne \u00c7\u0131kt\u0131"},"content":{"rendered":"<p>Ayd\u0131n\u2019\u0131n kalbinde yer alan Tralles Antik Kenti\u2019nde y\u00fcr\u00fct\u00fclen kaz\u0131 \u00e7al\u0131\u015fmalar\u0131nda, Roma d\u00f6nemine ait oldu\u011fu d\u00fc\u015f\u00fcn\u00fclen ve m\u00fckemmel \u015fekilde korunmu\u015f 3 yeni s\u00fctun ba\u015fl\u0131\u011f\u0131 bulundu. Kaz\u0131 ba\u015fkan\u0131, bu bulu\u015fun antik kentin ticari merkezi hakk\u0131nda \u00e7ok \u00f6nemli ipu\u00e7lar\u0131 verdi\u011fini a\u00e7\u0131klad\u0131. Ayd\u0131n halk\u0131, kentin simgesi \u00dc\u00e7 G\u00f6zler\u2019in \u00e7evresindeki bu geli\u015fmeyi heyecanla takip ediyor. Kaz\u0131 alan\u0131n\u0131n turizme kazand\u0131r\u0131lmas\u0131 i\u00e7in \u00e7al\u0131\u015fmalar h\u0131zland\u0131.<\/p>\n","protected":false},"excerpt":{"rendered":"<p>Ayd\u0131n\u2019\u0131n kalbinde yer alan Tralles Antik Kenti\u2019nde y\u00fcr\u00fct\u00fclen kaz\u0131 \u00e7al\u0131\u015fmalar\u0131nda, Roma d\u00f6nemine ait oldu\u011fu d\u00fc\u015f\u00fcn\u00fclen ve m\u00fckemmel \u015fekilde korunmu\u015f 3 yeni s\u00fctun ba\u015fl\u0131\u011f\u0131 bulundu. Kaz\u0131 ba\u015fkan\u0131, bu bulu\u015fun antik kentin ticari merkezi hakk\u0131nda \u00e7ok \u00f6nemli ipu\u00e7lar\u0131 verdi\u011fini a\u00e7\u0131klad\u0131. Ayd\u0131n halk\u0131, kentin simgesi \u00dc\u00e7 G\u00f6zler\u2019in \u00e7evresindeki bu geli\u015fmeyi heyecanla takip ediyor. Kaz\u0131 alan\u0131n\u0131n turizme kazand\u0131r\u0131lmas\u0131 i\u00e7in [&hellip;]<\/p>\n","protected":false},"author":1,"featured_media":378,"comment_status":"open","ping_status":"open","sticky":false,"template":"","format":"standard","meta":{"_coblocks_attr":"","_coblocks_dimensions":"","_coblocks_responsive_height":"","_coblocks_accordion_ie_support":"","_ai_summary":"Ayd\u0131n g\u00fcndeminden \u00f6nemli geli\u015fmeler.","_external_image_url":"https:\/\/sesgazetesicomtr.teimg.com\/crop\/1280x720\/sesgazetesi-com-tr\/uploads\/2025\/01\/tralleis-antik-kenti-agustosta-ziyaretcilere-aciliyor-533302-c11fe28b4fae47461f20562f30173c09.jpg","footnotes":""},"categories":[1,46,22],"tags":[],"class_list":["post-366","post","type-post","status-publish","format-standard","has-post-thumbnail","hentry","category-arsiv","category-aydin","category-gundem"],"yoast_head":"<!-- This site is optimized with the Yoast SEO plugin v27.5 - https:\/\/yoast.com\/product\/yoast-seo-wordpress\/ -->\n<title>Tralles Antik Kenti\u2019nde Tarihi G\u00fcn: Yeni S\u00fctunlar G\u00fcn Y\u00fcz\u00fcne \u00c7\u0131kt\u0131 - Tralleskop<\/title>\n<meta name=\"robots\" content=\"index, follow, max-snippet:-1, max-image-preview:large, max-video-preview:-1\" \/>\n<link rel=\"canonical\" href=\"https:\/\/tralleskop.com\/index.php\/2026\/04\/22\/tralles-antik-kentinde-tarihi-gun-yeni-sutunlar-gun-yuzune-cikti-5\/\" \/>\n<meta property=\"og:locale\" content=\"tr_TR\" \/>\n<meta property=\"og:type\" content=\"article\" \/>\n<meta property=\"og:title\" content=\"Tralles Antik Kenti\u2019nde Tarihi G\u00fcn: Yeni S\u00fctunlar G\u00fcn Y\u00fcz\u00fcne \u00c7\u0131kt\u0131 - Tralleskop\" \/>\n<meta property=\"og:description\" content=\"Ayd\u0131n\u2019\u0131n kalbinde yer alan Tralles Antik Kenti\u2019nde y\u00fcr\u00fct\u00fclen kaz\u0131 \u00e7al\u0131\u015fmalar\u0131nda, Roma d\u00f6nemine ait oldu\u011fu d\u00fc\u015f\u00fcn\u00fclen ve m\u00fckemmel \u015fekilde korunmu\u015f 3 yeni s\u00fctun ba\u015fl\u0131\u011f\u0131 bulundu. Kaz\u0131 ba\u015fkan\u0131, bu bulu\u015fun antik kentin ticari merkezi hakk\u0131nda \u00e7ok \u00f6nemli ipu\u00e7lar\u0131 verdi\u011fini a\u00e7\u0131klad\u0131. Ayd\u0131n halk\u0131, kentin simgesi \u00dc\u00e7 G\u00f6zler\u2019in \u00e7evresindeki bu geli\u015fmeyi heyecanla takip ediyor. Kaz\u0131 alan\u0131n\u0131n turizme kazand\u0131r\u0131lmas\u0131 i\u00e7in [&hellip;]\" \/>\n<meta property=\"og:url\" content=\"https:\/\/tralleskop.com\/index.php\/2026\/04\/22\/tralles-antik-kentinde-tarihi-gun-yeni-sutunlar-gun-yuzune-cikti-5\/\" \/>\n<meta property=\"og:site_name\" content=\"Tralleskop\" \/>\n<meta property=\"article:published_time\" content=\"2026-04-22T19:14:28+00:00\" \/>\n<meta property=\"article:modified_time\" content=\"2026-04-22T19:26:35+00:00\" \/>\n<meta name=\"author\" content=\"furkankural\" \/>\n<meta name=\"twitter:card\" content=\"summary_large_image\" \/>\n<meta name=\"twitter:label1\" content=\"Yazan:\" \/>\n\t<meta name=\"twitter:data1\" content=\"furkankural\" \/>\n<script type=\"application\/ld+json\" class=\"yoast-schema-graph\">{\"@context\":\"https:\\\/\\\/schema.org\",\"@graph\":[{\"@type\":\"Article\",\"@id\":\"https:\\\/\\\/tralleskop.com\\\/index.php\\\/2026\\\/04\\\/22\\\/tralles-antik-kentinde-tarihi-gun-yeni-sutunlar-gun-yuzune-cikti-5\\\/#article\",\"isPartOf\":{\"@id\":\"https:\\\/\\\/tralleskop.com\\\/index.php\\\/2026\\\/04\\\/22\\\/tralles-antik-kentinde-tarihi-gun-yeni-sutunlar-gun-yuzune-cikti-5\\\/\"},\"author\":{\"name\":\"furkankural\",\"@id\":\"https:\\\/\\\/tralleskop.com\\\/#\\\/schema\\\/person\\\/fc12bc0105f8c38d47c414977faf5aa1\"},\"headline\":\"Tralles Antik Kenti\u2019nde Tarihi G\u00fcn: Yeni S\u00fctunlar G\u00fcn Y\u00fcz\u00fcne \u00c7\u0131kt\u0131\",\"datePublished\":\"2026-04-22T19:14:28+00:00\",\"dateModified\":\"2026-04-22T19:26:35+00:00\",\"mainEntityOfPage\":{\"@id\":\"https:\\\/\\\/tralleskop.com\\\/index.php\\\/2026\\\/04\\\/22\\\/tralles-antik-kentinde-tarihi-gun-yeni-sutunlar-gun-yuzune-cikti-5\\\/\"},\"wordCount\":103,\"commentCount\":0,\"publisher\":{\"@id\":\"https:\\\/\\\/tralleskop.com\\\/#organization\"},\"image\":{\"@id\":\"https:\\\/\\\/tralleskop.com\\\/index.php\\\/2026\\\/04\\\/22\\\/tralles-antik-kentinde-tarihi-gun-yeni-sutunlar-gun-yuzune-cikti-5\\\/#primaryimage\"},\"thumbnailUrl\":\"https:\\\/\\\/tralleskop.com\\\/wp-content\\\/uploads\\\/2026\\\/04\\\/tralles-gercek-yeni.jpg\",\"articleSection\":[\"Ar\u015fiv\",\"Ayd\u0131n\",\"G\u00fcndem\"],\"inLanguage\":\"tr\",\"potentialAction\":[{\"@type\":\"CommentAction\",\"name\":\"Comment\",\"target\":[\"https:\\\/\\\/tralleskop.com\\\/index.php\\\/2026\\\/04\\\/22\\\/tralles-antik-kentinde-tarihi-gun-yeni-sutunlar-gun-yuzune-cikti-5\\\/#respond\"]}]},{\"@type\":\"WebPage\",\"@id\":\"https:\\\/\\\/tralleskop.com\\\/index.php\\\/2026\\\/04\\\/22\\\/tralles-antik-kentinde-tarihi-gun-yeni-sutunlar-gun-yuzune-cikti-5\\\/\",\"url\":\"https:\\\/\\\/tralleskop.com\\\/index.php\\\/2026\\\/04\\\/22\\\/tralles-antik-kentinde-tarihi-gun-yeni-sutunlar-gun-yuzune-cikti-5\\\/\",\"name\":\"Tralles Antik Kenti\u2019nde Tarihi G\u00fcn: Yeni S\u00fctunlar G\u00fcn Y\u00fcz\u00fcne \u00c7\u0131kt\u0131 - Tralleskop\",\"isPartOf\":{\"@id\":\"https:\\\/\\\/tralleskop.com\\\/#website\"},\"primaryImageOfPage\":{\"@id\":\"https:\\\/\\\/tralleskop.com\\\/index.php\\\/2026\\\/04\\\/22\\\/tralles-antik-kentinde-tarihi-gun-yeni-sutunlar-gun-yuzune-cikti-5\\\/#primaryimage\"},\"image\":{\"@id\":\"https:\\\/\\\/tralleskop.com\\\/index.php\\\/2026\\\/04\\\/22\\\/tralles-antik-kentinde-tarihi-gun-yeni-sutunlar-gun-yuzune-cikti-5\\\/#primaryimage\"},\"thumbnailUrl\":\"https:\\\/\\\/tralleskop.com\\\/wp-content\\\/uploads\\\/2026\\\/04\\\/tralles-gercek-yeni.jpg\",\"datePublished\":\"2026-04-22T19:14:28+00:00\",\"dateModified\":\"2026-04-22T19:26:35+00:00\",\"breadcrumb\":{\"@id\":\"https:\\\/\\\/tralleskop.com\\\/index.php\\\/2026\\\/04\\\/22\\\/tralles-antik-kentinde-tarihi-gun-yeni-sutunlar-gun-yuzune-cikti-5\\\/#breadcrumb\"},\"inLanguage\":\"tr\",\"potentialAction\":[{\"@type\":\"ReadAction\",\"target\":[\"https:\\\/\\\/tralleskop.com\\\/index.php\\\/2026\\\/04\\\/22\\\/tralles-antik-kentinde-tarihi-gun-yeni-sutunlar-gun-yuzune-cikti-5\\\/\"]}]},{\"@type\":\"ImageObject\",\"inLanguage\":\"tr\",\"@id\":\"https:\\\/\\\/tralleskop.com\\\/index.php\\\/2026\\\/04\\\/22\\\/tralles-antik-kentinde-tarihi-gun-yeni-sutunlar-gun-yuzune-cikti-5\\\/#primaryimage\",\"url\":\"https:\\\/\\\/tralleskop.com\\\/wp-content\\\/uploads\\\/2026\\\/04\\\/tralles-gercek-yeni.jpg\",\"contentUrl\":\"https:\\\/\\\/tralleskop.com\\\/wp-content\\\/uploads\\\/2026\\\/04\\\/tralles-gercek-yeni.jpg\",\"width\":1280,\"height\":720},{\"@type\":\"BreadcrumbList\",\"@id\":\"https:\\\/\\\/tralleskop.com\\\/index.php\\\/2026\\\/04\\\/22\\\/tralles-antik-kentinde-tarihi-gun-yeni-sutunlar-gun-yuzune-cikti-5\\\/#breadcrumb\",\"itemListElement\":[{\"@type\":\"ListItem\",\"position\":1,\"name\":\"Anasayfa\",\"item\":\"https:\\\/\\\/tralleskop.com\\\/\"},{\"@type\":\"ListItem\",\"position\":2,\"name\":\"Tralles Antik Kenti\u2019nde Tarihi G\u00fcn: Yeni S\u00fctunlar G\u00fcn Y\u00fcz\u00fcne \u00c7\u0131kt\u0131\"}]},{\"@type\":\"WebSite\",\"@id\":\"https:\\\/\\\/tralleskop.com\\\/#website\",\"url\":\"https:\\\/\\\/tralleskop.com\\\/\",\"name\":\"Tralleskop\",\"description\":\"\",\"publisher\":{\"@id\":\"https:\\\/\\\/tralleskop.com\\\/#organization\"},\"potentialAction\":[{\"@type\":\"SearchAction\",\"target\":{\"@type\":\"EntryPoint\",\"urlTemplate\":\"https:\\\/\\\/tralleskop.com\\\/?s={search_term_string}\"},\"query-input\":{\"@type\":\"PropertyValueSpecification\",\"valueRequired\":true,\"valueName\":\"search_term_string\"}}],\"inLanguage\":\"tr\"},{\"@type\":\"Organization\",\"@id\":\"https:\\\/\\\/tralleskop.com\\\/#organization\",\"name\":\"Tralleskop\",\"url\":\"https:\\\/\\\/tralleskop.com\\\/\",\"logo\":{\"@type\":\"ImageObject\",\"inLanguage\":\"tr\",\"@id\":\"https:\\\/\\\/tralleskop.com\\\/#\\\/schema\\\/logo\\\/image\\\/\",\"url\":\"https:\\\/\\\/tralleskop.com\\\/wp-content\\\/uploads\\\/2026\\\/03\\\/logo-1.png\",\"contentUrl\":\"https:\\\/\\\/tralleskop.com\\\/wp-content\\\/uploads\\\/2026\\\/03\\\/logo-1.png\",\"width\":2048,\"height\":2048,\"caption\":\"Tralleskop\"},\"image\":{\"@id\":\"https:\\\/\\\/tralleskop.com\\\/#\\\/schema\\\/logo\\\/image\\\/\"},\"sameAs\":[\"https:\\\/\\\/instagram.com\\\/tralleskop\"]},{\"@type\":\"Person\",\"@id\":\"https:\\\/\\\/tralleskop.com\\\/#\\\/schema\\\/person\\\/fc12bc0105f8c38d47c414977faf5aa1\",\"name\":\"furkankural\",\"image\":{\"@type\":\"ImageObject\",\"inLanguage\":\"tr\",\"@id\":\"https:\\\/\\\/secure.gravatar.com\\\/avatar\\\/b254b150a2c3c00063e72eb3ded536d7e5bd4008adc46ecd1ef3c8f0c02f310e?s=96&d=mm&r=g\",\"url\":\"https:\\\/\\\/secure.gravatar.com\\\/avatar\\\/b254b150a2c3c00063e72eb3ded536d7e5bd4008adc46ecd1ef3c8f0c02f310e?s=96&d=mm&r=g\",\"contentUrl\":\"https:\\\/\\\/secure.gravatar.com\\\/avatar\\\/b254b150a2c3c00063e72eb3ded536d7e5bd4008adc46ecd1ef3c8f0c02f310e?s=96&d=mm&r=g\",\"caption\":\"furkankural\"},\"sameAs\":[\"https:\\\/\\\/tralleskop.com\"],\"url\":\"https:\\\/\\\/tralleskop.com\\\/index.php\\\/author\\\/furkankural\\\/\"}]}<\/script>\n<!-- \/ Yoast SEO plugin. -->","yoast_head_json":{"title":"Tralles Antik Kenti\u2019nde Tarihi G\u00fcn: Yeni S\u00fctunlar G\u00fcn Y\u00fcz\u00fcne \u00c7\u0131kt\u0131 - Tralleskop","robots":{"index":"index","follow":"follow","max-snippet":"max-snippet:-1","max-image-preview":"max-image-preview:large","max-video-preview":"max-video-preview:-1"},"canonical":"https:\/\/tralleskop.com\/index.php\/2026\/04\/22\/tralles-antik-kentinde-tarihi-gun-yeni-sutunlar-gun-yuzune-cikti-5\/","og_locale":"tr_TR","og_type":"article","og_title":"Tralles Antik Kenti\u2019nde Tarihi G\u00fcn: Yeni S\u00fctunlar G\u00fcn Y\u00fcz\u00fcne \u00c7\u0131kt\u0131 - Tralleskop","og_description":"Ayd\u0131n\u2019\u0131n kalbinde yer alan Tralles Antik Kenti\u2019nde y\u00fcr\u00fct\u00fclen kaz\u0131 \u00e7al\u0131\u015fmalar\u0131nda, Roma d\u00f6nemine ait oldu\u011fu d\u00fc\u015f\u00fcn\u00fclen ve m\u00fckemmel \u015fekilde korunmu\u015f 3 yeni s\u00fctun ba\u015fl\u0131\u011f\u0131 bulundu. Kaz\u0131 ba\u015fkan\u0131, bu bulu\u015fun antik kentin ticari merkezi hakk\u0131nda \u00e7ok \u00f6nemli ipu\u00e7lar\u0131 verdi\u011fini a\u00e7\u0131klad\u0131. Ayd\u0131n halk\u0131, kentin simgesi \u00dc\u00e7 G\u00f6zler\u2019in \u00e7evresindeki bu geli\u015fmeyi heyecanla takip ediyor. Kaz\u0131 alan\u0131n\u0131n turizme kazand\u0131r\u0131lmas\u0131 i\u00e7in [&hellip;]","og_url":"https:\/\/tralleskop.com\/index.php\/2026\/04\/22\/tralles-antik-kentinde-tarihi-gun-yeni-sutunlar-gun-yuzune-cikti-5\/","og_site_name":"Tralleskop","article_published_time":"2026-04-22T19:14:28+00:00","article_modified_time":"2026-04-22T19:26:35+00:00","author":"furkankural","twitter_card":"summary_large_image","twitter_misc":{"Yazan:":"furkankural"},"schema":{"@context":"https:\/\/schema.org","@graph":[{"@type":"Article","@id":"https:\/\/tralleskop.com\/index.php\/2026\/04\/22\/tralles-antik-kentinde-tarihi-gun-yeni-sutunlar-gun-yuzune-cikti-5\/#article","isPartOf":{"@id":"https:\/\/tralleskop.com\/index.php\/2026\/04\/22\/tralles-antik-kentinde-tarihi-gun-yeni-sutunlar-gun-yuzune-cikti-5\/"},"author":{"name":"furkankural","@id":"https:\/\/tralleskop.com\/#\/schema\/person\/fc12bc0105f8c38d47c414977faf5aa1"},"headline":"Tralles Antik Kenti\u2019nde Tarihi G\u00fcn: Yeni S\u00fctunlar G\u00fcn Y\u00fcz\u00fcne \u00c7\u0131kt\u0131","datePublished":"2026-04-22T19:14:28+00:00","dateModified":"2026-04-22T19:26:35+00:00","mainEntityOfPage":{"@id":"https:\/\/tralleskop.com\/index.php\/2026\/04\/22\/tralles-antik-kentinde-tarihi-gun-yeni-sutunlar-gun-yuzune-cikti-5\/"},"wordCount":103,"commentCount":0,"publisher":{"@id":"https:\/\/tralleskop.com\/#organization"},"image":{"@id":"https:\/\/tralleskop.com\/index.php\/2026\/04\/22\/tralles-antik-kentinde-tarihi-gun-yeni-sutunlar-gun-yuzune-cikti-5\/#primaryimage"},"thumbnailUrl":"https:\/\/tralleskop.com\/wp-content\/uploads\/2026\/04\/tralles-gercek-yeni.jpg","articleSection":["Ar\u015fiv","Ayd\u0131n","G\u00fcndem"],"inLanguage":"tr","potentialAction":[{"@type":"CommentAction","name":"Comment","target":["https:\/\/tralleskop.com\/index.php\/2026\/04\/22\/tralles-antik-kentinde-tarihi-gun-yeni-sutunlar-gun-yuzune-cikti-5\/#respond"]}]},{"@type":"WebPage","@id":"https:\/\/tralleskop.com\/index.php\/2026\/04\/22\/tralles-antik-kentinde-tarihi-gun-yeni-sutunlar-gun-yuzune-cikti-5\/","url":"https:\/\/tralleskop.com\/index.php\/2026\/04\/22\/tralles-antik-kentinde-tarihi-gun-yeni-sutunlar-gun-yuzune-cikti-5\/","name":"Tralles Antik Kenti\u2019nde Tarihi G\u00fcn: Yeni S\u00fctunlar G\u00fcn Y\u00fcz\u00fcne \u00c7\u0131kt\u0131 - Tralleskop","isPartOf":{"@id":"https:\/\/tralleskop.com\/#website"},"primaryImageOfPage":{"@id":"https:\/\/tralleskop.com\/index.php\/2026\/04\/22\/tralles-antik-kentinde-tarihi-gun-yeni-sutunlar-gun-yuzune-cikti-5\/#primaryimage"},"image":{"@id":"https:\/\/tralleskop.com\/index.php\/2026\/04\/22\/tralles-antik-kentinde-tarihi-gun-yeni-sutunlar-gun-yuzune-cikti-5\/#primaryimage"},"thumbnailUrl":"https:\/\/tralleskop.com\/wp-content\/uploads\/2026\/04\/tralles-gercek-yeni.jpg","datePublished":"2026-04-22T19:14:28+00:00","dateModified":"2026-04-22T19:26:35+00:00","breadcrumb":{"@id":"https:\/\/tralleskop.com\/index.php\/2026\/04\/22\/tralles-antik-kentinde-tarihi-gun-yeni-sutunlar-gun-yuzune-cikti-5\/#breadcrumb"},"inLanguage":"tr","potentialAction":[{"@type":"ReadAction","target":["https:\/\/tralleskop.com\/index.php\/2026\/04\/22\/tralles-antik-kentinde-tarihi-gun-yeni-sutunlar-gun-yuzune-cikti-5\/"]}]},{"@type":"ImageObject","inLanguage":"tr","@id":"https:\/\/tralleskop.com\/index.php\/2026\/04\/22\/tralles-antik-kentinde-tarihi-gun-yeni-sutunlar-gun-yuzune-cikti-5\/#primaryimage","url":"https:\/\/tralleskop.com\/wp-content\/uploads\/2026\/04\/tralles-gercek-yeni.jpg","contentUrl":"https:\/\/tralleskop.com\/wp-content\/uploads\/2026\/04\/tralles-gercek-yeni.jpg","width":1280,"height":720},{"@type":"BreadcrumbList","@id":"https:\/\/tralleskop.com\/index.php\/2026\/04\/22\/tralles-antik-kentinde-tarihi-gun-yeni-sutunlar-gun-yuzune-cikti-5\/#breadcrumb","itemListElement":[{"@type":"ListItem","position":1,"name":"Anasayfa","item":"https:\/\/tralleskop.com\/"},{"@type":"ListItem","position":2,"name":"Tralles Antik Kenti\u2019nde Tarihi G\u00fcn: Yeni S\u00fctunlar G\u00fcn Y\u00fcz\u00fcne \u00c7\u0131kt\u0131"}]},{"@type":"WebSite","@id":"https:\/\/tralleskop.com\/#website","url":"https:\/\/tralleskop.com\/","name":"Tralleskop","description":"","publisher":{"@id":"https:\/\/tralleskop.com\/#organization"},"potentialAction":[{"@type":"SearchAction","target":{"@type":"EntryPoint","urlTemplate":"https:\/\/tralleskop.com\/?s={search_term_string}"},"query-input":{"@type":"PropertyValueSpecification","valueRequired":true,"valueName":"search_term_string"}}],"inLanguage":"tr"},{"@type":"Organization","@id":"https:\/\/tralleskop.com\/#organization","name":"Tralleskop","url":"https:\/\/tralleskop.com\/","logo":{"@type":"ImageObject","inLanguage":"tr","@id":"https:\/\/tralleskop.com\/#\/schema\/logo\/image\/","url":"https:\/\/tralleskop.com\/wp-content\/uploads\/2026\/03\/logo-1.png","contentUrl":"https:\/\/tralleskop.com\/wp-content\/uploads\/2026\/03\/logo-1.png","width":2048,"height":2048,"caption":"Tralleskop"},"image":{"@id":"https:\/\/tralleskop.com\/#\/schema\/logo\/image\/"},"sameAs":["https:\/\/instagram.com\/tralleskop"]},{"@type":"Person","@id":"https:\/\/tralleskop.com\/#\/schema\/person\/fc12bc0105f8c38d47c414977faf5aa1","name":"furkankural","image":{"@type":"ImageObject","inLanguage":"tr","@id":"https:\/\/secure.gravatar.com\/avatar\/b254b150a2c3c00063e72eb3ded536d7e5bd4008adc46ecd1ef3c8f0c02f310e?s=96&d=mm&r=g","url":"https:\/\/secure.gravatar.com\/avatar\/b254b150a2c3c00063e72eb3ded536d7e5bd4008adc46ecd1ef3c8f0c02f310e?s=96&d=mm&r=g","contentUrl":"https:\/\/secure.gravatar.com\/avatar\/b254b150a2c3c00063e72eb3ded536d7e5bd4008adc46ecd1ef3c8f0c02f310e?s=96&d=mm&r=g","caption":"furkankural"},"sameAs":["https:\/\/tralleskop.com"],"url":"https:\/\/tralleskop.com\/index.php\/author\/furkankural\/"}]}},"jetpack_featured_media_url":"https:\/\/tralleskop.com\/wp-content\/uploads\/2026\/04\/tralles-gercek-yeni.jpg","_links":{"self":[{"href":"https:\/\/tralleskop.com\/index.php\/wp-json\/wp\/v2\/posts\/366","targetHints":{"allow":["GET"]}}],"collection":[{"href":"https:\/\/tralleskop.com\/index.php\/wp-json\/wp\/v2\/posts"}],"about":[{"href":"https:\/\/tralleskop.com\/index.php\/wp-json\/wp\/v2\/types\/post"}],"author":[{"embeddable":true,"href":"https:\/\/tralleskop.com\/index.php\/wp-json\/wp\/v2\/users\/1"}],"replies":[{"embeddable":true,"href":"https:\/\/tralleskop.com\/index.php\/wp-json\/wp\/v2\/comments?post=366"}],"version-history":[{"count":1,"href":"https:\/\/tralleskop.com\/index.php\/wp-json\/wp\/v2\/posts\/366\/revisions"}],"predecessor-version":[{"id":369,"href":"https:\/\/tralleskop.com\/index.php\/wp-json\/wp\/v2\/posts\/366\/revisions\/369"}],"wp:featuredmedia":[{"embeddable":true,"href":"https:\/\/tralleskop.com\/index.php\/wp-json\/wp\/v2\/media\/378"}],"wp:attachment":[{"href":"https:\/\/tralleskop.com\/index.php\/wp-json\/wp\/v2\/media?parent=366"}],"wp:term":[{"taxonomy":"category","embeddable":true,"href":"https:\/\/tralleskop.com\/index.php\/wp-json\/wp\/v2\/categories?post=366"},{"taxonomy":"post_tag","embeddable":true,"href":"https:\/\/tralleskop.com\/index.php\/wp-json\/wp\/v2\/tags?post=366"}],"curies":[{"name":"wp","href":"https:\/\/api.w.org\/{rel}","templated":true}]}}