{"id":365,"date":"2026-04-22T22:14:25","date_gmt":"2026-04-22T19:14:25","guid":{"rendered":"http:\/\/localhost\/wordpress\/index.php\/2026\/04\/22\/aydin-inciri-dunya-pazarlarinda-ihracatta-altin-yil-hedefleniyor-5\/"},"modified":"2026-04-22T22:24:29","modified_gmt":"2026-04-22T19:24:29","slug":"aydin-inciri-dunya-pazarlarinda-ihracatta-altin-yil-hedefleniyor-5","status":"publish","type":"post","link":"https:\/\/tralleskop.com\/index.php\/2026\/04\/22\/aydin-inciri-dunya-pazarlarinda-ihracatta-altin-yil-hedefleniyor-5\/","title":{"rendered":"Ayd\u0131n \u0130nciri D\u00fcnya Pazarlar\u0131nda: \u0130hracatta Alt\u0131n Y\u0131l Hedefleniyor"},"content":{"rendered":"<p>Ayd\u0131n\u2019\u0131n sembol\u00fc olan ve Avrupa Birli\u011fi\u2019nden co\u011frafi i\u015faret alan Ayd\u0131n \u0130nciri, bu sezon ihracat rakamlar\u0131yla \u00fcreticisini sevindirdi. Tar\u0131m ve Orman \u0130l M\u00fcd\u00fcrl\u00fc\u011f\u00fc verilerine g\u00f6re, \u00f6zellikle kurutulmu\u015f incirde Avrupa ve Uzak Do\u011fu talebi rekor seviyeye ula\u015ft\u0131. Tralleskop olarak g\u00f6r\u00fc\u015ft\u00fc\u011f\u00fcm\u00fcz \u00fcreticiler, iklim \u015fartlar\u0131na ra\u011fmen kalitenin bu y\u0131l \u00e7ok y\u00fcksek oldu\u011funu belirtiyor. Ayd\u0131n ekonomisinin can damar\u0131 olan bu meyve, kentin ad\u0131n\u0131 d\u00fcnyaya duyurmaya devam ediyor.<\/p>\n","protected":false},"excerpt":{"rendered":"<p>Ayd\u0131n\u2019\u0131n sembol\u00fc olan ve Avrupa Birli\u011fi\u2019nden co\u011frafi i\u015faret alan Ayd\u0131n \u0130nciri, bu sezon ihracat rakamlar\u0131yla \u00fcreticisini sevindirdi. Tar\u0131m ve Orman \u0130l M\u00fcd\u00fcrl\u00fc\u011f\u00fc verilerine g\u00f6re, \u00f6zellikle kurutulmu\u015f incirde Avrupa ve Uzak Do\u011fu talebi rekor seviyeye ula\u015ft\u0131. Tralleskop olarak g\u00f6r\u00fc\u015ft\u00fc\u011f\u00fcm\u00fcz \u00fcreticiler, iklim \u015fartlar\u0131na ra\u011fmen kalitenin bu y\u0131l \u00e7ok y\u00fcksek oldu\u011funu belirtiyor. Ayd\u0131n ekonomisinin can damar\u0131 olan bu [&hellip;]<\/p>\n","protected":false},"author":1,"featured_media":377,"comment_status":"open","ping_status":"open","sticky":false,"template":"","format":"standard","meta":{"_coblocks_attr":"","_coblocks_dimensions":"","_coblocks_responsive_height":"","_coblocks_accordion_ie_support":"","_ai_summary":"Ayd\u0131n g\u00fcndeminden \u00f6nemli geli\u015fmeler.","_external_image_url":"https:\/\/sesgazetesicomtr.teimg.com\/crop\/1280x720\/sesgazetesi-com-tr\/uploads\/2025\/10\/incir-ihracati-basladi-baskan-isik-kaliteli-incir-ihrac-edecegiz-607759-105303838e1a8cb62db8dd1677d8c921.jpeg","footnotes":""},"categories":[1,46,19],"tags":[],"class_list":["post-365","post","type-post","status-publish","format-standard","has-post-thumbnail","hentry","category-arsiv","category-aydin","category-ekonomi"],"yoast_head":"<!-- This site is optimized with the Yoast SEO plugin v27.5 - https:\/\/yoast.com\/product\/yoast-seo-wordpress\/ -->\n<title>Ayd\u0131n \u0130nciri D\u00fcnya Pazarlar\u0131nda: \u0130hracatta Alt\u0131n Y\u0131l Hedefleniyor - Tralleskop<\/title>\n<meta name=\"robots\" content=\"index, follow, max-snippet:-1, max-image-preview:large, max-video-preview:-1\" \/>\n<link rel=\"canonical\" href=\"https:\/\/tralleskop.com\/index.php\/2026\/04\/22\/aydin-inciri-dunya-pazarlarinda-ihracatta-altin-yil-hedefleniyor-5\/\" \/>\n<meta property=\"og:locale\" content=\"tr_TR\" \/>\n<meta property=\"og:type\" content=\"article\" \/>\n<meta property=\"og:title\" content=\"Ayd\u0131n \u0130nciri D\u00fcnya Pazarlar\u0131nda: \u0130hracatta Alt\u0131n Y\u0131l Hedefleniyor - Tralleskop\" \/>\n<meta property=\"og:description\" content=\"Ayd\u0131n\u2019\u0131n sembol\u00fc olan ve Avrupa Birli\u011fi\u2019nden co\u011frafi i\u015faret alan Ayd\u0131n \u0130nciri, bu sezon ihracat rakamlar\u0131yla \u00fcreticisini sevindirdi. Tar\u0131m ve Orman \u0130l M\u00fcd\u00fcrl\u00fc\u011f\u00fc verilerine g\u00f6re, \u00f6zellikle kurutulmu\u015f incirde Avrupa ve Uzak Do\u011fu talebi rekor seviyeye ula\u015ft\u0131. Tralleskop olarak g\u00f6r\u00fc\u015ft\u00fc\u011f\u00fcm\u00fcz \u00fcreticiler, iklim \u015fartlar\u0131na ra\u011fmen kalitenin bu y\u0131l \u00e7ok y\u00fcksek oldu\u011funu belirtiyor. Ayd\u0131n ekonomisinin can damar\u0131 olan bu [&hellip;]\" \/>\n<meta property=\"og:url\" content=\"https:\/\/tralleskop.com\/index.php\/2026\/04\/22\/aydin-inciri-dunya-pazarlarinda-ihracatta-altin-yil-hedefleniyor-5\/\" \/>\n<meta property=\"og:site_name\" content=\"Tralleskop\" \/>\n<meta property=\"article:published_time\" content=\"2026-04-22T19:14:25+00:00\" \/>\n<meta property=\"article:modified_time\" content=\"2026-04-22T19:24:29+00:00\" \/>\n<meta name=\"author\" content=\"furkankural\" \/>\n<meta name=\"twitter:card\" content=\"summary_large_image\" \/>\n<meta name=\"twitter:label1\" content=\"Yazan:\" \/>\n\t<meta name=\"twitter:data1\" content=\"furkankural\" \/>\n<script type=\"application\/ld+json\" class=\"yoast-schema-graph\">{\"@context\":\"https:\\\/\\\/schema.org\",\"@graph\":[{\"@type\":\"Article\",\"@id\":\"https:\\\/\\\/tralleskop.com\\\/index.php\\\/2026\\\/04\\\/22\\\/aydin-inciri-dunya-pazarlarinda-ihracatta-altin-yil-hedefleniyor-5\\\/#article\",\"isPartOf\":{\"@id\":\"https:\\\/\\\/tralleskop.com\\\/index.php\\\/2026\\\/04\\\/22\\\/aydin-inciri-dunya-pazarlarinda-ihracatta-altin-yil-hedefleniyor-5\\\/\"},\"author\":{\"name\":\"furkankural\",\"@id\":\"https:\\\/\\\/tralleskop.com\\\/#\\\/schema\\\/person\\\/fc12bc0105f8c38d47c414977faf5aa1\"},\"headline\":\"Ayd\u0131n \u0130nciri D\u00fcnya Pazarlar\u0131nda: \u0130hracatta Alt\u0131n Y\u0131l Hedefleniyor\",\"datePublished\":\"2026-04-22T19:14:25+00:00\",\"dateModified\":\"2026-04-22T19:24:29+00:00\",\"mainEntityOfPage\":{\"@id\":\"https:\\\/\\\/tralleskop.com\\\/index.php\\\/2026\\\/04\\\/22\\\/aydin-inciri-dunya-pazarlarinda-ihracatta-altin-yil-hedefleniyor-5\\\/\"},\"wordCount\":101,\"commentCount\":0,\"publisher\":{\"@id\":\"https:\\\/\\\/tralleskop.com\\\/#organization\"},\"image\":{\"@id\":\"https:\\\/\\\/tralleskop.com\\\/index.php\\\/2026\\\/04\\\/22\\\/aydin-inciri-dunya-pazarlarinda-ihracatta-altin-yil-hedefleniyor-5\\\/#primaryimage\"},\"thumbnailUrl\":\"https:\\\/\\\/tralleskop.com\\\/wp-content\\\/uploads\\\/2026\\\/04\\\/aydin-inciri-dunya-pazarlarinda-ihracatta-altin-yil-hedefleniyor-gercek.jpg\",\"articleSection\":[\"Ar\u015fiv\",\"Ayd\u0131n\",\"Ekonomi\"],\"inLanguage\":\"tr\",\"potentialAction\":[{\"@type\":\"CommentAction\",\"name\":\"Comment\",\"target\":[\"https:\\\/\\\/tralleskop.com\\\/index.php\\\/2026\\\/04\\\/22\\\/aydin-inciri-dunya-pazarlarinda-ihracatta-altin-yil-hedefleniyor-5\\\/#respond\"]}]},{\"@type\":\"WebPage\",\"@id\":\"https:\\\/\\\/tralleskop.com\\\/index.php\\\/2026\\\/04\\\/22\\\/aydin-inciri-dunya-pazarlarinda-ihracatta-altin-yil-hedefleniyor-5\\\/\",\"url\":\"https:\\\/\\\/tralleskop.com\\\/index.php\\\/2026\\\/04\\\/22\\\/aydin-inciri-dunya-pazarlarinda-ihracatta-altin-yil-hedefleniyor-5\\\/\",\"name\":\"Ayd\u0131n \u0130nciri D\u00fcnya Pazarlar\u0131nda: \u0130hracatta Alt\u0131n Y\u0131l Hedefleniyor - Tralleskop\",\"isPartOf\":{\"@id\":\"https:\\\/\\\/tralleskop.com\\\/#website\"},\"primaryImageOfPage\":{\"@id\":\"https:\\\/\\\/tralleskop.com\\\/index.php\\\/2026\\\/04\\\/22\\\/aydin-inciri-dunya-pazarlarinda-ihracatta-altin-yil-hedefleniyor-5\\\/#primaryimage\"},\"image\":{\"@id\":\"https:\\\/\\\/tralleskop.com\\\/index.php\\\/2026\\\/04\\\/22\\\/aydin-inciri-dunya-pazarlarinda-ihracatta-altin-yil-hedefleniyor-5\\\/#primaryimage\"},\"thumbnailUrl\":\"https:\\\/\\\/tralleskop.com\\\/wp-content\\\/uploads\\\/2026\\\/04\\\/aydin-inciri-dunya-pazarlarinda-ihracatta-altin-yil-hedefleniyor-gercek.jpg\",\"datePublished\":\"2026-04-22T19:14:25+00:00\",\"dateModified\":\"2026-04-22T19:24:29+00:00\",\"breadcrumb\":{\"@id\":\"https:\\\/\\\/tralleskop.com\\\/index.php\\\/2026\\\/04\\\/22\\\/aydin-inciri-dunya-pazarlarinda-ihracatta-altin-yil-hedefleniyor-5\\\/#breadcrumb\"},\"inLanguage\":\"tr\",\"potentialAction\":[{\"@type\":\"ReadAction\",\"target\":[\"https:\\\/\\\/tralleskop.com\\\/index.php\\\/2026\\\/04\\\/22\\\/aydin-inciri-dunya-pazarlarinda-ihracatta-altin-yil-hedefleniyor-5\\\/\"]}]},{\"@type\":\"ImageObject\",\"inLanguage\":\"tr\",\"@id\":\"https:\\\/\\\/tralleskop.com\\\/index.php\\\/2026\\\/04\\\/22\\\/aydin-inciri-dunya-pazarlarinda-ihracatta-altin-yil-hedefleniyor-5\\\/#primaryimage\",\"url\":\"https:\\\/\\\/tralleskop.com\\\/wp-content\\\/uploads\\\/2026\\\/04\\\/aydin-inciri-dunya-pazarlarinda-ihracatta-altin-yil-hedefleniyor-gercek.jpg\",\"contentUrl\":\"https:\\\/\\\/tralleskop.com\\\/wp-content\\\/uploads\\\/2026\\\/04\\\/aydin-inciri-dunya-pazarlarinda-ihracatta-altin-yil-hedefleniyor-gercek.jpg\",\"width\":1280,\"height\":720},{\"@type\":\"BreadcrumbList\",\"@id\":\"https:\\\/\\\/tralleskop.com\\\/index.php\\\/2026\\\/04\\\/22\\\/aydin-inciri-dunya-pazarlarinda-ihracatta-altin-yil-hedefleniyor-5\\\/#breadcrumb\",\"itemListElement\":[{\"@type\":\"ListItem\",\"position\":1,\"name\":\"Anasayfa\",\"item\":\"https:\\\/\\\/tralleskop.com\\\/\"},{\"@type\":\"ListItem\",\"position\":2,\"name\":\"Ayd\u0131n \u0130nciri D\u00fcnya Pazarlar\u0131nda: \u0130hracatta Alt\u0131n Y\u0131l Hedefleniyor\"}]},{\"@type\":\"WebSite\",\"@id\":\"https:\\\/\\\/tralleskop.com\\\/#website\",\"url\":\"https:\\\/\\\/tralleskop.com\\\/\",\"name\":\"Tralleskop\",\"description\":\"\",\"publisher\":{\"@id\":\"https:\\\/\\\/tralleskop.com\\\/#organization\"},\"potentialAction\":[{\"@type\":\"SearchAction\",\"target\":{\"@type\":\"EntryPoint\",\"urlTemplate\":\"https:\\\/\\\/tralleskop.com\\\/?s={search_term_string}\"},\"query-input\":{\"@type\":\"PropertyValueSpecification\",\"valueRequired\":true,\"valueName\":\"search_term_string\"}}],\"inLanguage\":\"tr\"},{\"@type\":\"Organization\",\"@id\":\"https:\\\/\\\/tralleskop.com\\\/#organization\",\"name\":\"Tralleskop\",\"url\":\"https:\\\/\\\/tralleskop.com\\\/\",\"logo\":{\"@type\":\"ImageObject\",\"inLanguage\":\"tr\",\"@id\":\"https:\\\/\\\/tralleskop.com\\\/#\\\/schema\\\/logo\\\/image\\\/\",\"url\":\"https:\\\/\\\/tralleskop.com\\\/wp-content\\\/uploads\\\/2026\\\/03\\\/logo-1.png\",\"contentUrl\":\"https:\\\/\\\/tralleskop.com\\\/wp-content\\\/uploads\\\/2026\\\/03\\\/logo-1.png\",\"width\":2048,\"height\":2048,\"caption\":\"Tralleskop\"},\"image\":{\"@id\":\"https:\\\/\\\/tralleskop.com\\\/#\\\/schema\\\/logo\\\/image\\\/\"},\"sameAs\":[\"https:\\\/\\\/instagram.com\\\/tralleskop\"]},{\"@type\":\"Person\",\"@id\":\"https:\\\/\\\/tralleskop.com\\\/#\\\/schema\\\/person\\\/fc12bc0105f8c38d47c414977faf5aa1\",\"name\":\"furkankural\",\"image\":{\"@type\":\"ImageObject\",\"inLanguage\":\"tr\",\"@id\":\"https:\\\/\\\/secure.gravatar.com\\\/avatar\\\/b254b150a2c3c00063e72eb3ded536d7e5bd4008adc46ecd1ef3c8f0c02f310e?s=96&d=mm&r=g\",\"url\":\"https:\\\/\\\/secure.gravatar.com\\\/avatar\\\/b254b150a2c3c00063e72eb3ded536d7e5bd4008adc46ecd1ef3c8f0c02f310e?s=96&d=mm&r=g\",\"contentUrl\":\"https:\\\/\\\/secure.gravatar.com\\\/avatar\\\/b254b150a2c3c00063e72eb3ded536d7e5bd4008adc46ecd1ef3c8f0c02f310e?s=96&d=mm&r=g\",\"caption\":\"furkankural\"},\"sameAs\":[\"https:\\\/\\\/tralleskop.com\"],\"url\":\"https:\\\/\\\/tralleskop.com\\\/index.php\\\/author\\\/furkankural\\\/\"}]}<\/script>\n<!-- \/ Yoast SEO plugin. -->","yoast_head_json":{"title":"Ayd\u0131n \u0130nciri D\u00fcnya Pazarlar\u0131nda: \u0130hracatta Alt\u0131n Y\u0131l Hedefleniyor - Tralleskop","robots":{"index":"index","follow":"follow","max-snippet":"max-snippet:-1","max-image-preview":"max-image-preview:large","max-video-preview":"max-video-preview:-1"},"canonical":"https:\/\/tralleskop.com\/index.php\/2026\/04\/22\/aydin-inciri-dunya-pazarlarinda-ihracatta-altin-yil-hedefleniyor-5\/","og_locale":"tr_TR","og_type":"article","og_title":"Ayd\u0131n \u0130nciri D\u00fcnya Pazarlar\u0131nda: \u0130hracatta Alt\u0131n Y\u0131l Hedefleniyor - Tralleskop","og_description":"Ayd\u0131n\u2019\u0131n sembol\u00fc olan ve Avrupa Birli\u011fi\u2019nden co\u011frafi i\u015faret alan Ayd\u0131n \u0130nciri, bu sezon ihracat rakamlar\u0131yla \u00fcreticisini sevindirdi. Tar\u0131m ve Orman \u0130l M\u00fcd\u00fcrl\u00fc\u011f\u00fc verilerine g\u00f6re, \u00f6zellikle kurutulmu\u015f incirde Avrupa ve Uzak Do\u011fu talebi rekor seviyeye ula\u015ft\u0131. Tralleskop olarak g\u00f6r\u00fc\u015ft\u00fc\u011f\u00fcm\u00fcz \u00fcreticiler, iklim \u015fartlar\u0131na ra\u011fmen kalitenin bu y\u0131l \u00e7ok y\u00fcksek oldu\u011funu belirtiyor. Ayd\u0131n ekonomisinin can damar\u0131 olan bu [&hellip;]","og_url":"https:\/\/tralleskop.com\/index.php\/2026\/04\/22\/aydin-inciri-dunya-pazarlarinda-ihracatta-altin-yil-hedefleniyor-5\/","og_site_name":"Tralleskop","article_published_time":"2026-04-22T19:14:25+00:00","article_modified_time":"2026-04-22T19:24:29+00:00","author":"furkankural","twitter_card":"summary_large_image","twitter_misc":{"Yazan:":"furkankural"},"schema":{"@context":"https:\/\/schema.org","@graph":[{"@type":"Article","@id":"https:\/\/tralleskop.com\/index.php\/2026\/04\/22\/aydin-inciri-dunya-pazarlarinda-ihracatta-altin-yil-hedefleniyor-5\/#article","isPartOf":{"@id":"https:\/\/tralleskop.com\/index.php\/2026\/04\/22\/aydin-inciri-dunya-pazarlarinda-ihracatta-altin-yil-hedefleniyor-5\/"},"author":{"name":"furkankural","@id":"https:\/\/tralleskop.com\/#\/schema\/person\/fc12bc0105f8c38d47c414977faf5aa1"},"headline":"Ayd\u0131n \u0130nciri D\u00fcnya Pazarlar\u0131nda: \u0130hracatta Alt\u0131n Y\u0131l Hedefleniyor","datePublished":"2026-04-22T19:14:25+00:00","dateModified":"2026-04-22T19:24:29+00:00","mainEntityOfPage":{"@id":"https:\/\/tralleskop.com\/index.php\/2026\/04\/22\/aydin-inciri-dunya-pazarlarinda-ihracatta-altin-yil-hedefleniyor-5\/"},"wordCount":101,"commentCount":0,"publisher":{"@id":"https:\/\/tralleskop.com\/#organization"},"image":{"@id":"https:\/\/tralleskop.com\/index.php\/2026\/04\/22\/aydin-inciri-dunya-pazarlarinda-ihracatta-altin-yil-hedefleniyor-5\/#primaryimage"},"thumbnailUrl":"https:\/\/tralleskop.com\/wp-content\/uploads\/2026\/04\/aydin-inciri-dunya-pazarlarinda-ihracatta-altin-yil-hedefleniyor-gercek.jpg","articleSection":["Ar\u015fiv","Ayd\u0131n","Ekonomi"],"inLanguage":"tr","potentialAction":[{"@type":"CommentAction","name":"Comment","target":["https:\/\/tralleskop.com\/index.php\/2026\/04\/22\/aydin-inciri-dunya-pazarlarinda-ihracatta-altin-yil-hedefleniyor-5\/#respond"]}]},{"@type":"WebPage","@id":"https:\/\/tralleskop.com\/index.php\/2026\/04\/22\/aydin-inciri-dunya-pazarlarinda-ihracatta-altin-yil-hedefleniyor-5\/","url":"https:\/\/tralleskop.com\/index.php\/2026\/04\/22\/aydin-inciri-dunya-pazarlarinda-ihracatta-altin-yil-hedefleniyor-5\/","name":"Ayd\u0131n \u0130nciri D\u00fcnya Pazarlar\u0131nda: \u0130hracatta Alt\u0131n Y\u0131l Hedefleniyor - Tralleskop","isPartOf":{"@id":"https:\/\/tralleskop.com\/#website"},"primaryImageOfPage":{"@id":"https:\/\/tralleskop.com\/index.php\/2026\/04\/22\/aydin-inciri-dunya-pazarlarinda-ihracatta-altin-yil-hedefleniyor-5\/#primaryimage"},"image":{"@id":"https:\/\/tralleskop.com\/index.php\/2026\/04\/22\/aydin-inciri-dunya-pazarlarinda-ihracatta-altin-yil-hedefleniyor-5\/#primaryimage"},"thumbnailUrl":"https:\/\/tralleskop.com\/wp-content\/uploads\/2026\/04\/aydin-inciri-dunya-pazarlarinda-ihracatta-altin-yil-hedefleniyor-gercek.jpg","datePublished":"2026-04-22T19:14:25+00:00","dateModified":"2026-04-22T19:24:29+00:00","breadcrumb":{"@id":"https:\/\/tralleskop.com\/index.php\/2026\/04\/22\/aydin-inciri-dunya-pazarlarinda-ihracatta-altin-yil-hedefleniyor-5\/#breadcrumb"},"inLanguage":"tr","potentialAction":[{"@type":"ReadAction","target":["https:\/\/tralleskop.com\/index.php\/2026\/04\/22\/aydin-inciri-dunya-pazarlarinda-ihracatta-altin-yil-hedefleniyor-5\/"]}]},{"@type":"ImageObject","inLanguage":"tr","@id":"https:\/\/tralleskop.com\/index.php\/2026\/04\/22\/aydin-inciri-dunya-pazarlarinda-ihracatta-altin-yil-hedefleniyor-5\/#primaryimage","url":"https:\/\/tralleskop.com\/wp-content\/uploads\/2026\/04\/aydin-inciri-dunya-pazarlarinda-ihracatta-altin-yil-hedefleniyor-gercek.jpg","contentUrl":"https:\/\/tralleskop.com\/wp-content\/uploads\/2026\/04\/aydin-inciri-dunya-pazarlarinda-ihracatta-altin-yil-hedefleniyor-gercek.jpg","width":1280,"height":720},{"@type":"BreadcrumbList","@id":"https:\/\/tralleskop.com\/index.php\/2026\/04\/22\/aydin-inciri-dunya-pazarlarinda-ihracatta-altin-yil-hedefleniyor-5\/#breadcrumb","itemListElement":[{"@type":"ListItem","position":1,"name":"Anasayfa","item":"https:\/\/tralleskop.com\/"},{"@type":"ListItem","position":2,"name":"Ayd\u0131n \u0130nciri D\u00fcnya Pazarlar\u0131nda: \u0130hracatta Alt\u0131n Y\u0131l Hedefleniyor"}]},{"@type":"WebSite","@id":"https:\/\/tralleskop.com\/#website","url":"https:\/\/tralleskop.com\/","name":"Tralleskop","description":"","publisher":{"@id":"https:\/\/tralleskop.com\/#organization"},"potentialAction":[{"@type":"SearchAction","target":{"@type":"EntryPoint","urlTemplate":"https:\/\/tralleskop.com\/?s={search_term_string}"},"query-input":{"@type":"PropertyValueSpecification","valueRequired":true,"valueName":"search_term_string"}}],"inLanguage":"tr"},{"@type":"Organization","@id":"https:\/\/tralleskop.com\/#organization","name":"Tralleskop","url":"https:\/\/tralleskop.com\/","logo":{"@type":"ImageObject","inLanguage":"tr","@id":"https:\/\/tralleskop.com\/#\/schema\/logo\/image\/","url":"https:\/\/tralleskop.com\/wp-content\/uploads\/2026\/03\/logo-1.png","contentUrl":"https:\/\/tralleskop.com\/wp-content\/uploads\/2026\/03\/logo-1.png","width":2048,"height":2048,"caption":"Tralleskop"},"image":{"@id":"https:\/\/tralleskop.com\/#\/schema\/logo\/image\/"},"sameAs":["https:\/\/instagram.com\/tralleskop"]},{"@type":"Person","@id":"https:\/\/tralleskop.com\/#\/schema\/person\/fc12bc0105f8c38d47c414977faf5aa1","name":"furkankural","image":{"@type":"ImageObject","inLanguage":"tr","@id":"https:\/\/secure.gravatar.com\/avatar\/b254b150a2c3c00063e72eb3ded536d7e5bd4008adc46ecd1ef3c8f0c02f310e?s=96&d=mm&r=g","url":"https:\/\/secure.gravatar.com\/avatar\/b254b150a2c3c00063e72eb3ded536d7e5bd4008adc46ecd1ef3c8f0c02f310e?s=96&d=mm&r=g","contentUrl":"https:\/\/secure.gravatar.com\/avatar\/b254b150a2c3c00063e72eb3ded536d7e5bd4008adc46ecd1ef3c8f0c02f310e?s=96&d=mm&r=g","caption":"furkankural"},"sameAs":["https:\/\/tralleskop.com"],"url":"https:\/\/tralleskop.com\/index.php\/author\/furkankural\/"}]}},"jetpack_featured_media_url":"https:\/\/tralleskop.com\/wp-content\/uploads\/2026\/04\/aydin-inciri-dunya-pazarlarinda-ihracatta-altin-yil-hedefleniyor-gercek.jpg","_links":{"self":[{"href":"https:\/\/tralleskop.com\/index.php\/wp-json\/wp\/v2\/posts\/365","targetHints":{"allow":["GET"]}}],"collection":[{"href":"https:\/\/tralleskop.com\/index.php\/wp-json\/wp\/v2\/posts"}],"about":[{"href":"https:\/\/tralleskop.com\/index.php\/wp-json\/wp\/v2\/types\/post"}],"author":[{"embeddable":true,"href":"https:\/\/tralleskop.com\/index.php\/wp-json\/wp\/v2\/users\/1"}],"replies":[{"embeddable":true,"href":"https:\/\/tralleskop.com\/index.php\/wp-json\/wp\/v2\/comments?post=365"}],"version-history":[{"count":1,"href":"https:\/\/tralleskop.com\/index.php\/wp-json\/wp\/v2\/posts\/365\/revisions"}],"predecessor-version":[{"id":370,"href":"https:\/\/tralleskop.com\/index.php\/wp-json\/wp\/v2\/posts\/365\/revisions\/370"}],"wp:featuredmedia":[{"embeddable":true,"href":"https:\/\/tralleskop.com\/index.php\/wp-json\/wp\/v2\/media\/377"}],"wp:attachment":[{"href":"https:\/\/tralleskop.com\/index.php\/wp-json\/wp\/v2\/media?parent=365"}],"wp:term":[{"taxonomy":"category","embeddable":true,"href":"https:\/\/tralleskop.com\/index.php\/wp-json\/wp\/v2\/categories?post=365"},{"taxonomy":"post_tag","embeddable":true,"href":"https:\/\/tralleskop.com\/index.php\/wp-json\/wp\/v2\/tags?post=365"}],"curies":[{"name":"wp","href":"https:\/\/api.w.org\/{rel}","templated":true}]}}