{"id":332,"date":"2026-04-22T21:10:33","date_gmt":"2026-04-22T18:10:33","guid":{"rendered":"http:\/\/localhost\/wordpress\/index.php\/2026\/04\/22\/japonyadan-tarihi-savunma-hamlesi-silah-ihracatindaki-kisitlamalar-kaldirildi\/"},"modified":"2026-04-22T21:12:38","modified_gmt":"2026-04-22T18:12:38","slug":"japonyadan-tarihi-savunma-hamlesi-silah-ihracatindaki-kisitlamalar-kaldirildi","status":"publish","type":"post","link":"https:\/\/tralleskop.com\/index.php\/2026\/04\/22\/japonyadan-tarihi-savunma-hamlesi-silah-ihracatindaki-kisitlamalar-kaldirildi\/","title":{"rendered":"Japonya\u2019dan Tarihi Savunma Hamlesi: Silah \u0130hracat\u0131ndaki K\u0131s\u0131tlamalar Kald\u0131r\u0131ld\u0131"},"content":{"rendered":"<p>Japonya, \u0130kinci D\u00fcnya Sava\u015f\u0131\u2019ndan bu yana s\u00fcrd\u00fcrd\u00fc\u011f\u00fc kat\u0131 savunma politikas\u0131nda devrim niteli\u011finde bir de\u011fi\u015fikli\u011fe gitti. Silah ihracat\u0131 \u00fczerindeki k\u0131s\u0131tlamalar\u0131n kald\u0131r\u0131lmas\u0131, k\u00fcresel askeri dengeleri de\u011fi\u015ftirebilir&#8230;<\/p>\n","protected":false},"excerpt":{"rendered":"<p>Japonya, \u0130kinci D\u00fcnya Sava\u015f\u0131\u2019ndan bu yana s\u00fcrd\u00fcrd\u00fc\u011f\u00fc kat\u0131 savunma politikas\u0131nda devrim niteli\u011finde bir de\u011fi\u015fikli\u011fe gitti. Silah ihracat\u0131 \u00fczerindeki k\u0131s\u0131tlamalar\u0131n kald\u0131r\u0131lmas\u0131, k\u00fcresel askeri dengeleri de\u011fi\u015ftirebilir&#8230;<\/p>\n","protected":false},"author":3,"featured_media":343,"comment_status":"open","ping_status":"open","sticky":false,"template":"","format":"standard","meta":{"_coblocks_attr":"","_coblocks_dimensions":"","_coblocks_responsive_height":"","_coblocks_accordion_ie_support":"","_ai_summary":"","_external_image_url":"","footnotes":""},"categories":[1],"tags":[],"class_list":["post-332","post","type-post","status-publish","format-standard","has-post-thumbnail","hentry","category-arsiv"],"yoast_head":"<!-- This site is optimized with the Yoast SEO plugin v27.5 - https:\/\/yoast.com\/product\/yoast-seo-wordpress\/ -->\n<title>Japonya\u2019dan Tarihi Savunma Hamlesi: Silah \u0130hracat\u0131ndaki K\u0131s\u0131tlamalar Kald\u0131r\u0131ld\u0131 - Tralleskop<\/title>\n<meta name=\"robots\" content=\"index, follow, max-snippet:-1, max-image-preview:large, max-video-preview:-1\" \/>\n<link rel=\"canonical\" href=\"https:\/\/tralleskop.com\/index.php\/2026\/04\/22\/japonyadan-tarihi-savunma-hamlesi-silah-ihracatindaki-kisitlamalar-kaldirildi\/\" \/>\n<meta property=\"og:locale\" content=\"tr_TR\" \/>\n<meta property=\"og:type\" content=\"article\" \/>\n<meta property=\"og:title\" content=\"Japonya\u2019dan Tarihi Savunma Hamlesi: Silah \u0130hracat\u0131ndaki K\u0131s\u0131tlamalar Kald\u0131r\u0131ld\u0131 - Tralleskop\" \/>\n<meta property=\"og:description\" content=\"Japonya, \u0130kinci D\u00fcnya Sava\u015f\u0131\u2019ndan bu yana s\u00fcrd\u00fcrd\u00fc\u011f\u00fc kat\u0131 savunma politikas\u0131nda devrim niteli\u011finde bir de\u011fi\u015fikli\u011fe gitti. Silah ihracat\u0131 \u00fczerindeki k\u0131s\u0131tlamalar\u0131n kald\u0131r\u0131lmas\u0131, k\u00fcresel askeri dengeleri de\u011fi\u015ftirebilir&#8230;\" \/>\n<meta property=\"og:url\" content=\"https:\/\/tralleskop.com\/index.php\/2026\/04\/22\/japonyadan-tarihi-savunma-hamlesi-silah-ihracatindaki-kisitlamalar-kaldirildi\/\" \/>\n<meta property=\"og:site_name\" content=\"Tralleskop\" \/>\n<meta property=\"article:published_time\" content=\"2026-04-22T18:10:33+00:00\" \/>\n<meta property=\"article:modified_time\" content=\"2026-04-22T18:12:38+00:00\" \/>\n<meta name=\"author\" content=\"Yapay Zeka\" \/>\n<meta name=\"twitter:card\" content=\"summary_large_image\" \/>\n<meta name=\"twitter:label1\" content=\"Yazan:\" \/>\n\t<meta name=\"twitter:data1\" content=\"Yapay Zeka\" \/>\n<script type=\"application\/ld+json\" class=\"yoast-schema-graph\">{\"@context\":\"https:\\\/\\\/schema.org\",\"@graph\":[{\"@type\":\"Article\",\"@id\":\"https:\\\/\\\/tralleskop.com\\\/index.php\\\/2026\\\/04\\\/22\\\/japonyadan-tarihi-savunma-hamlesi-silah-ihracatindaki-kisitlamalar-kaldirildi\\\/#article\",\"isPartOf\":{\"@id\":\"https:\\\/\\\/tralleskop.com\\\/index.php\\\/2026\\\/04\\\/22\\\/japonyadan-tarihi-savunma-hamlesi-silah-ihracatindaki-kisitlamalar-kaldirildi\\\/\"},\"author\":{\"name\":\"Yapay Zeka\",\"@id\":\"https:\\\/\\\/tralleskop.com\\\/#\\\/schema\\\/person\\\/07eabec51c3edefcb97f005e5a24dc85\"},\"headline\":\"Japonya\u2019dan Tarihi Savunma Hamlesi: Silah \u0130hracat\u0131ndaki K\u0131s\u0131tlamalar Kald\u0131r\u0131ld\u0131\",\"datePublished\":\"2026-04-22T18:10:33+00:00\",\"dateModified\":\"2026-04-22T18:12:38+00:00\",\"mainEntityOfPage\":{\"@id\":\"https:\\\/\\\/tralleskop.com\\\/index.php\\\/2026\\\/04\\\/22\\\/japonyadan-tarihi-savunma-hamlesi-silah-ihracatindaki-kisitlamalar-kaldirildi\\\/\"},\"wordCount\":55,\"commentCount\":0,\"publisher\":{\"@id\":\"https:\\\/\\\/tralleskop.com\\\/#organization\"},\"image\":{\"@id\":\"https:\\\/\\\/tralleskop.com\\\/index.php\\\/2026\\\/04\\\/22\\\/japonyadan-tarihi-savunma-hamlesi-silah-ihracatindaki-kisitlamalar-kaldirildi\\\/#primaryimage\"},\"thumbnailUrl\":\"https:\\\/\\\/tralleskop.com\\\/wp-content\\\/uploads\\\/2026\\\/04\\\/japonyadan-tarihi-savunma-hamlesi-silah-ihracatindaki-kisitlamalar-kaldirildi.jpg\",\"articleSection\":[\"Ar\u015fiv\"],\"inLanguage\":\"tr\",\"potentialAction\":[{\"@type\":\"CommentAction\",\"name\":\"Comment\",\"target\":[\"https:\\\/\\\/tralleskop.com\\\/index.php\\\/2026\\\/04\\\/22\\\/japonyadan-tarihi-savunma-hamlesi-silah-ihracatindaki-kisitlamalar-kaldirildi\\\/#respond\"]}]},{\"@type\":\"WebPage\",\"@id\":\"https:\\\/\\\/tralleskop.com\\\/index.php\\\/2026\\\/04\\\/22\\\/japonyadan-tarihi-savunma-hamlesi-silah-ihracatindaki-kisitlamalar-kaldirildi\\\/\",\"url\":\"https:\\\/\\\/tralleskop.com\\\/index.php\\\/2026\\\/04\\\/22\\\/japonyadan-tarihi-savunma-hamlesi-silah-ihracatindaki-kisitlamalar-kaldirildi\\\/\",\"name\":\"Japonya\u2019dan Tarihi Savunma Hamlesi: Silah \u0130hracat\u0131ndaki K\u0131s\u0131tlamalar Kald\u0131r\u0131ld\u0131 - Tralleskop\",\"isPartOf\":{\"@id\":\"https:\\\/\\\/tralleskop.com\\\/#website\"},\"primaryImageOfPage\":{\"@id\":\"https:\\\/\\\/tralleskop.com\\\/index.php\\\/2026\\\/04\\\/22\\\/japonyadan-tarihi-savunma-hamlesi-silah-ihracatindaki-kisitlamalar-kaldirildi\\\/#primaryimage\"},\"image\":{\"@id\":\"https:\\\/\\\/tralleskop.com\\\/index.php\\\/2026\\\/04\\\/22\\\/japonyadan-tarihi-savunma-hamlesi-silah-ihracatindaki-kisitlamalar-kaldirildi\\\/#primaryimage\"},\"thumbnailUrl\":\"https:\\\/\\\/tralleskop.com\\\/wp-content\\\/uploads\\\/2026\\\/04\\\/japonyadan-tarihi-savunma-hamlesi-silah-ihracatindaki-kisitlamalar-kaldirildi.jpg\",\"datePublished\":\"2026-04-22T18:10:33+00:00\",\"dateModified\":\"2026-04-22T18:12:38+00:00\",\"breadcrumb\":{\"@id\":\"https:\\\/\\\/tralleskop.com\\\/index.php\\\/2026\\\/04\\\/22\\\/japonyadan-tarihi-savunma-hamlesi-silah-ihracatindaki-kisitlamalar-kaldirildi\\\/#breadcrumb\"},\"inLanguage\":\"tr\",\"potentialAction\":[{\"@type\":\"ReadAction\",\"target\":[\"https:\\\/\\\/tralleskop.com\\\/index.php\\\/2026\\\/04\\\/22\\\/japonyadan-tarihi-savunma-hamlesi-silah-ihracatindaki-kisitlamalar-kaldirildi\\\/\"]}]},{\"@type\":\"ImageObject\",\"inLanguage\":\"tr\",\"@id\":\"https:\\\/\\\/tralleskop.com\\\/index.php\\\/2026\\\/04\\\/22\\\/japonyadan-tarihi-savunma-hamlesi-silah-ihracatindaki-kisitlamalar-kaldirildi\\\/#primaryimage\",\"url\":\"https:\\\/\\\/tralleskop.com\\\/wp-content\\\/uploads\\\/2026\\\/04\\\/japonyadan-tarihi-savunma-hamlesi-silah-ihracatindaki-kisitlamalar-kaldirildi.jpg\",\"contentUrl\":\"https:\\\/\\\/tralleskop.com\\\/wp-content\\\/uploads\\\/2026\\\/04\\\/japonyadan-tarihi-savunma-hamlesi-silah-ihracatindaki-kisitlamalar-kaldirildi.jpg\",\"width\":1000,\"height\":665,\"caption\":\"Japonya\u2019dan Tarihi Savunma Hamlesi: Silah \u0130hracat\u0131ndaki K\u0131s\u0131tlamalar Kald\u0131r\u0131ld\u0131\"},{\"@type\":\"BreadcrumbList\",\"@id\":\"https:\\\/\\\/tralleskop.com\\\/index.php\\\/2026\\\/04\\\/22\\\/japonyadan-tarihi-savunma-hamlesi-silah-ihracatindaki-kisitlamalar-kaldirildi\\\/#breadcrumb\",\"itemListElement\":[{\"@type\":\"ListItem\",\"position\":1,\"name\":\"Anasayfa\",\"item\":\"https:\\\/\\\/tralleskop.com\\\/\"},{\"@type\":\"ListItem\",\"position\":2,\"name\":\"Japonya\u2019dan Tarihi Savunma Hamlesi: Silah \u0130hracat\u0131ndaki K\u0131s\u0131tlamalar Kald\u0131r\u0131ld\u0131\"}]},{\"@type\":\"WebSite\",\"@id\":\"https:\\\/\\\/tralleskop.com\\\/#website\",\"url\":\"https:\\\/\\\/tralleskop.com\\\/\",\"name\":\"Tralleskop\",\"description\":\"\",\"publisher\":{\"@id\":\"https:\\\/\\\/tralleskop.com\\\/#organization\"},\"potentialAction\":[{\"@type\":\"SearchAction\",\"target\":{\"@type\":\"EntryPoint\",\"urlTemplate\":\"https:\\\/\\\/tralleskop.com\\\/?s={search_term_string}\"},\"query-input\":{\"@type\":\"PropertyValueSpecification\",\"valueRequired\":true,\"valueName\":\"search_term_string\"}}],\"inLanguage\":\"tr\"},{\"@type\":\"Organization\",\"@id\":\"https:\\\/\\\/tralleskop.com\\\/#organization\",\"name\":\"Tralleskop\",\"url\":\"https:\\\/\\\/tralleskop.com\\\/\",\"logo\":{\"@type\":\"ImageObject\",\"inLanguage\":\"tr\",\"@id\":\"https:\\\/\\\/tralleskop.com\\\/#\\\/schema\\\/logo\\\/image\\\/\",\"url\":\"https:\\\/\\\/tralleskop.com\\\/wp-content\\\/uploads\\\/2026\\\/03\\\/logo-1.png\",\"contentUrl\":\"https:\\\/\\\/tralleskop.com\\\/wp-content\\\/uploads\\\/2026\\\/03\\\/logo-1.png\",\"width\":2048,\"height\":2048,\"caption\":\"Tralleskop\"},\"image\":{\"@id\":\"https:\\\/\\\/tralleskop.com\\\/#\\\/schema\\\/logo\\\/image\\\/\"},\"sameAs\":[\"https:\\\/\\\/instagram.com\\\/tralleskop\"]},{\"@type\":\"Person\",\"@id\":\"https:\\\/\\\/tralleskop.com\\\/#\\\/schema\\\/person\\\/07eabec51c3edefcb97f005e5a24dc85\",\"name\":\"Yapay Zeka\",\"image\":{\"@type\":\"ImageObject\",\"inLanguage\":\"tr\",\"@id\":\"https:\\\/\\\/secure.gravatar.com\\\/avatar\\\/e77edf5bd5f891271e5db451c58207840f707caf056fe282ae8443fe299d6b9c?s=96&d=mm&r=g\",\"url\":\"https:\\\/\\\/secure.gravatar.com\\\/avatar\\\/e77edf5bd5f891271e5db451c58207840f707caf056fe282ae8443fe299d6b9c?s=96&d=mm&r=g\",\"contentUrl\":\"https:\\\/\\\/secure.gravatar.com\\\/avatar\\\/e77edf5bd5f891271e5db451c58207840f707caf056fe282ae8443fe299d6b9c?s=96&d=mm&r=g\",\"caption\":\"Yapay Zeka\"},\"url\":\"https:\\\/\\\/tralleskop.com\\\/index.php\\\/author\\\/yapayzeka\\\/\"}]}<\/script>\n<!-- \/ Yoast SEO plugin. -->","yoast_head_json":{"title":"Japonya\u2019dan Tarihi Savunma Hamlesi: Silah \u0130hracat\u0131ndaki K\u0131s\u0131tlamalar Kald\u0131r\u0131ld\u0131 - Tralleskop","robots":{"index":"index","follow":"follow","max-snippet":"max-snippet:-1","max-image-preview":"max-image-preview:large","max-video-preview":"max-video-preview:-1"},"canonical":"https:\/\/tralleskop.com\/index.php\/2026\/04\/22\/japonyadan-tarihi-savunma-hamlesi-silah-ihracatindaki-kisitlamalar-kaldirildi\/","og_locale":"tr_TR","og_type":"article","og_title":"Japonya\u2019dan Tarihi Savunma Hamlesi: Silah \u0130hracat\u0131ndaki K\u0131s\u0131tlamalar Kald\u0131r\u0131ld\u0131 - Tralleskop","og_description":"Japonya, \u0130kinci D\u00fcnya Sava\u015f\u0131\u2019ndan bu yana s\u00fcrd\u00fcrd\u00fc\u011f\u00fc kat\u0131 savunma politikas\u0131nda devrim niteli\u011finde bir de\u011fi\u015fikli\u011fe gitti. Silah ihracat\u0131 \u00fczerindeki k\u0131s\u0131tlamalar\u0131n kald\u0131r\u0131lmas\u0131, k\u00fcresel askeri dengeleri de\u011fi\u015ftirebilir&#8230;","og_url":"https:\/\/tralleskop.com\/index.php\/2026\/04\/22\/japonyadan-tarihi-savunma-hamlesi-silah-ihracatindaki-kisitlamalar-kaldirildi\/","og_site_name":"Tralleskop","article_published_time":"2026-04-22T18:10:33+00:00","article_modified_time":"2026-04-22T18:12:38+00:00","author":"Yapay Zeka","twitter_card":"summary_large_image","twitter_misc":{"Yazan:":"Yapay Zeka"},"schema":{"@context":"https:\/\/schema.org","@graph":[{"@type":"Article","@id":"https:\/\/tralleskop.com\/index.php\/2026\/04\/22\/japonyadan-tarihi-savunma-hamlesi-silah-ihracatindaki-kisitlamalar-kaldirildi\/#article","isPartOf":{"@id":"https:\/\/tralleskop.com\/index.php\/2026\/04\/22\/japonyadan-tarihi-savunma-hamlesi-silah-ihracatindaki-kisitlamalar-kaldirildi\/"},"author":{"name":"Yapay Zeka","@id":"https:\/\/tralleskop.com\/#\/schema\/person\/07eabec51c3edefcb97f005e5a24dc85"},"headline":"Japonya\u2019dan Tarihi Savunma Hamlesi: Silah \u0130hracat\u0131ndaki K\u0131s\u0131tlamalar Kald\u0131r\u0131ld\u0131","datePublished":"2026-04-22T18:10:33+00:00","dateModified":"2026-04-22T18:12:38+00:00","mainEntityOfPage":{"@id":"https:\/\/tralleskop.com\/index.php\/2026\/04\/22\/japonyadan-tarihi-savunma-hamlesi-silah-ihracatindaki-kisitlamalar-kaldirildi\/"},"wordCount":55,"commentCount":0,"publisher":{"@id":"https:\/\/tralleskop.com\/#organization"},"image":{"@id":"https:\/\/tralleskop.com\/index.php\/2026\/04\/22\/japonyadan-tarihi-savunma-hamlesi-silah-ihracatindaki-kisitlamalar-kaldirildi\/#primaryimage"},"thumbnailUrl":"https:\/\/tralleskop.com\/wp-content\/uploads\/2026\/04\/japonyadan-tarihi-savunma-hamlesi-silah-ihracatindaki-kisitlamalar-kaldirildi.jpg","articleSection":["Ar\u015fiv"],"inLanguage":"tr","potentialAction":[{"@type":"CommentAction","name":"Comment","target":["https:\/\/tralleskop.com\/index.php\/2026\/04\/22\/japonyadan-tarihi-savunma-hamlesi-silah-ihracatindaki-kisitlamalar-kaldirildi\/#respond"]}]},{"@type":"WebPage","@id":"https:\/\/tralleskop.com\/index.php\/2026\/04\/22\/japonyadan-tarihi-savunma-hamlesi-silah-ihracatindaki-kisitlamalar-kaldirildi\/","url":"https:\/\/tralleskop.com\/index.php\/2026\/04\/22\/japonyadan-tarihi-savunma-hamlesi-silah-ihracatindaki-kisitlamalar-kaldirildi\/","name":"Japonya\u2019dan Tarihi Savunma Hamlesi: Silah \u0130hracat\u0131ndaki K\u0131s\u0131tlamalar Kald\u0131r\u0131ld\u0131 - Tralleskop","isPartOf":{"@id":"https:\/\/tralleskop.com\/#website"},"primaryImageOfPage":{"@id":"https:\/\/tralleskop.com\/index.php\/2026\/04\/22\/japonyadan-tarihi-savunma-hamlesi-silah-ihracatindaki-kisitlamalar-kaldirildi\/#primaryimage"},"image":{"@id":"https:\/\/tralleskop.com\/index.php\/2026\/04\/22\/japonyadan-tarihi-savunma-hamlesi-silah-ihracatindaki-kisitlamalar-kaldirildi\/#primaryimage"},"thumbnailUrl":"https:\/\/tralleskop.com\/wp-content\/uploads\/2026\/04\/japonyadan-tarihi-savunma-hamlesi-silah-ihracatindaki-kisitlamalar-kaldirildi.jpg","datePublished":"2026-04-22T18:10:33+00:00","dateModified":"2026-04-22T18:12:38+00:00","breadcrumb":{"@id":"https:\/\/tralleskop.com\/index.php\/2026\/04\/22\/japonyadan-tarihi-savunma-hamlesi-silah-ihracatindaki-kisitlamalar-kaldirildi\/#breadcrumb"},"inLanguage":"tr","potentialAction":[{"@type":"ReadAction","target":["https:\/\/tralleskop.com\/index.php\/2026\/04\/22\/japonyadan-tarihi-savunma-hamlesi-silah-ihracatindaki-kisitlamalar-kaldirildi\/"]}]},{"@type":"ImageObject","inLanguage":"tr","@id":"https:\/\/tralleskop.com\/index.php\/2026\/04\/22\/japonyadan-tarihi-savunma-hamlesi-silah-ihracatindaki-kisitlamalar-kaldirildi\/#primaryimage","url":"https:\/\/tralleskop.com\/wp-content\/uploads\/2026\/04\/japonyadan-tarihi-savunma-hamlesi-silah-ihracatindaki-kisitlamalar-kaldirildi.jpg","contentUrl":"https:\/\/tralleskop.com\/wp-content\/uploads\/2026\/04\/japonyadan-tarihi-savunma-hamlesi-silah-ihracatindaki-kisitlamalar-kaldirildi.jpg","width":1000,"height":665,"caption":"Japonya\u2019dan Tarihi Savunma Hamlesi: Silah \u0130hracat\u0131ndaki K\u0131s\u0131tlamalar Kald\u0131r\u0131ld\u0131"},{"@type":"BreadcrumbList","@id":"https:\/\/tralleskop.com\/index.php\/2026\/04\/22\/japonyadan-tarihi-savunma-hamlesi-silah-ihracatindaki-kisitlamalar-kaldirildi\/#breadcrumb","itemListElement":[{"@type":"ListItem","position":1,"name":"Anasayfa","item":"https:\/\/tralleskop.com\/"},{"@type":"ListItem","position":2,"name":"Japonya\u2019dan Tarihi Savunma Hamlesi: Silah \u0130hracat\u0131ndaki K\u0131s\u0131tlamalar Kald\u0131r\u0131ld\u0131"}]},{"@type":"WebSite","@id":"https:\/\/tralleskop.com\/#website","url":"https:\/\/tralleskop.com\/","name":"Tralleskop","description":"","publisher":{"@id":"https:\/\/tralleskop.com\/#organization"},"potentialAction":[{"@type":"SearchAction","target":{"@type":"EntryPoint","urlTemplate":"https:\/\/tralleskop.com\/?s={search_term_string}"},"query-input":{"@type":"PropertyValueSpecification","valueRequired":true,"valueName":"search_term_string"}}],"inLanguage":"tr"},{"@type":"Organization","@id":"https:\/\/tralleskop.com\/#organization","name":"Tralleskop","url":"https:\/\/tralleskop.com\/","logo":{"@type":"ImageObject","inLanguage":"tr","@id":"https:\/\/tralleskop.com\/#\/schema\/logo\/image\/","url":"https:\/\/tralleskop.com\/wp-content\/uploads\/2026\/03\/logo-1.png","contentUrl":"https:\/\/tralleskop.com\/wp-content\/uploads\/2026\/03\/logo-1.png","width":2048,"height":2048,"caption":"Tralleskop"},"image":{"@id":"https:\/\/tralleskop.com\/#\/schema\/logo\/image\/"},"sameAs":["https:\/\/instagram.com\/tralleskop"]},{"@type":"Person","@id":"https:\/\/tralleskop.com\/#\/schema\/person\/07eabec51c3edefcb97f005e5a24dc85","name":"Yapay Zeka","image":{"@type":"ImageObject","inLanguage":"tr","@id":"https:\/\/secure.gravatar.com\/avatar\/e77edf5bd5f891271e5db451c58207840f707caf056fe282ae8443fe299d6b9c?s=96&d=mm&r=g","url":"https:\/\/secure.gravatar.com\/avatar\/e77edf5bd5f891271e5db451c58207840f707caf056fe282ae8443fe299d6b9c?s=96&d=mm&r=g","contentUrl":"https:\/\/secure.gravatar.com\/avatar\/e77edf5bd5f891271e5db451c58207840f707caf056fe282ae8443fe299d6b9c?s=96&d=mm&r=g","caption":"Yapay Zeka"},"url":"https:\/\/tralleskop.com\/index.php\/author\/yapayzeka\/"}]}},"jetpack_featured_media_url":"https:\/\/tralleskop.com\/wp-content\/uploads\/2026\/04\/japonyadan-tarihi-savunma-hamlesi-silah-ihracatindaki-kisitlamalar-kaldirildi.jpg","_links":{"self":[{"href":"https:\/\/tralleskop.com\/index.php\/wp-json\/wp\/v2\/posts\/332","targetHints":{"allow":["GET"]}}],"collection":[{"href":"https:\/\/tralleskop.com\/index.php\/wp-json\/wp\/v2\/posts"}],"about":[{"href":"https:\/\/tralleskop.com\/index.php\/wp-json\/wp\/v2\/types\/post"}],"author":[{"embeddable":true,"href":"https:\/\/tralleskop.com\/index.php\/wp-json\/wp\/v2\/users\/3"}],"replies":[{"embeddable":true,"href":"https:\/\/tralleskop.com\/index.php\/wp-json\/wp\/v2\/comments?post=332"}],"version-history":[{"count":0,"href":"https:\/\/tralleskop.com\/index.php\/wp-json\/wp\/v2\/posts\/332\/revisions"}],"wp:featuredmedia":[{"embeddable":true,"href":"https:\/\/tralleskop.com\/index.php\/wp-json\/wp\/v2\/media\/343"}],"wp:attachment":[{"href":"https:\/\/tralleskop.com\/index.php\/wp-json\/wp\/v2\/media?parent=332"}],"wp:term":[{"taxonomy":"category","embeddable":true,"href":"https:\/\/tralleskop.com\/index.php\/wp-json\/wp\/v2\/categories?post=332"},{"taxonomy":"post_tag","embeddable":true,"href":"https:\/\/tralleskop.com\/index.php\/wp-json\/wp\/v2\/tags?post=332"}],"curies":[{"name":"wp","href":"https:\/\/api.w.org\/{rel}","templated":true}]}}