{"id":329,"date":"2026-04-22T21:01:00","date_gmt":"2026-04-22T18:01:00","guid":{"rendered":"http:\/\/localhost\/wordpress\/index.php\/2026\/04\/22\/ingiltere-siyasetinde-etik-sinavi-starmer-mandelson-ve-epstein-baglantisi-uzerindeki-iddialar\/"},"modified":"2026-04-22T23:01:21","modified_gmt":"2026-04-22T20:01:21","slug":"ingiltere-siyasetinde-etik-sinavi-starmer-mandelson-ve-epstein-baglantisi-uzerindeki-iddialar","status":"publish","type":"post","link":"https:\/\/tralleskop.com\/index.php\/2026\/04\/22\/ingiltere-siyasetinde-etik-sinavi-starmer-mandelson-ve-epstein-baglantisi-uzerindeki-iddialar\/","title":{"rendered":"\u0130ngiltere Siyasetinde Etik S\u0131nav\u0131: Starmer, Mandelson ve Epstein Ba\u011flant\u0131s\u0131 \u00dczerindeki \u0130ddialar"},"content":{"rendered":"<p>\u0130ngiltere siyaseti, Ba\u015fbakan Keir Starmer\u2019\u0131n g\u00f6revdeki 21. ay\u0131nda, h\u00fck\u00fcmetin en \u00fcst kademelerinde yank\u0131lanan ciddi bir etik ve g\u00fcvenlik kriziyle kar\u015f\u0131 kar\u015f\u0131ya. Washington Post taraf\u0131ndan ortaya \u00e7\u0131kar\u0131lan ve g\u00f6revden al\u0131nan bir \u00fcst d\u00fczey yetkilinin ifadelerine dayanan iddialar, h\u00fck\u00fcmetin Peter Mandelson\u2019\u0131n atanmas\u0131 s\u00fcrecinde g\u00fcvenlik protokollerini esnetti\u011fi y\u00f6n\u00fcnde. &#8216;Sakin Gazetecilik&#8217; ilkeleri \u00e7er\u00e7evesinde konuyu ele ald\u0131\u011f\u0131m\u0131zda, bu durumun sadece bir &#8216;atama hatas\u0131&#8217; de\u011fil, ayn\u0131 zamanda kurumsal \u015feffafl\u0131k ve liyakat ilkelerinin sars\u0131lmas\u0131na dair daha derin bir mesele oldu\u011fu g\u00f6r\u00fcl\u00fcyor.<\/p>\n<p>Olay\u0131n merkezindeki isim olan Peter Mandelson, \u0130ngiliz siyasetinin en deneyimli ancak ayn\u0131 zamanda en tart\u0131\u015fmal\u0131 fig\u00fcrlerinden biri. \u0130ddialara g\u00f6re, Mandelson\u2019\u0131n Jeffrey Epstein ile olan ge\u00e7mi\u015fteki ba\u011flar\u0131 nedeniyle g\u00fcvenlik birimleri taraf\u0131ndan verilen &#8216;k\u0131rm\u0131z\u0131 bayrakl\u0131&#8217; uyar\u0131lar, Ba\u015fbakanl\u0131k Ofisi (10 Downing Street) taraf\u0131ndan g\u00f6rmezden gelindi veya bypass edilmeye \u00e7al\u0131\u015f\u0131ld\u0131. G\u00f6revden al\u0131nan yetkili, Starmer\u2019\u0131n ofisinin Mandelson\u2019\u0131n g\u00fcvenlik onay\u0131n\u0131 almas\u0131 i\u00e7in &#8216;agresif bir bask\u0131&#8217; uygulad\u0131\u011f\u0131n\u0131 iddia ediyor. Bu durum, Starmer\u2019\u0131n se\u00e7im kampanyas\u0131nda vaat etti\u011fi &#8216;d\u00fcr\u00fcstl\u00fck ve profesyonellik&#8217; s\u00f6zleriyle taban tabana z\u0131t bir tablo \u00e7iziyor.<\/p>\n<p>Sakin bir perspektiften bak\u0131ld\u0131\u011f\u0131nda, Jeffrey Epstein dosyas\u0131 k\u00fcresel \u00f6l\u00e7ekte bir g\u00fc\u00e7 suistimali simgesidir. Dolay\u0131s\u0131yla, bir h\u00fck\u00fcmetin bu a\u011fla ili\u015fkili oldu\u011fu bilinen bir fig\u00fcr\u00fc, g\u00fcvenlik uyar\u0131lar\u0131na ra\u011fmen kilit bir role getirmeye \u00e7al\u0131\u015fmas\u0131, kamuoyundaki &#8216;kurumsal g\u00fcven&#8217; duygusuna a\u011f\u0131r bir darbe indirmektedir. \u0130ngiltere\u2019de son y\u0131llarda siyasi skandallar\u0131n yaratt\u0131\u011f\u0131 g\u00fcvensizlik ortam\u0131, bu t\u00fcr bir hamleyle daha da derinle\u015fme potansiyeli ta\u015f\u0131yor. Starmer y\u00f6netimi, bu iddialar\u0131 &#8216;rutin s\u00fcre\u00e7ler&#8217; olarak nitelendirmeye \u00e7al\u0131\u015fsa da, s\u0131zan bilgiler s\u00fcrecin rutin olmaktan \u00e7ok uzak oldu\u011funu g\u00f6steriyor.<\/p>\n<p>Habere konu olan g\u00fcvenlik onay s\u00fcreci, devletin bekas\u0131n\u0131 ve d\u00fcr\u00fcstl\u00fc\u011f\u00fcn\u00fc korumak i\u00e7in tasarlanm\u0131\u015ft\u0131r. E\u011fer siyasi irade, kendi ajandas\u0131n\u0131 ger\u00e7ekle\u015ftirmek i\u00e7in bu denetim mekanizmalar\u0131n\u0131 zay\u0131flat\u0131yorsa, bu sadece bir h\u00fck\u00fcmet krizi de\u011fil, bir sistem krizidir. Mandelson\u2019\u0131n yetenekleri veya siyasi zekas\u0131 ne kadar y\u00fcksek olursa olsun, g\u00fcvenlik protokollerinin delinmesiyle elde edilen bir koltuk, me\u015fruiyet tart\u0131\u015fmalar\u0131n\u0131 da beraberinde getirir. \u00d6n\u00fcm\u00fczdeki g\u00fcnlerde, bu bask\u0131lar\u0131n ne d\u00fczeyde ger\u00e7ekle\u015fti\u011fine dair meclis soru\u015fturmalar\u0131 ve daha fazla s\u0131z\u0131nt\u0131 beklenmektedir.<\/p>\n<p>Sonu\u00e7 olarak, Starmer h\u00fck\u00fcmeti i\u00e7in bu olay, sadece bir gazete man\u015feti de\u011fil, y\u00f6netim felsefesinin samimiyet testidir. Vatanda\u015flar\u0131n, y\u00f6neticilerinin &#8216;kurallara herkes gibi uymas\u0131n\u0131&#8217; bekledi\u011fi bir d\u00f6nemde, 10 numaran\u0131n bu iddialara verece\u011fi yan\u0131t, \u0130ngiltere\u2019nin demokratik standartlar\u0131n\u0131n gelecekteki y\u00f6n\u00fcn\u00fc de belirleyecektir. Sessiz ama derinden ilerleyen bu kriz, h\u00fck\u00fcmetin &#8216;temiz siyaset&#8217; iddias\u0131n\u0131 yeniden tan\u0131mlamas\u0131na neden olabilir.<\/p>\n","protected":false},"excerpt":{"rendered":"<p>\u0130ngiltere siyaseti, Ba\u015fbakan Keir Starmer\u2019\u0131n g\u00f6revdeki 21. ay\u0131nda, h\u00fck\u00fcmetin en \u00fcst kademelerinde yank\u0131lanan ciddi bir etik ve g\u00fcvenlik kriziyle kar\u015f\u0131 kar\u015f\u0131ya. Washington Post taraf\u0131ndan ortaya \u00e7\u0131kar\u0131lan ve g\u00f6revden al\u0131nan bir \u00fcst d\u00fczey yetkilinin ifadelerine dayanan iddialar, h\u00fck\u00fcmetin Peter Mandelson\u2019\u0131n atanmas\u0131 s\u00fcrecinde g\u00fcvenlik protokollerini esnetti\u011fi y\u00f6n\u00fcnde. &#8216;Sakin Gazetecilik&#8217; ilkeleri \u00e7er\u00e7evesinde konuyu ele ald\u0131\u011f\u0131m\u0131zda, bu durumun sadece [&hellip;]<\/p>\n","protected":false},"author":3,"featured_media":414,"comment_status":"open","ping_status":"open","sticky":false,"template":"","format":"standard","meta":{"_coblocks_attr":"","_coblocks_dimensions":"","_coblocks_responsive_height":"","_coblocks_accordion_ie_support":"","_ai_summary":"","_external_image_url":"https:\/\/images.unsplash.com\/photo-1529107386315-e1a2ed48a620?w=1000","footnotes":""},"categories":[1],"tags":[110,109,107,108,111,112],"class_list":["post-329","post","type-post","status-publish","format-standard","has-post-thumbnail","hentry","category-arsiv","tag-ingiltere-siyaseti","tag-jeffrey-epstein","tag-keir-starmer","tag-peter-mandelson","tag-siyasi-etik","tag-washington-post"],"yoast_head":"<!-- This site is optimized with the Yoast SEO plugin v27.5 - https:\/\/yoast.com\/product\/yoast-seo-wordpress\/ -->\n<title>\u0130ngiltere Siyasetinde Etik S\u0131nav\u0131: Starmer, Mandelson ve Epstein Ba\u011flant\u0131s\u0131 \u00dczerindeki \u0130ddialar - Tralleskop<\/title>\n<meta name=\"robots\" content=\"index, follow, max-snippet:-1, max-image-preview:large, max-video-preview:-1\" \/>\n<link rel=\"canonical\" href=\"https:\/\/tralleskop.com\/index.php\/2026\/04\/22\/ingiltere-siyasetinde-etik-sinavi-starmer-mandelson-ve-epstein-baglantisi-uzerindeki-iddialar\/\" \/>\n<meta property=\"og:locale\" content=\"tr_TR\" \/>\n<meta property=\"og:type\" content=\"article\" \/>\n<meta property=\"og:title\" content=\"\u0130ngiltere Siyasetinde Etik S\u0131nav\u0131: Starmer, Mandelson ve Epstein Ba\u011flant\u0131s\u0131 \u00dczerindeki \u0130ddialar - Tralleskop\" \/>\n<meta property=\"og:description\" content=\"\u0130ngiltere siyaseti, Ba\u015fbakan Keir Starmer\u2019\u0131n g\u00f6revdeki 21. ay\u0131nda, h\u00fck\u00fcmetin en \u00fcst kademelerinde yank\u0131lanan ciddi bir etik ve g\u00fcvenlik kriziyle kar\u015f\u0131 kar\u015f\u0131ya. Washington Post taraf\u0131ndan ortaya \u00e7\u0131kar\u0131lan ve g\u00f6revden al\u0131nan bir \u00fcst d\u00fczey yetkilinin ifadelerine dayanan iddialar, h\u00fck\u00fcmetin Peter Mandelson\u2019\u0131n atanmas\u0131 s\u00fcrecinde g\u00fcvenlik protokollerini esnetti\u011fi y\u00f6n\u00fcnde. &#8216;Sakin Gazetecilik&#8217; ilkeleri \u00e7er\u00e7evesinde konuyu ele ald\u0131\u011f\u0131m\u0131zda, bu durumun sadece [&hellip;]\" \/>\n<meta property=\"og:url\" content=\"https:\/\/tralleskop.com\/index.php\/2026\/04\/22\/ingiltere-siyasetinde-etik-sinavi-starmer-mandelson-ve-epstein-baglantisi-uzerindeki-iddialar\/\" \/>\n<meta property=\"og:site_name\" content=\"Tralleskop\" \/>\n<meta property=\"article:published_time\" content=\"2026-04-22T18:01:00+00:00\" \/>\n<meta property=\"article:modified_time\" content=\"2026-04-22T20:01:21+00:00\" \/>\n<meta name=\"author\" content=\"Yapay Zeka\" \/>\n<meta name=\"twitter:card\" content=\"summary_large_image\" \/>\n<meta name=\"twitter:label1\" content=\"Yazan:\" \/>\n\t<meta name=\"twitter:data1\" content=\"Yapay Zeka\" \/>\n\t<meta name=\"twitter:label2\" content=\"Tahmini okuma s\u00fcresi\" \/>\n\t<meta name=\"twitter:data2\" content=\"3 dakika\" \/>\n<script type=\"application\/ld+json\" class=\"yoast-schema-graph\">{\"@context\":\"https:\\\/\\\/schema.org\",\"@graph\":[{\"@type\":\"Article\",\"@id\":\"https:\\\/\\\/tralleskop.com\\\/index.php\\\/2026\\\/04\\\/22\\\/ingiltere-siyasetinde-etik-sinavi-starmer-mandelson-ve-epstein-baglantisi-uzerindeki-iddialar\\\/#article\",\"isPartOf\":{\"@id\":\"https:\\\/\\\/tralleskop.com\\\/index.php\\\/2026\\\/04\\\/22\\\/ingiltere-siyasetinde-etik-sinavi-starmer-mandelson-ve-epstein-baglantisi-uzerindeki-iddialar\\\/\"},\"author\":{\"name\":\"Yapay Zeka\",\"@id\":\"https:\\\/\\\/tralleskop.com\\\/#\\\/schema\\\/person\\\/07eabec51c3edefcb97f005e5a24dc85\"},\"headline\":\"\u0130ngiltere Siyasetinde Etik S\u0131nav\u0131: Starmer, Mandelson ve Epstein Ba\u011flant\u0131s\u0131 \u00dczerindeki \u0130ddialar\",\"datePublished\":\"2026-04-22T18:01:00+00:00\",\"dateModified\":\"2026-04-22T20:01:21+00:00\",\"mainEntityOfPage\":{\"@id\":\"https:\\\/\\\/tralleskop.com\\\/index.php\\\/2026\\\/04\\\/22\\\/ingiltere-siyasetinde-etik-sinavi-starmer-mandelson-ve-epstein-baglantisi-uzerindeki-iddialar\\\/\"},\"wordCount\":526,\"commentCount\":0,\"publisher\":{\"@id\":\"https:\\\/\\\/tralleskop.com\\\/#organization\"},\"image\":{\"@id\":\"https:\\\/\\\/tralleskop.com\\\/index.php\\\/2026\\\/04\\\/22\\\/ingiltere-siyasetinde-etik-sinavi-starmer-mandelson-ve-epstein-baglantisi-uzerindeki-iddialar\\\/#primaryimage\"},\"thumbnailUrl\":\"https:\\\/\\\/tralleskop.com\\\/wp-content\\\/uploads\\\/2026\\\/04\\\/photo-1529107386315-e1a2ed48a620.jpg\",\"keywords\":[\"\u0130ngiltere Siyaseti\",\"Jeffrey Epstein\",\"Keir Starmer\",\"Peter Mandelson\",\"Siyasi Etik\",\"Washington Post\"],\"articleSection\":[\"Ar\u015fiv\"],\"inLanguage\":\"tr\",\"potentialAction\":[{\"@type\":\"CommentAction\",\"name\":\"Comment\",\"target\":[\"https:\\\/\\\/tralleskop.com\\\/index.php\\\/2026\\\/04\\\/22\\\/ingiltere-siyasetinde-etik-sinavi-starmer-mandelson-ve-epstein-baglantisi-uzerindeki-iddialar\\\/#respond\"]}]},{\"@type\":\"WebPage\",\"@id\":\"https:\\\/\\\/tralleskop.com\\\/index.php\\\/2026\\\/04\\\/22\\\/ingiltere-siyasetinde-etik-sinavi-starmer-mandelson-ve-epstein-baglantisi-uzerindeki-iddialar\\\/\",\"url\":\"https:\\\/\\\/tralleskop.com\\\/index.php\\\/2026\\\/04\\\/22\\\/ingiltere-siyasetinde-etik-sinavi-starmer-mandelson-ve-epstein-baglantisi-uzerindeki-iddialar\\\/\",\"name\":\"\u0130ngiltere Siyasetinde Etik S\u0131nav\u0131: Starmer, Mandelson ve Epstein Ba\u011flant\u0131s\u0131 \u00dczerindeki \u0130ddialar - Tralleskop\",\"isPartOf\":{\"@id\":\"https:\\\/\\\/tralleskop.com\\\/#website\"},\"primaryImageOfPage\":{\"@id\":\"https:\\\/\\\/tralleskop.com\\\/index.php\\\/2026\\\/04\\\/22\\\/ingiltere-siyasetinde-etik-sinavi-starmer-mandelson-ve-epstein-baglantisi-uzerindeki-iddialar\\\/#primaryimage\"},\"image\":{\"@id\":\"https:\\\/\\\/tralleskop.com\\\/index.php\\\/2026\\\/04\\\/22\\\/ingiltere-siyasetinde-etik-sinavi-starmer-mandelson-ve-epstein-baglantisi-uzerindeki-iddialar\\\/#primaryimage\"},\"thumbnailUrl\":\"https:\\\/\\\/tralleskop.com\\\/wp-content\\\/uploads\\\/2026\\\/04\\\/photo-1529107386315-e1a2ed48a620.jpg\",\"datePublished\":\"2026-04-22T18:01:00+00:00\",\"dateModified\":\"2026-04-22T20:01:21+00:00\",\"breadcrumb\":{\"@id\":\"https:\\\/\\\/tralleskop.com\\\/index.php\\\/2026\\\/04\\\/22\\\/ingiltere-siyasetinde-etik-sinavi-starmer-mandelson-ve-epstein-baglantisi-uzerindeki-iddialar\\\/#breadcrumb\"},\"inLanguage\":\"tr\",\"potentialAction\":[{\"@type\":\"ReadAction\",\"target\":[\"https:\\\/\\\/tralleskop.com\\\/index.php\\\/2026\\\/04\\\/22\\\/ingiltere-siyasetinde-etik-sinavi-starmer-mandelson-ve-epstein-baglantisi-uzerindeki-iddialar\\\/\"]}]},{\"@type\":\"ImageObject\",\"inLanguage\":\"tr\",\"@id\":\"https:\\\/\\\/tralleskop.com\\\/index.php\\\/2026\\\/04\\\/22\\\/ingiltere-siyasetinde-etik-sinavi-starmer-mandelson-ve-epstein-baglantisi-uzerindeki-iddialar\\\/#primaryimage\",\"url\":\"https:\\\/\\\/tralleskop.com\\\/wp-content\\\/uploads\\\/2026\\\/04\\\/photo-1529107386315-e1a2ed48a620.jpg\",\"contentUrl\":\"https:\\\/\\\/tralleskop.com\\\/wp-content\\\/uploads\\\/2026\\\/04\\\/photo-1529107386315-e1a2ed48a620.jpg\",\"width\":1000,\"height\":667},{\"@type\":\"BreadcrumbList\",\"@id\":\"https:\\\/\\\/tralleskop.com\\\/index.php\\\/2026\\\/04\\\/22\\\/ingiltere-siyasetinde-etik-sinavi-starmer-mandelson-ve-epstein-baglantisi-uzerindeki-iddialar\\\/#breadcrumb\",\"itemListElement\":[{\"@type\":\"ListItem\",\"position\":1,\"name\":\"Anasayfa\",\"item\":\"https:\\\/\\\/tralleskop.com\\\/\"},{\"@type\":\"ListItem\",\"position\":2,\"name\":\"\u0130ngiltere Siyasetinde Etik S\u0131nav\u0131: Starmer, Mandelson ve Epstein Ba\u011flant\u0131s\u0131 \u00dczerindeki \u0130ddialar\"}]},{\"@type\":\"WebSite\",\"@id\":\"https:\\\/\\\/tralleskop.com\\\/#website\",\"url\":\"https:\\\/\\\/tralleskop.com\\\/\",\"name\":\"Tralleskop\",\"description\":\"\",\"publisher\":{\"@id\":\"https:\\\/\\\/tralleskop.com\\\/#organization\"},\"potentialAction\":[{\"@type\":\"SearchAction\",\"target\":{\"@type\":\"EntryPoint\",\"urlTemplate\":\"https:\\\/\\\/tralleskop.com\\\/?s={search_term_string}\"},\"query-input\":{\"@type\":\"PropertyValueSpecification\",\"valueRequired\":true,\"valueName\":\"search_term_string\"}}],\"inLanguage\":\"tr\"},{\"@type\":\"Organization\",\"@id\":\"https:\\\/\\\/tralleskop.com\\\/#organization\",\"name\":\"Tralleskop\",\"url\":\"https:\\\/\\\/tralleskop.com\\\/\",\"logo\":{\"@type\":\"ImageObject\",\"inLanguage\":\"tr\",\"@id\":\"https:\\\/\\\/tralleskop.com\\\/#\\\/schema\\\/logo\\\/image\\\/\",\"url\":\"https:\\\/\\\/tralleskop.com\\\/wp-content\\\/uploads\\\/2026\\\/03\\\/logo-1.png\",\"contentUrl\":\"https:\\\/\\\/tralleskop.com\\\/wp-content\\\/uploads\\\/2026\\\/03\\\/logo-1.png\",\"width\":2048,\"height\":2048,\"caption\":\"Tralleskop\"},\"image\":{\"@id\":\"https:\\\/\\\/tralleskop.com\\\/#\\\/schema\\\/logo\\\/image\\\/\"},\"sameAs\":[\"https:\\\/\\\/instagram.com\\\/tralleskop\"]},{\"@type\":\"Person\",\"@id\":\"https:\\\/\\\/tralleskop.com\\\/#\\\/schema\\\/person\\\/07eabec51c3edefcb97f005e5a24dc85\",\"name\":\"Yapay Zeka\",\"image\":{\"@type\":\"ImageObject\",\"inLanguage\":\"tr\",\"@id\":\"https:\\\/\\\/secure.gravatar.com\\\/avatar\\\/e77edf5bd5f891271e5db451c58207840f707caf056fe282ae8443fe299d6b9c?s=96&d=mm&r=g\",\"url\":\"https:\\\/\\\/secure.gravatar.com\\\/avatar\\\/e77edf5bd5f891271e5db451c58207840f707caf056fe282ae8443fe299d6b9c?s=96&d=mm&r=g\",\"contentUrl\":\"https:\\\/\\\/secure.gravatar.com\\\/avatar\\\/e77edf5bd5f891271e5db451c58207840f707caf056fe282ae8443fe299d6b9c?s=96&d=mm&r=g\",\"caption\":\"Yapay Zeka\"},\"url\":\"https:\\\/\\\/tralleskop.com\\\/index.php\\\/author\\\/yapayzeka\\\/\"}]}<\/script>\n<!-- \/ Yoast SEO plugin. -->","yoast_head_json":{"title":"\u0130ngiltere Siyasetinde Etik S\u0131nav\u0131: Starmer, Mandelson ve Epstein Ba\u011flant\u0131s\u0131 \u00dczerindeki \u0130ddialar - Tralleskop","robots":{"index":"index","follow":"follow","max-snippet":"max-snippet:-1","max-image-preview":"max-image-preview:large","max-video-preview":"max-video-preview:-1"},"canonical":"https:\/\/tralleskop.com\/index.php\/2026\/04\/22\/ingiltere-siyasetinde-etik-sinavi-starmer-mandelson-ve-epstein-baglantisi-uzerindeki-iddialar\/","og_locale":"tr_TR","og_type":"article","og_title":"\u0130ngiltere Siyasetinde Etik S\u0131nav\u0131: Starmer, Mandelson ve Epstein Ba\u011flant\u0131s\u0131 \u00dczerindeki \u0130ddialar - Tralleskop","og_description":"\u0130ngiltere siyaseti, Ba\u015fbakan Keir Starmer\u2019\u0131n g\u00f6revdeki 21. ay\u0131nda, h\u00fck\u00fcmetin en \u00fcst kademelerinde yank\u0131lanan ciddi bir etik ve g\u00fcvenlik kriziyle kar\u015f\u0131 kar\u015f\u0131ya. Washington Post taraf\u0131ndan ortaya \u00e7\u0131kar\u0131lan ve g\u00f6revden al\u0131nan bir \u00fcst d\u00fczey yetkilinin ifadelerine dayanan iddialar, h\u00fck\u00fcmetin Peter Mandelson\u2019\u0131n atanmas\u0131 s\u00fcrecinde g\u00fcvenlik protokollerini esnetti\u011fi y\u00f6n\u00fcnde. &#8216;Sakin Gazetecilik&#8217; ilkeleri \u00e7er\u00e7evesinde konuyu ele ald\u0131\u011f\u0131m\u0131zda, bu durumun sadece [&hellip;]","og_url":"https:\/\/tralleskop.com\/index.php\/2026\/04\/22\/ingiltere-siyasetinde-etik-sinavi-starmer-mandelson-ve-epstein-baglantisi-uzerindeki-iddialar\/","og_site_name":"Tralleskop","article_published_time":"2026-04-22T18:01:00+00:00","article_modified_time":"2026-04-22T20:01:21+00:00","author":"Yapay Zeka","twitter_card":"summary_large_image","twitter_misc":{"Yazan:":"Yapay Zeka","Tahmini okuma s\u00fcresi":"3 dakika"},"schema":{"@context":"https:\/\/schema.org","@graph":[{"@type":"Article","@id":"https:\/\/tralleskop.com\/index.php\/2026\/04\/22\/ingiltere-siyasetinde-etik-sinavi-starmer-mandelson-ve-epstein-baglantisi-uzerindeki-iddialar\/#article","isPartOf":{"@id":"https:\/\/tralleskop.com\/index.php\/2026\/04\/22\/ingiltere-siyasetinde-etik-sinavi-starmer-mandelson-ve-epstein-baglantisi-uzerindeki-iddialar\/"},"author":{"name":"Yapay Zeka","@id":"https:\/\/tralleskop.com\/#\/schema\/person\/07eabec51c3edefcb97f005e5a24dc85"},"headline":"\u0130ngiltere Siyasetinde Etik S\u0131nav\u0131: Starmer, Mandelson ve Epstein Ba\u011flant\u0131s\u0131 \u00dczerindeki \u0130ddialar","datePublished":"2026-04-22T18:01:00+00:00","dateModified":"2026-04-22T20:01:21+00:00","mainEntityOfPage":{"@id":"https:\/\/tralleskop.com\/index.php\/2026\/04\/22\/ingiltere-siyasetinde-etik-sinavi-starmer-mandelson-ve-epstein-baglantisi-uzerindeki-iddialar\/"},"wordCount":526,"commentCount":0,"publisher":{"@id":"https:\/\/tralleskop.com\/#organization"},"image":{"@id":"https:\/\/tralleskop.com\/index.php\/2026\/04\/22\/ingiltere-siyasetinde-etik-sinavi-starmer-mandelson-ve-epstein-baglantisi-uzerindeki-iddialar\/#primaryimage"},"thumbnailUrl":"https:\/\/tralleskop.com\/wp-content\/uploads\/2026\/04\/photo-1529107386315-e1a2ed48a620.jpg","keywords":["\u0130ngiltere Siyaseti","Jeffrey Epstein","Keir Starmer","Peter Mandelson","Siyasi Etik","Washington Post"],"articleSection":["Ar\u015fiv"],"inLanguage":"tr","potentialAction":[{"@type":"CommentAction","name":"Comment","target":["https:\/\/tralleskop.com\/index.php\/2026\/04\/22\/ingiltere-siyasetinde-etik-sinavi-starmer-mandelson-ve-epstein-baglantisi-uzerindeki-iddialar\/#respond"]}]},{"@type":"WebPage","@id":"https:\/\/tralleskop.com\/index.php\/2026\/04\/22\/ingiltere-siyasetinde-etik-sinavi-starmer-mandelson-ve-epstein-baglantisi-uzerindeki-iddialar\/","url":"https:\/\/tralleskop.com\/index.php\/2026\/04\/22\/ingiltere-siyasetinde-etik-sinavi-starmer-mandelson-ve-epstein-baglantisi-uzerindeki-iddialar\/","name":"\u0130ngiltere Siyasetinde Etik S\u0131nav\u0131: Starmer, Mandelson ve Epstein Ba\u011flant\u0131s\u0131 \u00dczerindeki \u0130ddialar - Tralleskop","isPartOf":{"@id":"https:\/\/tralleskop.com\/#website"},"primaryImageOfPage":{"@id":"https:\/\/tralleskop.com\/index.php\/2026\/04\/22\/ingiltere-siyasetinde-etik-sinavi-starmer-mandelson-ve-epstein-baglantisi-uzerindeki-iddialar\/#primaryimage"},"image":{"@id":"https:\/\/tralleskop.com\/index.php\/2026\/04\/22\/ingiltere-siyasetinde-etik-sinavi-starmer-mandelson-ve-epstein-baglantisi-uzerindeki-iddialar\/#primaryimage"},"thumbnailUrl":"https:\/\/tralleskop.com\/wp-content\/uploads\/2026\/04\/photo-1529107386315-e1a2ed48a620.jpg","datePublished":"2026-04-22T18:01:00+00:00","dateModified":"2026-04-22T20:01:21+00:00","breadcrumb":{"@id":"https:\/\/tralleskop.com\/index.php\/2026\/04\/22\/ingiltere-siyasetinde-etik-sinavi-starmer-mandelson-ve-epstein-baglantisi-uzerindeki-iddialar\/#breadcrumb"},"inLanguage":"tr","potentialAction":[{"@type":"ReadAction","target":["https:\/\/tralleskop.com\/index.php\/2026\/04\/22\/ingiltere-siyasetinde-etik-sinavi-starmer-mandelson-ve-epstein-baglantisi-uzerindeki-iddialar\/"]}]},{"@type":"ImageObject","inLanguage":"tr","@id":"https:\/\/tralleskop.com\/index.php\/2026\/04\/22\/ingiltere-siyasetinde-etik-sinavi-starmer-mandelson-ve-epstein-baglantisi-uzerindeki-iddialar\/#primaryimage","url":"https:\/\/tralleskop.com\/wp-content\/uploads\/2026\/04\/photo-1529107386315-e1a2ed48a620.jpg","contentUrl":"https:\/\/tralleskop.com\/wp-content\/uploads\/2026\/04\/photo-1529107386315-e1a2ed48a620.jpg","width":1000,"height":667},{"@type":"BreadcrumbList","@id":"https:\/\/tralleskop.com\/index.php\/2026\/04\/22\/ingiltere-siyasetinde-etik-sinavi-starmer-mandelson-ve-epstein-baglantisi-uzerindeki-iddialar\/#breadcrumb","itemListElement":[{"@type":"ListItem","position":1,"name":"Anasayfa","item":"https:\/\/tralleskop.com\/"},{"@type":"ListItem","position":2,"name":"\u0130ngiltere Siyasetinde Etik S\u0131nav\u0131: Starmer, Mandelson ve Epstein Ba\u011flant\u0131s\u0131 \u00dczerindeki \u0130ddialar"}]},{"@type":"WebSite","@id":"https:\/\/tralleskop.com\/#website","url":"https:\/\/tralleskop.com\/","name":"Tralleskop","description":"","publisher":{"@id":"https:\/\/tralleskop.com\/#organization"},"potentialAction":[{"@type":"SearchAction","target":{"@type":"EntryPoint","urlTemplate":"https:\/\/tralleskop.com\/?s={search_term_string}"},"query-input":{"@type":"PropertyValueSpecification","valueRequired":true,"valueName":"search_term_string"}}],"inLanguage":"tr"},{"@type":"Organization","@id":"https:\/\/tralleskop.com\/#organization","name":"Tralleskop","url":"https:\/\/tralleskop.com\/","logo":{"@type":"ImageObject","inLanguage":"tr","@id":"https:\/\/tralleskop.com\/#\/schema\/logo\/image\/","url":"https:\/\/tralleskop.com\/wp-content\/uploads\/2026\/03\/logo-1.png","contentUrl":"https:\/\/tralleskop.com\/wp-content\/uploads\/2026\/03\/logo-1.png","width":2048,"height":2048,"caption":"Tralleskop"},"image":{"@id":"https:\/\/tralleskop.com\/#\/schema\/logo\/image\/"},"sameAs":["https:\/\/instagram.com\/tralleskop"]},{"@type":"Person","@id":"https:\/\/tralleskop.com\/#\/schema\/person\/07eabec51c3edefcb97f005e5a24dc85","name":"Yapay Zeka","image":{"@type":"ImageObject","inLanguage":"tr","@id":"https:\/\/secure.gravatar.com\/avatar\/e77edf5bd5f891271e5db451c58207840f707caf056fe282ae8443fe299d6b9c?s=96&d=mm&r=g","url":"https:\/\/secure.gravatar.com\/avatar\/e77edf5bd5f891271e5db451c58207840f707caf056fe282ae8443fe299d6b9c?s=96&d=mm&r=g","contentUrl":"https:\/\/secure.gravatar.com\/avatar\/e77edf5bd5f891271e5db451c58207840f707caf056fe282ae8443fe299d6b9c?s=96&d=mm&r=g","caption":"Yapay Zeka"},"url":"https:\/\/tralleskop.com\/index.php\/author\/yapayzeka\/"}]}},"jetpack_featured_media_url":"https:\/\/tralleskop.com\/wp-content\/uploads\/2026\/04\/photo-1529107386315-e1a2ed48a620.jpg","_links":{"self":[{"href":"https:\/\/tralleskop.com\/index.php\/wp-json\/wp\/v2\/posts\/329","targetHints":{"allow":["GET"]}}],"collection":[{"href":"https:\/\/tralleskop.com\/index.php\/wp-json\/wp\/v2\/posts"}],"about":[{"href":"https:\/\/tralleskop.com\/index.php\/wp-json\/wp\/v2\/types\/post"}],"author":[{"embeddable":true,"href":"https:\/\/tralleskop.com\/index.php\/wp-json\/wp\/v2\/users\/3"}],"replies":[{"embeddable":true,"href":"https:\/\/tralleskop.com\/index.php\/wp-json\/wp\/v2\/comments?post=329"}],"version-history":[{"count":1,"href":"https:\/\/tralleskop.com\/index.php\/wp-json\/wp\/v2\/posts\/329\/revisions"}],"predecessor-version":[{"id":415,"href":"https:\/\/tralleskop.com\/index.php\/wp-json\/wp\/v2\/posts\/329\/revisions\/415"}],"wp:featuredmedia":[{"embeddable":true,"href":"https:\/\/tralleskop.com\/index.php\/wp-json\/wp\/v2\/media\/414"}],"wp:attachment":[{"href":"https:\/\/tralleskop.com\/index.php\/wp-json\/wp\/v2\/media?parent=329"}],"wp:term":[{"taxonomy":"category","embeddable":true,"href":"https:\/\/tralleskop.com\/index.php\/wp-json\/wp\/v2\/categories?post=329"},{"taxonomy":"post_tag","embeddable":true,"href":"https:\/\/tralleskop.com\/index.php\/wp-json\/wp\/v2\/tags?post=329"}],"curies":[{"name":"wp","href":"https:\/\/api.w.org\/{rel}","templated":true}]}}