{"id":327,"date":"2026-04-22T19:34:11","date_gmt":"2026-04-22T16:34:11","guid":{"rendered":"http:\/\/localhost\/wordpress\/index.php\/2026\/04\/22\/derin-analiz-dijitallesen-dunyada-insanlik-mirasi-ve-yapay-zekanin-evrimi-2\/"},"modified":"2026-04-22T23:17:03","modified_gmt":"2026-04-22T20:17:03","slug":"derin-analiz-dijitallesen-dunyada-insanlik-mirasi-ve-yapay-zekanin-evrimi-2","status":"publish","type":"post","link":"https:\/\/tralleskop.com\/index.php\/2026\/04\/22\/derin-analiz-dijitallesen-dunyada-insanlik-mirasi-ve-yapay-zekanin-evrimi-2\/","title":{"rendered":"DER\u0130N ANAL\u0130Z: Dijitalle\u015fen D\u00fcnyada \u0130nsanl\u0131k Miras\u0131 ve Yapay Zekan\u0131n Evrimi"},"content":{"rendered":"<p>\u0130nsanl\u0131k, tarihinde ilk kez kendisinden daha h\u0131zl\u0131 d\u00fc\u015f\u00fcnebilen, daha geni\u015f bir haf\u0131zaya sahip olan ve yorulmayan bir &#8216;entelekt\u00fcel ortak&#8217; ile kar\u015f\u0131 kar\u015f\u0131ya. Yapay zeka, sadece bir ara\u00e7 olman\u0131n \u00f6tesine ge\u00e7erek, k\u00fclt\u00fcrel miras\u0131m\u0131z\u0131 i\u015fleyen, sanat\u0131 yeniden tan\u0131mlayan ve hatta toplumsal ili\u015fkilerimizi kurgulayan bir \u00f6zneye d\u00f6n\u00fc\u015f\u00fcyor. Peki, bu dijitalle\u015fme dalgas\u0131nda insanl\u0131\u011f\u0131n kadim miras\u0131 nerede duruyor?<\/p>\n<p>Sakin gazetecilik ilkeleriyle bu derin meseleyi ele ald\u0131\u011f\u0131m\u0131zda, teknolojinin bir ilerleme oldu\u011fu kadar bir &#8216;unutma&#8217; s\u00fcreci de olabilece\u011fini g\u00f6rmemiz gerekir. Bilginin bu denli h\u0131zl\u0131 \u00fcretildi\u011fi ve t\u00fcketildi\u011fi bir \u00e7a\u011fda, derinlikli d\u00fc\u015f\u00fcnme, tefekk\u00fcr ve sab\u0131r gibi insan\u0131 insan yapan \u00f6zellikler erozyona u\u011fruyor mu? Algoritmalar\u0131n belirledi\u011fi be\u011feni d\u00fcnyas\u0131nda, \u00f6zg\u00fcnl\u00fc\u011f\u00fcn yerini &#8216;taklit edilebilir m\u00fckemmellik&#8217; mi al\u0131yor?<\/p>\n<p>Blok zinciri ve yapay zekan\u0131n kesi\u015fim noktas\u0131nda, bilginin do\u011frulu\u011fu (provenance) hi\u00e7 olmad\u0131\u011f\u0131 kadar \u00f6nemli hale geldi. Sahte ger\u00e7ekliklerin (deepfake) ve yapay i\u00e7eriklerin interneti ku\u015fatt\u0131\u011f\u0131 bu d\u00f6nemde, &#8216;insan eliyle \u00fcretilmi\u015f&#8217; olan\u0131n k\u0131ymeti artacak. Gelece\u011fin l\u00fcks\u00fc, belki de yapay zekas\u0131z \u00fcretilmi\u015f bir el yazmas\u0131 veya bir insan sesiyle yap\u0131lan bir sohbet olacak.<\/p>\n<p>Yapay zekan\u0131n evrimi, sadece teknik bir ba\u015far\u0131 de\u011fil, ayn\u0131 zamanda felsefi bir meydan okumad\u0131r. E\u011fer bir makale, bir resim veya bir beste yapay zeka taraf\u0131ndan insan\u0131 a\u011flatacak kadar etkileyici \u00fcretilebiliyorsa, o duyguyu kim sahiplenmeli? Makine mi, onu e\u011fiten veri seti mi, yoksa o duyguyu hisseden insan m\u0131? Bu sorular\u0131n yan\u0131t\u0131, \u00f6n\u00fcm\u00fczdeki on y\u0131llarda hukuk sistemlerimizi, e\u011fitim modellerimizi ve hatta dini yorumlar\u0131m\u0131z\u0131 bile de\u011fi\u015ftirecek.<\/p>\n<p>E\u011fitim sistemlerimiz, binlerce y\u0131ld\u0131r &#8216;bilgi y\u00fckleme&#8217; \u00fczerine kuruluydu. Ancak art\u0131k bilgi sadece bir t\u0131k uza\u011f\u0131m\u0131zda. Yeni nesil insan tipi, bilgiye sahip olan de\u011fil, bilgiyi s\u00fczebilen, ele\u015ftirebilen ve yapay zekan\u0131n hal\u00fcsinasyonlar\u0131 aras\u0131ndan ger\u00e7e\u011fi \u00e7ekip \u00e7\u0131karabilen bir donan\u0131ma sahip olmal\u0131. Bu, e\u011fitimin bir meslek edinme arac\u0131ndan, bir &#8216;anlam aray\u0131\u015f\u0131&#8217; s\u00fcrecine d\u00f6n\u00fc\u015fmesi demektir.<\/p>\n<p>Toplumsal d\u00fczeyde ise, yapay zekan\u0131n yaratt\u0131\u011f\u0131 verimlilik art\u0131\u015f\u0131n\u0131n meyvelerinin nas\u0131l payla\u015f\u0131laca\u011f\u0131 en b\u00fcy\u00fck politik krizimiz olacak. E\u011fer bir makine on insan\u0131n i\u015fini yap\u0131yorsa, o makinadan elde edilen k\u00e2r\u0131n bir k\u0131sm\u0131 &#8216;vatanda\u015fl\u0131k maa\u015f\u0131&#8217; olarak topluma d\u00f6nmeli mi? Yoksa bu durum, zengin ile fakir aras\u0131ndaki u\u00e7urumu art\u0131k kapanamaz bir noktaya m\u0131 ta\u015f\u0131yacak? Tralleskop olarak inan\u0131yoruz ki; teknoloji insanl\u0131\u011f\u0131n refah\u0131 i\u00e7in bir kald\u0131ra\u00e7 olmal\u0131, onu ezen bir silindir de\u011fil.<\/p>\n<p>Sonu\u00e7 olarak, dijitalle\u015fen d\u00fcnyada insanl\u0131k miras\u0131m\u0131z\u0131 koruman\u0131n yolu, teknolojiyi reddetmekten de\u011fil, onu insani de\u011ferlerin s\u00fczgecinden ge\u00e7irerek y\u00f6netmekten ge\u00e7iyor. Yapay zeka bizim aynam\u0131zd\u0131r; ona ne verirsek onu yans\u0131t\u0131r. E\u011fer biz nefretle, h\u0131rsla ve y\u00fczeysellikle beslersek, kar\u015f\u0131m\u0131zda dev bir canavar buluruz. Ancak ona \u015fefkati, adaleti ve derinli\u011fi \u00f6\u011fretirsek, insanl\u0131\u011f\u0131n alt\u0131n \u00e7a\u011f\u0131n\u0131 ba\u015flatacak bir orta\u011fa sahip oluruz. Gelecek, kod yazanlar kadar, o kodun i\u00e7indeki ruhu kurgulayanlar\u0131n elinde \u015fekillenecek.<\/p>\n","protected":false},"excerpt":{"rendered":"<p>\u0130nsanl\u0131k, tarihinde ilk kez kendisinden daha h\u0131zl\u0131 d\u00fc\u015f\u00fcnebilen, daha geni\u015f bir haf\u0131zaya sahip olan ve yorulmayan bir &#8216;entelekt\u00fcel ortak&#8217; ile kar\u015f\u0131 kar\u015f\u0131ya. Yapay zeka, sadece bir ara\u00e7 olman\u0131n \u00f6tesine ge\u00e7erek, k\u00fclt\u00fcrel miras\u0131m\u0131z\u0131 i\u015fleyen, sanat\u0131 yeniden tan\u0131mlayan ve hatta toplumsal ili\u015fkilerimizi kurgulayan bir \u00f6zneye d\u00f6n\u00fc\u015f\u00fcyor. Peki, bu dijitalle\u015fme dalgas\u0131nda insanl\u0131\u011f\u0131n kadim miras\u0131 nerede duruyor? Sakin gazetecilik [&hellip;]<\/p>\n","protected":false},"author":1,"featured_media":328,"comment_status":"open","ping_status":"open","sticky":false,"template":"","format":"standard","meta":{"_coblocks_attr":"","_coblocks_dimensions":"","_coblocks_responsive_height":"","_coblocks_accordion_ie_support":"","_ai_summary":"\u2022 Yapay zeka art\u0131k bir ara\u00e7tan ziyade k\u00fclt\u00fcrel bir \u00f6zneye d\u00f6n\u00fc\u015f\u00fcyor.\n\u2022 '\u0130nsan eliyle \u00fcretilmi\u015f' olan\u0131n de\u011feri gelecekte bir l\u00fcks haline gelecek.\n\u2022 E\u011fitim ve hukuk sistemleri, AI devrimine g\u00f6re k\u00f6kten de\u011fi\u015fmek zorunda.","_external_image_url":"https:\/\/images.unsplash.com\/photo-1509062522246-3755977927d7?w=1000","footnotes":""},"categories":[113],"tags":[105,106,89,104,64],"class_list":["post-327","post","type-post","status-publish","format-standard","has-post-thumbnail","hentry","category-ozel-dosyalar","tag-analiz","tag-felsefe","tag-gelecek","tag-insanlik","tag-yapay-zeka"],"yoast_head":"<!-- This site is optimized with the Yoast SEO plugin v27.5 - https:\/\/yoast.com\/product\/yoast-seo-wordpress\/ -->\n<title>DER\u0130N ANAL\u0130Z: Dijitalle\u015fen D\u00fcnyada \u0130nsanl\u0131k Miras\u0131 ve Yapay Zekan\u0131n Evrimi - Tralleskop<\/title>\n<meta name=\"robots\" content=\"index, follow, max-snippet:-1, max-image-preview:large, max-video-preview:-1\" \/>\n<link rel=\"canonical\" href=\"https:\/\/tralleskop.com\/index.php\/2026\/04\/22\/derin-analiz-dijitallesen-dunyada-insanlik-mirasi-ve-yapay-zekanin-evrimi-2\/\" \/>\n<meta property=\"og:locale\" content=\"tr_TR\" \/>\n<meta property=\"og:type\" content=\"article\" \/>\n<meta property=\"og:title\" content=\"DER\u0130N ANAL\u0130Z: Dijitalle\u015fen D\u00fcnyada \u0130nsanl\u0131k Miras\u0131 ve Yapay Zekan\u0131n Evrimi - Tralleskop\" \/>\n<meta property=\"og:description\" content=\"\u0130nsanl\u0131k, tarihinde ilk kez kendisinden daha h\u0131zl\u0131 d\u00fc\u015f\u00fcnebilen, daha geni\u015f bir haf\u0131zaya sahip olan ve yorulmayan bir &#8216;entelekt\u00fcel ortak&#8217; ile kar\u015f\u0131 kar\u015f\u0131ya. Yapay zeka, sadece bir ara\u00e7 olman\u0131n \u00f6tesine ge\u00e7erek, k\u00fclt\u00fcrel miras\u0131m\u0131z\u0131 i\u015fleyen, sanat\u0131 yeniden tan\u0131mlayan ve hatta toplumsal ili\u015fkilerimizi kurgulayan bir \u00f6zneye d\u00f6n\u00fc\u015f\u00fcyor. Peki, bu dijitalle\u015fme dalgas\u0131nda insanl\u0131\u011f\u0131n kadim miras\u0131 nerede duruyor? Sakin gazetecilik [&hellip;]\" \/>\n<meta property=\"og:url\" content=\"https:\/\/tralleskop.com\/index.php\/2026\/04\/22\/derin-analiz-dijitallesen-dunyada-insanlik-mirasi-ve-yapay-zekanin-evrimi-2\/\" \/>\n<meta property=\"og:site_name\" content=\"Tralleskop\" \/>\n<meta property=\"article:published_time\" content=\"2026-04-22T16:34:11+00:00\" \/>\n<meta property=\"article:modified_time\" content=\"2026-04-22T20:17:03+00:00\" \/>\n<meta property=\"og:image\" content=\"https:\/\/tralleskop.com\/wp-content\/uploads\/2026\/04\/derin-analiz-dijitallesen-dunyada-insanlik-mirasi-ve-yapay-zekanin-evrimi-1.jpg\" \/>\n\t<meta property=\"og:image:width\" content=\"1200\" \/>\n\t<meta property=\"og:image:height\" content=\"800\" \/>\n\t<meta property=\"og:image:type\" content=\"image\/jpeg\" \/>\n<meta name=\"author\" content=\"furkankural\" \/>\n<meta name=\"twitter:card\" content=\"summary_large_image\" \/>\n<meta name=\"twitter:label1\" content=\"Yazan:\" \/>\n\t<meta name=\"twitter:data1\" content=\"furkankural\" \/>\n\t<meta name=\"twitter:label2\" content=\"Tahmini okuma s\u00fcresi\" \/>\n\t<meta name=\"twitter:data2\" content=\"3 dakika\" \/>\n<script type=\"application\/ld+json\" class=\"yoast-schema-graph\">{\"@context\":\"https:\\\/\\\/schema.org\",\"@graph\":[{\"@type\":\"Article\",\"@id\":\"https:\\\/\\\/tralleskop.com\\\/index.php\\\/2026\\\/04\\\/22\\\/derin-analiz-dijitallesen-dunyada-insanlik-mirasi-ve-yapay-zekanin-evrimi-2\\\/#article\",\"isPartOf\":{\"@id\":\"https:\\\/\\\/tralleskop.com\\\/index.php\\\/2026\\\/04\\\/22\\\/derin-analiz-dijitallesen-dunyada-insanlik-mirasi-ve-yapay-zekanin-evrimi-2\\\/\"},\"author\":{\"name\":\"furkankural\",\"@id\":\"https:\\\/\\\/tralleskop.com\\\/#\\\/schema\\\/person\\\/fc12bc0105f8c38d47c414977faf5aa1\"},\"headline\":\"DER\u0130N ANAL\u0130Z: Dijitalle\u015fen D\u00fcnyada \u0130nsanl\u0131k Miras\u0131 ve Yapay Zekan\u0131n Evrimi\",\"datePublished\":\"2026-04-22T16:34:11+00:00\",\"dateModified\":\"2026-04-22T20:17:03+00:00\",\"mainEntityOfPage\":{\"@id\":\"https:\\\/\\\/tralleskop.com\\\/index.php\\\/2026\\\/04\\\/22\\\/derin-analiz-dijitallesen-dunyada-insanlik-mirasi-ve-yapay-zekanin-evrimi-2\\\/\"},\"wordCount\":571,\"commentCount\":0,\"publisher\":{\"@id\":\"https:\\\/\\\/tralleskop.com\\\/#organization\"},\"image\":{\"@id\":\"https:\\\/\\\/tralleskop.com\\\/index.php\\\/2026\\\/04\\\/22\\\/derin-analiz-dijitallesen-dunyada-insanlik-mirasi-ve-yapay-zekanin-evrimi-2\\\/#primaryimage\"},\"thumbnailUrl\":\"https:\\\/\\\/tralleskop.com\\\/wp-content\\\/uploads\\\/2026\\\/04\\\/derin-analiz-dijitallesen-dunyada-insanlik-mirasi-ve-yapay-zekanin-evrimi-1.jpg\",\"keywords\":[\"Analiz\",\"Felsefe\",\"Gelecek\",\"\u0130nsanl\u0131k\",\"Yapay Zeka\"],\"articleSection\":[\"Ozel Dosyalar\"],\"inLanguage\":\"tr\",\"potentialAction\":[{\"@type\":\"CommentAction\",\"name\":\"Comment\",\"target\":[\"https:\\\/\\\/tralleskop.com\\\/index.php\\\/2026\\\/04\\\/22\\\/derin-analiz-dijitallesen-dunyada-insanlik-mirasi-ve-yapay-zekanin-evrimi-2\\\/#respond\"]}]},{\"@type\":\"WebPage\",\"@id\":\"https:\\\/\\\/tralleskop.com\\\/index.php\\\/2026\\\/04\\\/22\\\/derin-analiz-dijitallesen-dunyada-insanlik-mirasi-ve-yapay-zekanin-evrimi-2\\\/\",\"url\":\"https:\\\/\\\/tralleskop.com\\\/index.php\\\/2026\\\/04\\\/22\\\/derin-analiz-dijitallesen-dunyada-insanlik-mirasi-ve-yapay-zekanin-evrimi-2\\\/\",\"name\":\"DER\u0130N ANAL\u0130Z: Dijitalle\u015fen D\u00fcnyada \u0130nsanl\u0131k Miras\u0131 ve Yapay Zekan\u0131n Evrimi - Tralleskop\",\"isPartOf\":{\"@id\":\"https:\\\/\\\/tralleskop.com\\\/#website\"},\"primaryImageOfPage\":{\"@id\":\"https:\\\/\\\/tralleskop.com\\\/index.php\\\/2026\\\/04\\\/22\\\/derin-analiz-dijitallesen-dunyada-insanlik-mirasi-ve-yapay-zekanin-evrimi-2\\\/#primaryimage\"},\"image\":{\"@id\":\"https:\\\/\\\/tralleskop.com\\\/index.php\\\/2026\\\/04\\\/22\\\/derin-analiz-dijitallesen-dunyada-insanlik-mirasi-ve-yapay-zekanin-evrimi-2\\\/#primaryimage\"},\"thumbnailUrl\":\"https:\\\/\\\/tralleskop.com\\\/wp-content\\\/uploads\\\/2026\\\/04\\\/derin-analiz-dijitallesen-dunyada-insanlik-mirasi-ve-yapay-zekanin-evrimi-1.jpg\",\"datePublished\":\"2026-04-22T16:34:11+00:00\",\"dateModified\":\"2026-04-22T20:17:03+00:00\",\"breadcrumb\":{\"@id\":\"https:\\\/\\\/tralleskop.com\\\/index.php\\\/2026\\\/04\\\/22\\\/derin-analiz-dijitallesen-dunyada-insanlik-mirasi-ve-yapay-zekanin-evrimi-2\\\/#breadcrumb\"},\"inLanguage\":\"tr\",\"potentialAction\":[{\"@type\":\"ReadAction\",\"target\":[\"https:\\\/\\\/tralleskop.com\\\/index.php\\\/2026\\\/04\\\/22\\\/derin-analiz-dijitallesen-dunyada-insanlik-mirasi-ve-yapay-zekanin-evrimi-2\\\/\"]}]},{\"@type\":\"ImageObject\",\"inLanguage\":\"tr\",\"@id\":\"https:\\\/\\\/tralleskop.com\\\/index.php\\\/2026\\\/04\\\/22\\\/derin-analiz-dijitallesen-dunyada-insanlik-mirasi-ve-yapay-zekanin-evrimi-2\\\/#primaryimage\",\"url\":\"https:\\\/\\\/tralleskop.com\\\/wp-content\\\/uploads\\\/2026\\\/04\\\/derin-analiz-dijitallesen-dunyada-insanlik-mirasi-ve-yapay-zekanin-evrimi-1.jpg\",\"contentUrl\":\"https:\\\/\\\/tralleskop.com\\\/wp-content\\\/uploads\\\/2026\\\/04\\\/derin-analiz-dijitallesen-dunyada-insanlik-mirasi-ve-yapay-zekanin-evrimi-1.jpg\",\"width\":1200,\"height\":800,\"caption\":\"DER\u0130N ANAL\u0130Z: Dijitalle\u015fen D\u00fcnyada \u0130nsanl\u0131k Miras\u0131 ve Yapay Zekan\u0131n Evrimi\"},{\"@type\":\"BreadcrumbList\",\"@id\":\"https:\\\/\\\/tralleskop.com\\\/index.php\\\/2026\\\/04\\\/22\\\/derin-analiz-dijitallesen-dunyada-insanlik-mirasi-ve-yapay-zekanin-evrimi-2\\\/#breadcrumb\",\"itemListElement\":[{\"@type\":\"ListItem\",\"position\":1,\"name\":\"Anasayfa\",\"item\":\"https:\\\/\\\/tralleskop.com\\\/\"},{\"@type\":\"ListItem\",\"position\":2,\"name\":\"DER\u0130N ANAL\u0130Z: Dijitalle\u015fen D\u00fcnyada \u0130nsanl\u0131k Miras\u0131 ve Yapay Zekan\u0131n Evrimi\"}]},{\"@type\":\"WebSite\",\"@id\":\"https:\\\/\\\/tralleskop.com\\\/#website\",\"url\":\"https:\\\/\\\/tralleskop.com\\\/\",\"name\":\"Tralleskop\",\"description\":\"\",\"publisher\":{\"@id\":\"https:\\\/\\\/tralleskop.com\\\/#organization\"},\"potentialAction\":[{\"@type\":\"SearchAction\",\"target\":{\"@type\":\"EntryPoint\",\"urlTemplate\":\"https:\\\/\\\/tralleskop.com\\\/?s={search_term_string}\"},\"query-input\":{\"@type\":\"PropertyValueSpecification\",\"valueRequired\":true,\"valueName\":\"search_term_string\"}}],\"inLanguage\":\"tr\"},{\"@type\":\"Organization\",\"@id\":\"https:\\\/\\\/tralleskop.com\\\/#organization\",\"name\":\"Tralleskop\",\"url\":\"https:\\\/\\\/tralleskop.com\\\/\",\"logo\":{\"@type\":\"ImageObject\",\"inLanguage\":\"tr\",\"@id\":\"https:\\\/\\\/tralleskop.com\\\/#\\\/schema\\\/logo\\\/image\\\/\",\"url\":\"https:\\\/\\\/tralleskop.com\\\/wp-content\\\/uploads\\\/2026\\\/03\\\/logo-1.png\",\"contentUrl\":\"https:\\\/\\\/tralleskop.com\\\/wp-content\\\/uploads\\\/2026\\\/03\\\/logo-1.png\",\"width\":2048,\"height\":2048,\"caption\":\"Tralleskop\"},\"image\":{\"@id\":\"https:\\\/\\\/tralleskop.com\\\/#\\\/schema\\\/logo\\\/image\\\/\"},\"sameAs\":[\"https:\\\/\\\/instagram.com\\\/tralleskop\"]},{\"@type\":\"Person\",\"@id\":\"https:\\\/\\\/tralleskop.com\\\/#\\\/schema\\\/person\\\/fc12bc0105f8c38d47c414977faf5aa1\",\"name\":\"furkankural\",\"image\":{\"@type\":\"ImageObject\",\"inLanguage\":\"tr\",\"@id\":\"https:\\\/\\\/secure.gravatar.com\\\/avatar\\\/b254b150a2c3c00063e72eb3ded536d7e5bd4008adc46ecd1ef3c8f0c02f310e?s=96&d=mm&r=g\",\"url\":\"https:\\\/\\\/secure.gravatar.com\\\/avatar\\\/b254b150a2c3c00063e72eb3ded536d7e5bd4008adc46ecd1ef3c8f0c02f310e?s=96&d=mm&r=g\",\"contentUrl\":\"https:\\\/\\\/secure.gravatar.com\\\/avatar\\\/b254b150a2c3c00063e72eb3ded536d7e5bd4008adc46ecd1ef3c8f0c02f310e?s=96&d=mm&r=g\",\"caption\":\"furkankural\"},\"sameAs\":[\"https:\\\/\\\/tralleskop.com\"],\"url\":\"https:\\\/\\\/tralleskop.com\\\/index.php\\\/author\\\/furkankural\\\/\"}]}<\/script>\n<!-- \/ Yoast SEO plugin. -->","yoast_head_json":{"title":"DER\u0130N ANAL\u0130Z: Dijitalle\u015fen D\u00fcnyada \u0130nsanl\u0131k Miras\u0131 ve Yapay Zekan\u0131n Evrimi - Tralleskop","robots":{"index":"index","follow":"follow","max-snippet":"max-snippet:-1","max-image-preview":"max-image-preview:large","max-video-preview":"max-video-preview:-1"},"canonical":"https:\/\/tralleskop.com\/index.php\/2026\/04\/22\/derin-analiz-dijitallesen-dunyada-insanlik-mirasi-ve-yapay-zekanin-evrimi-2\/","og_locale":"tr_TR","og_type":"article","og_title":"DER\u0130N ANAL\u0130Z: Dijitalle\u015fen D\u00fcnyada \u0130nsanl\u0131k Miras\u0131 ve Yapay Zekan\u0131n Evrimi - Tralleskop","og_description":"\u0130nsanl\u0131k, tarihinde ilk kez kendisinden daha h\u0131zl\u0131 d\u00fc\u015f\u00fcnebilen, daha geni\u015f bir haf\u0131zaya sahip olan ve yorulmayan bir &#8216;entelekt\u00fcel ortak&#8217; ile kar\u015f\u0131 kar\u015f\u0131ya. Yapay zeka, sadece bir ara\u00e7 olman\u0131n \u00f6tesine ge\u00e7erek, k\u00fclt\u00fcrel miras\u0131m\u0131z\u0131 i\u015fleyen, sanat\u0131 yeniden tan\u0131mlayan ve hatta toplumsal ili\u015fkilerimizi kurgulayan bir \u00f6zneye d\u00f6n\u00fc\u015f\u00fcyor. Peki, bu dijitalle\u015fme dalgas\u0131nda insanl\u0131\u011f\u0131n kadim miras\u0131 nerede duruyor? Sakin gazetecilik [&hellip;]","og_url":"https:\/\/tralleskop.com\/index.php\/2026\/04\/22\/derin-analiz-dijitallesen-dunyada-insanlik-mirasi-ve-yapay-zekanin-evrimi-2\/","og_site_name":"Tralleskop","article_published_time":"2026-04-22T16:34:11+00:00","article_modified_time":"2026-04-22T20:17:03+00:00","og_image":[{"width":1200,"height":800,"url":"https:\/\/tralleskop.com\/wp-content\/uploads\/2026\/04\/derin-analiz-dijitallesen-dunyada-insanlik-mirasi-ve-yapay-zekanin-evrimi-1.jpg","type":"image\/jpeg"}],"author":"furkankural","twitter_card":"summary_large_image","twitter_misc":{"Yazan:":"furkankural","Tahmini okuma s\u00fcresi":"3 dakika"},"schema":{"@context":"https:\/\/schema.org","@graph":[{"@type":"Article","@id":"https:\/\/tralleskop.com\/index.php\/2026\/04\/22\/derin-analiz-dijitallesen-dunyada-insanlik-mirasi-ve-yapay-zekanin-evrimi-2\/#article","isPartOf":{"@id":"https:\/\/tralleskop.com\/index.php\/2026\/04\/22\/derin-analiz-dijitallesen-dunyada-insanlik-mirasi-ve-yapay-zekanin-evrimi-2\/"},"author":{"name":"furkankural","@id":"https:\/\/tralleskop.com\/#\/schema\/person\/fc12bc0105f8c38d47c414977faf5aa1"},"headline":"DER\u0130N ANAL\u0130Z: Dijitalle\u015fen D\u00fcnyada \u0130nsanl\u0131k Miras\u0131 ve Yapay Zekan\u0131n Evrimi","datePublished":"2026-04-22T16:34:11+00:00","dateModified":"2026-04-22T20:17:03+00:00","mainEntityOfPage":{"@id":"https:\/\/tralleskop.com\/index.php\/2026\/04\/22\/derin-analiz-dijitallesen-dunyada-insanlik-mirasi-ve-yapay-zekanin-evrimi-2\/"},"wordCount":571,"commentCount":0,"publisher":{"@id":"https:\/\/tralleskop.com\/#organization"},"image":{"@id":"https:\/\/tralleskop.com\/index.php\/2026\/04\/22\/derin-analiz-dijitallesen-dunyada-insanlik-mirasi-ve-yapay-zekanin-evrimi-2\/#primaryimage"},"thumbnailUrl":"https:\/\/tralleskop.com\/wp-content\/uploads\/2026\/04\/derin-analiz-dijitallesen-dunyada-insanlik-mirasi-ve-yapay-zekanin-evrimi-1.jpg","keywords":["Analiz","Felsefe","Gelecek","\u0130nsanl\u0131k","Yapay Zeka"],"articleSection":["Ozel Dosyalar"],"inLanguage":"tr","potentialAction":[{"@type":"CommentAction","name":"Comment","target":["https:\/\/tralleskop.com\/index.php\/2026\/04\/22\/derin-analiz-dijitallesen-dunyada-insanlik-mirasi-ve-yapay-zekanin-evrimi-2\/#respond"]}]},{"@type":"WebPage","@id":"https:\/\/tralleskop.com\/index.php\/2026\/04\/22\/derin-analiz-dijitallesen-dunyada-insanlik-mirasi-ve-yapay-zekanin-evrimi-2\/","url":"https:\/\/tralleskop.com\/index.php\/2026\/04\/22\/derin-analiz-dijitallesen-dunyada-insanlik-mirasi-ve-yapay-zekanin-evrimi-2\/","name":"DER\u0130N ANAL\u0130Z: Dijitalle\u015fen D\u00fcnyada \u0130nsanl\u0131k Miras\u0131 ve Yapay Zekan\u0131n Evrimi - Tralleskop","isPartOf":{"@id":"https:\/\/tralleskop.com\/#website"},"primaryImageOfPage":{"@id":"https:\/\/tralleskop.com\/index.php\/2026\/04\/22\/derin-analiz-dijitallesen-dunyada-insanlik-mirasi-ve-yapay-zekanin-evrimi-2\/#primaryimage"},"image":{"@id":"https:\/\/tralleskop.com\/index.php\/2026\/04\/22\/derin-analiz-dijitallesen-dunyada-insanlik-mirasi-ve-yapay-zekanin-evrimi-2\/#primaryimage"},"thumbnailUrl":"https:\/\/tralleskop.com\/wp-content\/uploads\/2026\/04\/derin-analiz-dijitallesen-dunyada-insanlik-mirasi-ve-yapay-zekanin-evrimi-1.jpg","datePublished":"2026-04-22T16:34:11+00:00","dateModified":"2026-04-22T20:17:03+00:00","breadcrumb":{"@id":"https:\/\/tralleskop.com\/index.php\/2026\/04\/22\/derin-analiz-dijitallesen-dunyada-insanlik-mirasi-ve-yapay-zekanin-evrimi-2\/#breadcrumb"},"inLanguage":"tr","potentialAction":[{"@type":"ReadAction","target":["https:\/\/tralleskop.com\/index.php\/2026\/04\/22\/derin-analiz-dijitallesen-dunyada-insanlik-mirasi-ve-yapay-zekanin-evrimi-2\/"]}]},{"@type":"ImageObject","inLanguage":"tr","@id":"https:\/\/tralleskop.com\/index.php\/2026\/04\/22\/derin-analiz-dijitallesen-dunyada-insanlik-mirasi-ve-yapay-zekanin-evrimi-2\/#primaryimage","url":"https:\/\/tralleskop.com\/wp-content\/uploads\/2026\/04\/derin-analiz-dijitallesen-dunyada-insanlik-mirasi-ve-yapay-zekanin-evrimi-1.jpg","contentUrl":"https:\/\/tralleskop.com\/wp-content\/uploads\/2026\/04\/derin-analiz-dijitallesen-dunyada-insanlik-mirasi-ve-yapay-zekanin-evrimi-1.jpg","width":1200,"height":800,"caption":"DER\u0130N ANAL\u0130Z: Dijitalle\u015fen D\u00fcnyada \u0130nsanl\u0131k Miras\u0131 ve Yapay Zekan\u0131n Evrimi"},{"@type":"BreadcrumbList","@id":"https:\/\/tralleskop.com\/index.php\/2026\/04\/22\/derin-analiz-dijitallesen-dunyada-insanlik-mirasi-ve-yapay-zekanin-evrimi-2\/#breadcrumb","itemListElement":[{"@type":"ListItem","position":1,"name":"Anasayfa","item":"https:\/\/tralleskop.com\/"},{"@type":"ListItem","position":2,"name":"DER\u0130N ANAL\u0130Z: Dijitalle\u015fen D\u00fcnyada \u0130nsanl\u0131k Miras\u0131 ve Yapay Zekan\u0131n Evrimi"}]},{"@type":"WebSite","@id":"https:\/\/tralleskop.com\/#website","url":"https:\/\/tralleskop.com\/","name":"Tralleskop","description":"","publisher":{"@id":"https:\/\/tralleskop.com\/#organization"},"potentialAction":[{"@type":"SearchAction","target":{"@type":"EntryPoint","urlTemplate":"https:\/\/tralleskop.com\/?s={search_term_string}"},"query-input":{"@type":"PropertyValueSpecification","valueRequired":true,"valueName":"search_term_string"}}],"inLanguage":"tr"},{"@type":"Organization","@id":"https:\/\/tralleskop.com\/#organization","name":"Tralleskop","url":"https:\/\/tralleskop.com\/","logo":{"@type":"ImageObject","inLanguage":"tr","@id":"https:\/\/tralleskop.com\/#\/schema\/logo\/image\/","url":"https:\/\/tralleskop.com\/wp-content\/uploads\/2026\/03\/logo-1.png","contentUrl":"https:\/\/tralleskop.com\/wp-content\/uploads\/2026\/03\/logo-1.png","width":2048,"height":2048,"caption":"Tralleskop"},"image":{"@id":"https:\/\/tralleskop.com\/#\/schema\/logo\/image\/"},"sameAs":["https:\/\/instagram.com\/tralleskop"]},{"@type":"Person","@id":"https:\/\/tralleskop.com\/#\/schema\/person\/fc12bc0105f8c38d47c414977faf5aa1","name":"furkankural","image":{"@type":"ImageObject","inLanguage":"tr","@id":"https:\/\/secure.gravatar.com\/avatar\/b254b150a2c3c00063e72eb3ded536d7e5bd4008adc46ecd1ef3c8f0c02f310e?s=96&d=mm&r=g","url":"https:\/\/secure.gravatar.com\/avatar\/b254b150a2c3c00063e72eb3ded536d7e5bd4008adc46ecd1ef3c8f0c02f310e?s=96&d=mm&r=g","contentUrl":"https:\/\/secure.gravatar.com\/avatar\/b254b150a2c3c00063e72eb3ded536d7e5bd4008adc46ecd1ef3c8f0c02f310e?s=96&d=mm&r=g","caption":"furkankural"},"sameAs":["https:\/\/tralleskop.com"],"url":"https:\/\/tralleskop.com\/index.php\/author\/furkankural\/"}]}},"jetpack_featured_media_url":"https:\/\/tralleskop.com\/wp-content\/uploads\/2026\/04\/derin-analiz-dijitallesen-dunyada-insanlik-mirasi-ve-yapay-zekanin-evrimi-1.jpg","_links":{"self":[{"href":"https:\/\/tralleskop.com\/index.php\/wp-json\/wp\/v2\/posts\/327","targetHints":{"allow":["GET"]}}],"collection":[{"href":"https:\/\/tralleskop.com\/index.php\/wp-json\/wp\/v2\/posts"}],"about":[{"href":"https:\/\/tralleskop.com\/index.php\/wp-json\/wp\/v2\/types\/post"}],"author":[{"embeddable":true,"href":"https:\/\/tralleskop.com\/index.php\/wp-json\/wp\/v2\/users\/1"}],"replies":[{"embeddable":true,"href":"https:\/\/tralleskop.com\/index.php\/wp-json\/wp\/v2\/comments?post=327"}],"version-history":[{"count":1,"href":"https:\/\/tralleskop.com\/index.php\/wp-json\/wp\/v2\/posts\/327\/revisions"}],"predecessor-version":[{"id":412,"href":"https:\/\/tralleskop.com\/index.php\/wp-json\/wp\/v2\/posts\/327\/revisions\/412"}],"wp:featuredmedia":[{"embeddable":true,"href":"https:\/\/tralleskop.com\/index.php\/wp-json\/wp\/v2\/media\/328"}],"wp:attachment":[{"href":"https:\/\/tralleskop.com\/index.php\/wp-json\/wp\/v2\/media?parent=327"}],"wp:term":[{"taxonomy":"category","embeddable":true,"href":"https:\/\/tralleskop.com\/index.php\/wp-json\/wp\/v2\/categories?post=327"},{"taxonomy":"post_tag","embeddable":true,"href":"https:\/\/tralleskop.com\/index.php\/wp-json\/wp\/v2\/tags?post=327"}],"curies":[{"name":"wp","href":"https:\/\/api.w.org\/{rel}","templated":true}]}}