{"id":326,"date":"2026-04-22T19:34:10","date_gmt":"2026-04-22T16:34:10","guid":{"rendered":"http:\/\/localhost\/wordpress\/index.php\/2026\/04\/22\/kuresel-piyasalarin-yeni-gozdesi-yenilenebilir-enerji-yatirimlarinda-rekor-artis-2\/"},"modified":"2026-04-22T23:06:03","modified_gmt":"2026-04-22T20:06:03","slug":"kuresel-piyasalarin-yeni-gozdesi-yenilenebilir-enerji-yatirimlarinda-rekor-artis-2","status":"publish","type":"post","link":"https:\/\/tralleskop.com\/index.php\/2026\/04\/22\/kuresel-piyasalarin-yeni-gozdesi-yenilenebilir-enerji-yatirimlarinda-rekor-artis-2\/","title":{"rendered":"K\u00fcresel Piyasalar\u0131n Yeni G\u00f6zdesi: Yenilenebilir Enerji Yat\u0131r\u0131mlar\u0131nda Rekor Art\u0131\u015f"},"content":{"rendered":"<p>K\u00fcresel ekonomi, tarihin en b\u00fcy\u00fck enerji d\u00f6n\u00fc\u015f\u00fcm\u00fcne tan\u0131kl\u0131k ediyor. Son bir y\u0131l i\u00e7erisinde yenilenebilir enerji projelerine yap\u0131lan toplam yat\u0131r\u0131m miktar\u0131, fosil yak\u0131t yat\u0131r\u0131mlar\u0131n\u0131 ilk kez %40 oran\u0131nda geride b\u0131rakt\u0131. Bu de\u011fi\u015fim, sadece \u00e7evresel bir zorunluluk de\u011fil, ayn\u0131 zamanda finans d\u00fcnyas\u0131n\u0131n yeni k\u00e2r merkezi haline geldi.<\/p>\n<p>Avrupa ve Kuzey Amerika&#8217;daki b\u00fcy\u00fck yat\u0131r\u0131m fonlar\u0131, portf\u00f6ylerindeki karbon ayak izini azaltmak ad\u0131na g\u00fcne\u015f ve r\u00fczgar enerjisi odakl\u0131 dev projelere milyarlarca dolar ak\u0131t\u0131yor. \u00d6zellikle deniz \u00fcst\u00fc r\u00fczgar santralleri (offshore), verimlilik oranlar\u0131yla yat\u0131r\u0131mc\u0131lar\u0131n i\u015ftah\u0131n\u0131 kabart\u0131yor.<\/p>\n<p>Sakin gazetecilik perspektifiyle bu durumu inceledi\u011fimizde, enerji ba\u011f\u0131ms\u0131zl\u0131\u011f\u0131n\u0131n \u00fclkeler i\u00e7in art\u0131k bir milli g\u00fcvenlik meselesi haline geldi\u011fini g\u00f6r\u00fcyoruz. Rusya-Ukrayna sava\u015f\u0131yla ba\u015flayan enerji krizi, Avrupa&#8217;y\u0131 temiz enerjiye ge\u00e7i\u015f konusunda on y\u0131ll\u0131k bir s\u00fcreci iki y\u0131la s\u0131\u011fd\u0131rmaya zorlad\u0131. Bu h\u0131zlanma, teknolojinin ucuzlamas\u0131n\u0131 ve depolama \u00e7\u00f6z\u00fcmlerinin (batarya teknolojileri) geli\u015fmesini sa\u011flad\u0131.<\/p>\n<p>Ancak bu devasa yat\u0131r\u0131m dalgas\u0131n\u0131n \u00f6n\u00fcnde hala ciddi engeller bulunuyor. Mevcut elektrik \u015febekelerinin bu denli y\u00fcksek ve de\u011fi\u015fken kapasiteyi ta\u015f\u0131maya uygun olmamas\u0131, altyap\u0131 modernizasyonu i\u00e7in de ek yat\u0131r\u0131mlar\u0131 zorunlu k\u0131l\u0131yor. Analistler, \u00f6n\u00fcm\u00fczdeki be\u015f y\u0131l\u0131n &#8216;\u015febeke devrimi&#8217; y\u0131l\u0131 olaca\u011f\u0131n\u0131 \u00f6ng\u00f6r\u00fcyor.<\/p>\n<p>Yat\u0131r\u0131mc\u0131lar\u0131n bu alandaki ilgisi, geli\u015fmekte olan \u00fclkeler i\u00e7in de bir f\u0131rsat kap\u0131s\u0131 aral\u0131yor. G\u00fcne\u015f ku\u015fa\u011f\u0131 \u00fczerindeki \u00fclkeler, do\u011frudan yabanc\u0131 yat\u0131r\u0131m \u00e7ekmek i\u00e7in enerji yasalar\u0131n\u0131 modernize ediyor. Bu durum, k\u00fcresel ekonomik dengelerin de yava\u015f yava\u015f de\u011fi\u015fmesine neden oluyor. Fosil yak\u0131t zengini \u00fclkelerin bu d\u00f6n\u00fc\u015f\u00fcme nas\u0131l ayak uyduraca\u011f\u0131, y\u00fczy\u0131l\u0131n kalan yar\u0131s\u0131n\u0131n jeopolitik hikayesini yazacak.<\/p>\n","protected":false},"excerpt":{"rendered":"<p>K\u00fcresel ekonomi, tarihin en b\u00fcy\u00fck enerji d\u00f6n\u00fc\u015f\u00fcm\u00fcne tan\u0131kl\u0131k ediyor. Son bir y\u0131l i\u00e7erisinde yenilenebilir enerji projelerine yap\u0131lan toplam yat\u0131r\u0131m miktar\u0131, fosil yak\u0131t yat\u0131r\u0131mlar\u0131n\u0131 ilk kez %40 oran\u0131nda geride b\u0131rakt\u0131. Bu de\u011fi\u015fim, sadece \u00e7evresel bir zorunluluk de\u011fil, ayn\u0131 zamanda finans d\u00fcnyas\u0131n\u0131n yeni k\u00e2r merkezi haline geldi. Avrupa ve Kuzey Amerika&#8217;daki b\u00fcy\u00fck yat\u0131r\u0131m fonlar\u0131, portf\u00f6ylerindeki karbon ayak [&hellip;]<\/p>\n","protected":false},"author":1,"featured_media":416,"comment_status":"open","ping_status":"open","sticky":false,"template":"","format":"standard","meta":{"_coblocks_attr":"","_coblocks_dimensions":"","_coblocks_responsive_height":"","_coblocks_accordion_ie_support":"","_ai_summary":"\u2022 Yenilenebilir enerji yat\u0131r\u0131mlar\u0131 fosil yak\u0131tlar\u0131 ilk kez b\u00fcy\u00fck farkla ge\u00e7ti.\n\u2022 Enerji ba\u011f\u0131ms\u0131zl\u0131\u011f\u0131 \u00fclkeler i\u00e7in en \u00f6ncelikli g\u00fcvenlik stratejisi oldu.\n\u2022 \u015eebeke altyap\u0131lar\u0131n\u0131n modernizasyonu, yat\u0131r\u0131m\u0131n yeni odak noktas\u0131 haline geldi.","_external_image_url":"https:\/\/images.unsplash.com\/photo-1473341304170-971dccb5ac1e?w=1000","footnotes":""},"categories":[19],"tags":[61,74,102,103,101],"class_list":["post-326","post","type-post","status-publish","format-standard","has-post-thumbnail","hentry","category-ekonomi","tag-ekonomi","tag-enerji","tag-gunes-enerjisi","tag-ruzgar","tag-yatirim"],"yoast_head":"<!-- This site is optimized with the Yoast SEO plugin v27.5 - https:\/\/yoast.com\/product\/yoast-seo-wordpress\/ -->\n<title>K\u00fcresel Piyasalar\u0131n Yeni G\u00f6zdesi: Yenilenebilir Enerji Yat\u0131r\u0131mlar\u0131nda Rekor Art\u0131\u015f - Tralleskop<\/title>\n<meta name=\"robots\" content=\"index, follow, max-snippet:-1, max-image-preview:large, max-video-preview:-1\" \/>\n<link rel=\"canonical\" href=\"https:\/\/tralleskop.com\/index.php\/2026\/04\/22\/kuresel-piyasalarin-yeni-gozdesi-yenilenebilir-enerji-yatirimlarinda-rekor-artis-2\/\" \/>\n<meta property=\"og:locale\" content=\"tr_TR\" \/>\n<meta property=\"og:type\" content=\"article\" \/>\n<meta property=\"og:title\" content=\"K\u00fcresel Piyasalar\u0131n Yeni G\u00f6zdesi: Yenilenebilir Enerji Yat\u0131r\u0131mlar\u0131nda Rekor Art\u0131\u015f - Tralleskop\" \/>\n<meta property=\"og:description\" content=\"K\u00fcresel ekonomi, tarihin en b\u00fcy\u00fck enerji d\u00f6n\u00fc\u015f\u00fcm\u00fcne tan\u0131kl\u0131k ediyor. Son bir y\u0131l i\u00e7erisinde yenilenebilir enerji projelerine yap\u0131lan toplam yat\u0131r\u0131m miktar\u0131, fosil yak\u0131t yat\u0131r\u0131mlar\u0131n\u0131 ilk kez %40 oran\u0131nda geride b\u0131rakt\u0131. Bu de\u011fi\u015fim, sadece \u00e7evresel bir zorunluluk de\u011fil, ayn\u0131 zamanda finans d\u00fcnyas\u0131n\u0131n yeni k\u00e2r merkezi haline geldi. Avrupa ve Kuzey Amerika&#8217;daki b\u00fcy\u00fck yat\u0131r\u0131m fonlar\u0131, portf\u00f6ylerindeki karbon ayak [&hellip;]\" \/>\n<meta property=\"og:url\" content=\"https:\/\/tralleskop.com\/index.php\/2026\/04\/22\/kuresel-piyasalarin-yeni-gozdesi-yenilenebilir-enerji-yatirimlarinda-rekor-artis-2\/\" \/>\n<meta property=\"og:site_name\" content=\"Tralleskop\" \/>\n<meta property=\"article:published_time\" content=\"2026-04-22T16:34:10+00:00\" \/>\n<meta property=\"article:modified_time\" content=\"2026-04-22T20:06:03+00:00\" \/>\n<meta name=\"author\" content=\"furkankural\" \/>\n<meta name=\"twitter:card\" content=\"summary_large_image\" \/>\n<meta name=\"twitter:label1\" content=\"Yazan:\" \/>\n\t<meta name=\"twitter:data1\" content=\"furkankural\" \/>\n\t<meta name=\"twitter:label2\" content=\"Tahmini okuma s\u00fcresi\" \/>\n\t<meta name=\"twitter:data2\" content=\"2 dakika\" \/>\n<script type=\"application\/ld+json\" class=\"yoast-schema-graph\">{\"@context\":\"https:\\\/\\\/schema.org\",\"@graph\":[{\"@type\":\"Article\",\"@id\":\"https:\\\/\\\/tralleskop.com\\\/index.php\\\/2026\\\/04\\\/22\\\/kuresel-piyasalarin-yeni-gozdesi-yenilenebilir-enerji-yatirimlarinda-rekor-artis-2\\\/#article\",\"isPartOf\":{\"@id\":\"https:\\\/\\\/tralleskop.com\\\/index.php\\\/2026\\\/04\\\/22\\\/kuresel-piyasalarin-yeni-gozdesi-yenilenebilir-enerji-yatirimlarinda-rekor-artis-2\\\/\"},\"author\":{\"name\":\"furkankural\",\"@id\":\"https:\\\/\\\/tralleskop.com\\\/#\\\/schema\\\/person\\\/fc12bc0105f8c38d47c414977faf5aa1\"},\"headline\":\"K\u00fcresel Piyasalar\u0131n Yeni G\u00f6zdesi: Yenilenebilir Enerji Yat\u0131r\u0131mlar\u0131nda Rekor Art\u0131\u015f\",\"datePublished\":\"2026-04-22T16:34:10+00:00\",\"dateModified\":\"2026-04-22T20:06:03+00:00\",\"mainEntityOfPage\":{\"@id\":\"https:\\\/\\\/tralleskop.com\\\/index.php\\\/2026\\\/04\\\/22\\\/kuresel-piyasalarin-yeni-gozdesi-yenilenebilir-enerji-yatirimlarinda-rekor-artis-2\\\/\"},\"wordCount\":354,\"commentCount\":0,\"publisher\":{\"@id\":\"https:\\\/\\\/tralleskop.com\\\/#organization\"},\"image\":{\"@id\":\"https:\\\/\\\/tralleskop.com\\\/index.php\\\/2026\\\/04\\\/22\\\/kuresel-piyasalarin-yeni-gozdesi-yenilenebilir-enerji-yatirimlarinda-rekor-artis-2\\\/#primaryimage\"},\"thumbnailUrl\":\"https:\\\/\\\/tralleskop.com\\\/wp-content\\\/uploads\\\/2026\\\/04\\\/photo-1473341304170-971dccb5ac1e-1.jpg\",\"keywords\":[\"Ekonomi\",\"Enerji\",\"G\u00fcne\u015f Enerjisi\",\"R\u00fczgar\",\"Yat\u0131r\u0131m\"],\"articleSection\":[\"Ekonomi\"],\"inLanguage\":\"tr\",\"potentialAction\":[{\"@type\":\"CommentAction\",\"name\":\"Comment\",\"target\":[\"https:\\\/\\\/tralleskop.com\\\/index.php\\\/2026\\\/04\\\/22\\\/kuresel-piyasalarin-yeni-gozdesi-yenilenebilir-enerji-yatirimlarinda-rekor-artis-2\\\/#respond\"]}]},{\"@type\":\"WebPage\",\"@id\":\"https:\\\/\\\/tralleskop.com\\\/index.php\\\/2026\\\/04\\\/22\\\/kuresel-piyasalarin-yeni-gozdesi-yenilenebilir-enerji-yatirimlarinda-rekor-artis-2\\\/\",\"url\":\"https:\\\/\\\/tralleskop.com\\\/index.php\\\/2026\\\/04\\\/22\\\/kuresel-piyasalarin-yeni-gozdesi-yenilenebilir-enerji-yatirimlarinda-rekor-artis-2\\\/\",\"name\":\"K\u00fcresel Piyasalar\u0131n Yeni G\u00f6zdesi: Yenilenebilir Enerji Yat\u0131r\u0131mlar\u0131nda Rekor Art\u0131\u015f - Tralleskop\",\"isPartOf\":{\"@id\":\"https:\\\/\\\/tralleskop.com\\\/#website\"},\"primaryImageOfPage\":{\"@id\":\"https:\\\/\\\/tralleskop.com\\\/index.php\\\/2026\\\/04\\\/22\\\/kuresel-piyasalarin-yeni-gozdesi-yenilenebilir-enerji-yatirimlarinda-rekor-artis-2\\\/#primaryimage\"},\"image\":{\"@id\":\"https:\\\/\\\/tralleskop.com\\\/index.php\\\/2026\\\/04\\\/22\\\/kuresel-piyasalarin-yeni-gozdesi-yenilenebilir-enerji-yatirimlarinda-rekor-artis-2\\\/#primaryimage\"},\"thumbnailUrl\":\"https:\\\/\\\/tralleskop.com\\\/wp-content\\\/uploads\\\/2026\\\/04\\\/photo-1473341304170-971dccb5ac1e-1.jpg\",\"datePublished\":\"2026-04-22T16:34:10+00:00\",\"dateModified\":\"2026-04-22T20:06:03+00:00\",\"breadcrumb\":{\"@id\":\"https:\\\/\\\/tralleskop.com\\\/index.php\\\/2026\\\/04\\\/22\\\/kuresel-piyasalarin-yeni-gozdesi-yenilenebilir-enerji-yatirimlarinda-rekor-artis-2\\\/#breadcrumb\"},\"inLanguage\":\"tr\",\"potentialAction\":[{\"@type\":\"ReadAction\",\"target\":[\"https:\\\/\\\/tralleskop.com\\\/index.php\\\/2026\\\/04\\\/22\\\/kuresel-piyasalarin-yeni-gozdesi-yenilenebilir-enerji-yatirimlarinda-rekor-artis-2\\\/\"]}]},{\"@type\":\"ImageObject\",\"inLanguage\":\"tr\",\"@id\":\"https:\\\/\\\/tralleskop.com\\\/index.php\\\/2026\\\/04\\\/22\\\/kuresel-piyasalarin-yeni-gozdesi-yenilenebilir-enerji-yatirimlarinda-rekor-artis-2\\\/#primaryimage\",\"url\":\"https:\\\/\\\/tralleskop.com\\\/wp-content\\\/uploads\\\/2026\\\/04\\\/photo-1473341304170-971dccb5ac1e-1.jpg\",\"contentUrl\":\"https:\\\/\\\/tralleskop.com\\\/wp-content\\\/uploads\\\/2026\\\/04\\\/photo-1473341304170-971dccb5ac1e-1.jpg\",\"width\":1000,\"height\":667},{\"@type\":\"BreadcrumbList\",\"@id\":\"https:\\\/\\\/tralleskop.com\\\/index.php\\\/2026\\\/04\\\/22\\\/kuresel-piyasalarin-yeni-gozdesi-yenilenebilir-enerji-yatirimlarinda-rekor-artis-2\\\/#breadcrumb\",\"itemListElement\":[{\"@type\":\"ListItem\",\"position\":1,\"name\":\"Anasayfa\",\"item\":\"https:\\\/\\\/tralleskop.com\\\/\"},{\"@type\":\"ListItem\",\"position\":2,\"name\":\"K\u00fcresel Piyasalar\u0131n Yeni G\u00f6zdesi: Yenilenebilir Enerji Yat\u0131r\u0131mlar\u0131nda Rekor Art\u0131\u015f\"}]},{\"@type\":\"WebSite\",\"@id\":\"https:\\\/\\\/tralleskop.com\\\/#website\",\"url\":\"https:\\\/\\\/tralleskop.com\\\/\",\"name\":\"Tralleskop\",\"description\":\"\",\"publisher\":{\"@id\":\"https:\\\/\\\/tralleskop.com\\\/#organization\"},\"potentialAction\":[{\"@type\":\"SearchAction\",\"target\":{\"@type\":\"EntryPoint\",\"urlTemplate\":\"https:\\\/\\\/tralleskop.com\\\/?s={search_term_string}\"},\"query-input\":{\"@type\":\"PropertyValueSpecification\",\"valueRequired\":true,\"valueName\":\"search_term_string\"}}],\"inLanguage\":\"tr\"},{\"@type\":\"Organization\",\"@id\":\"https:\\\/\\\/tralleskop.com\\\/#organization\",\"name\":\"Tralleskop\",\"url\":\"https:\\\/\\\/tralleskop.com\\\/\",\"logo\":{\"@type\":\"ImageObject\",\"inLanguage\":\"tr\",\"@id\":\"https:\\\/\\\/tralleskop.com\\\/#\\\/schema\\\/logo\\\/image\\\/\",\"url\":\"https:\\\/\\\/tralleskop.com\\\/wp-content\\\/uploads\\\/2026\\\/03\\\/logo-1.png\",\"contentUrl\":\"https:\\\/\\\/tralleskop.com\\\/wp-content\\\/uploads\\\/2026\\\/03\\\/logo-1.png\",\"width\":2048,\"height\":2048,\"caption\":\"Tralleskop\"},\"image\":{\"@id\":\"https:\\\/\\\/tralleskop.com\\\/#\\\/schema\\\/logo\\\/image\\\/\"},\"sameAs\":[\"https:\\\/\\\/instagram.com\\\/tralleskop\"]},{\"@type\":\"Person\",\"@id\":\"https:\\\/\\\/tralleskop.com\\\/#\\\/schema\\\/person\\\/fc12bc0105f8c38d47c414977faf5aa1\",\"name\":\"furkankural\",\"image\":{\"@type\":\"ImageObject\",\"inLanguage\":\"tr\",\"@id\":\"https:\\\/\\\/secure.gravatar.com\\\/avatar\\\/b254b150a2c3c00063e72eb3ded536d7e5bd4008adc46ecd1ef3c8f0c02f310e?s=96&d=mm&r=g\",\"url\":\"https:\\\/\\\/secure.gravatar.com\\\/avatar\\\/b254b150a2c3c00063e72eb3ded536d7e5bd4008adc46ecd1ef3c8f0c02f310e?s=96&d=mm&r=g\",\"contentUrl\":\"https:\\\/\\\/secure.gravatar.com\\\/avatar\\\/b254b150a2c3c00063e72eb3ded536d7e5bd4008adc46ecd1ef3c8f0c02f310e?s=96&d=mm&r=g\",\"caption\":\"furkankural\"},\"sameAs\":[\"https:\\\/\\\/tralleskop.com\"],\"url\":\"https:\\\/\\\/tralleskop.com\\\/index.php\\\/author\\\/furkankural\\\/\"}]}<\/script>\n<!-- \/ Yoast SEO plugin. -->","yoast_head_json":{"title":"K\u00fcresel Piyasalar\u0131n Yeni G\u00f6zdesi: Yenilenebilir Enerji Yat\u0131r\u0131mlar\u0131nda Rekor Art\u0131\u015f - Tralleskop","robots":{"index":"index","follow":"follow","max-snippet":"max-snippet:-1","max-image-preview":"max-image-preview:large","max-video-preview":"max-video-preview:-1"},"canonical":"https:\/\/tralleskop.com\/index.php\/2026\/04\/22\/kuresel-piyasalarin-yeni-gozdesi-yenilenebilir-enerji-yatirimlarinda-rekor-artis-2\/","og_locale":"tr_TR","og_type":"article","og_title":"K\u00fcresel Piyasalar\u0131n Yeni G\u00f6zdesi: Yenilenebilir Enerji Yat\u0131r\u0131mlar\u0131nda Rekor Art\u0131\u015f - Tralleskop","og_description":"K\u00fcresel ekonomi, tarihin en b\u00fcy\u00fck enerji d\u00f6n\u00fc\u015f\u00fcm\u00fcne tan\u0131kl\u0131k ediyor. Son bir y\u0131l i\u00e7erisinde yenilenebilir enerji projelerine yap\u0131lan toplam yat\u0131r\u0131m miktar\u0131, fosil yak\u0131t yat\u0131r\u0131mlar\u0131n\u0131 ilk kez %40 oran\u0131nda geride b\u0131rakt\u0131. Bu de\u011fi\u015fim, sadece \u00e7evresel bir zorunluluk de\u011fil, ayn\u0131 zamanda finans d\u00fcnyas\u0131n\u0131n yeni k\u00e2r merkezi haline geldi. Avrupa ve Kuzey Amerika&#8217;daki b\u00fcy\u00fck yat\u0131r\u0131m fonlar\u0131, portf\u00f6ylerindeki karbon ayak [&hellip;]","og_url":"https:\/\/tralleskop.com\/index.php\/2026\/04\/22\/kuresel-piyasalarin-yeni-gozdesi-yenilenebilir-enerji-yatirimlarinda-rekor-artis-2\/","og_site_name":"Tralleskop","article_published_time":"2026-04-22T16:34:10+00:00","article_modified_time":"2026-04-22T20:06:03+00:00","author":"furkankural","twitter_card":"summary_large_image","twitter_misc":{"Yazan:":"furkankural","Tahmini okuma s\u00fcresi":"2 dakika"},"schema":{"@context":"https:\/\/schema.org","@graph":[{"@type":"Article","@id":"https:\/\/tralleskop.com\/index.php\/2026\/04\/22\/kuresel-piyasalarin-yeni-gozdesi-yenilenebilir-enerji-yatirimlarinda-rekor-artis-2\/#article","isPartOf":{"@id":"https:\/\/tralleskop.com\/index.php\/2026\/04\/22\/kuresel-piyasalarin-yeni-gozdesi-yenilenebilir-enerji-yatirimlarinda-rekor-artis-2\/"},"author":{"name":"furkankural","@id":"https:\/\/tralleskop.com\/#\/schema\/person\/fc12bc0105f8c38d47c414977faf5aa1"},"headline":"K\u00fcresel Piyasalar\u0131n Yeni G\u00f6zdesi: Yenilenebilir Enerji Yat\u0131r\u0131mlar\u0131nda Rekor Art\u0131\u015f","datePublished":"2026-04-22T16:34:10+00:00","dateModified":"2026-04-22T20:06:03+00:00","mainEntityOfPage":{"@id":"https:\/\/tralleskop.com\/index.php\/2026\/04\/22\/kuresel-piyasalarin-yeni-gozdesi-yenilenebilir-enerji-yatirimlarinda-rekor-artis-2\/"},"wordCount":354,"commentCount":0,"publisher":{"@id":"https:\/\/tralleskop.com\/#organization"},"image":{"@id":"https:\/\/tralleskop.com\/index.php\/2026\/04\/22\/kuresel-piyasalarin-yeni-gozdesi-yenilenebilir-enerji-yatirimlarinda-rekor-artis-2\/#primaryimage"},"thumbnailUrl":"https:\/\/tralleskop.com\/wp-content\/uploads\/2026\/04\/photo-1473341304170-971dccb5ac1e-1.jpg","keywords":["Ekonomi","Enerji","G\u00fcne\u015f Enerjisi","R\u00fczgar","Yat\u0131r\u0131m"],"articleSection":["Ekonomi"],"inLanguage":"tr","potentialAction":[{"@type":"CommentAction","name":"Comment","target":["https:\/\/tralleskop.com\/index.php\/2026\/04\/22\/kuresel-piyasalarin-yeni-gozdesi-yenilenebilir-enerji-yatirimlarinda-rekor-artis-2\/#respond"]}]},{"@type":"WebPage","@id":"https:\/\/tralleskop.com\/index.php\/2026\/04\/22\/kuresel-piyasalarin-yeni-gozdesi-yenilenebilir-enerji-yatirimlarinda-rekor-artis-2\/","url":"https:\/\/tralleskop.com\/index.php\/2026\/04\/22\/kuresel-piyasalarin-yeni-gozdesi-yenilenebilir-enerji-yatirimlarinda-rekor-artis-2\/","name":"K\u00fcresel Piyasalar\u0131n Yeni G\u00f6zdesi: Yenilenebilir Enerji Yat\u0131r\u0131mlar\u0131nda Rekor Art\u0131\u015f - Tralleskop","isPartOf":{"@id":"https:\/\/tralleskop.com\/#website"},"primaryImageOfPage":{"@id":"https:\/\/tralleskop.com\/index.php\/2026\/04\/22\/kuresel-piyasalarin-yeni-gozdesi-yenilenebilir-enerji-yatirimlarinda-rekor-artis-2\/#primaryimage"},"image":{"@id":"https:\/\/tralleskop.com\/index.php\/2026\/04\/22\/kuresel-piyasalarin-yeni-gozdesi-yenilenebilir-enerji-yatirimlarinda-rekor-artis-2\/#primaryimage"},"thumbnailUrl":"https:\/\/tralleskop.com\/wp-content\/uploads\/2026\/04\/photo-1473341304170-971dccb5ac1e-1.jpg","datePublished":"2026-04-22T16:34:10+00:00","dateModified":"2026-04-22T20:06:03+00:00","breadcrumb":{"@id":"https:\/\/tralleskop.com\/index.php\/2026\/04\/22\/kuresel-piyasalarin-yeni-gozdesi-yenilenebilir-enerji-yatirimlarinda-rekor-artis-2\/#breadcrumb"},"inLanguage":"tr","potentialAction":[{"@type":"ReadAction","target":["https:\/\/tralleskop.com\/index.php\/2026\/04\/22\/kuresel-piyasalarin-yeni-gozdesi-yenilenebilir-enerji-yatirimlarinda-rekor-artis-2\/"]}]},{"@type":"ImageObject","inLanguage":"tr","@id":"https:\/\/tralleskop.com\/index.php\/2026\/04\/22\/kuresel-piyasalarin-yeni-gozdesi-yenilenebilir-enerji-yatirimlarinda-rekor-artis-2\/#primaryimage","url":"https:\/\/tralleskop.com\/wp-content\/uploads\/2026\/04\/photo-1473341304170-971dccb5ac1e-1.jpg","contentUrl":"https:\/\/tralleskop.com\/wp-content\/uploads\/2026\/04\/photo-1473341304170-971dccb5ac1e-1.jpg","width":1000,"height":667},{"@type":"BreadcrumbList","@id":"https:\/\/tralleskop.com\/index.php\/2026\/04\/22\/kuresel-piyasalarin-yeni-gozdesi-yenilenebilir-enerji-yatirimlarinda-rekor-artis-2\/#breadcrumb","itemListElement":[{"@type":"ListItem","position":1,"name":"Anasayfa","item":"https:\/\/tralleskop.com\/"},{"@type":"ListItem","position":2,"name":"K\u00fcresel Piyasalar\u0131n Yeni G\u00f6zdesi: Yenilenebilir Enerji Yat\u0131r\u0131mlar\u0131nda Rekor Art\u0131\u015f"}]},{"@type":"WebSite","@id":"https:\/\/tralleskop.com\/#website","url":"https:\/\/tralleskop.com\/","name":"Tralleskop","description":"","publisher":{"@id":"https:\/\/tralleskop.com\/#organization"},"potentialAction":[{"@type":"SearchAction","target":{"@type":"EntryPoint","urlTemplate":"https:\/\/tralleskop.com\/?s={search_term_string}"},"query-input":{"@type":"PropertyValueSpecification","valueRequired":true,"valueName":"search_term_string"}}],"inLanguage":"tr"},{"@type":"Organization","@id":"https:\/\/tralleskop.com\/#organization","name":"Tralleskop","url":"https:\/\/tralleskop.com\/","logo":{"@type":"ImageObject","inLanguage":"tr","@id":"https:\/\/tralleskop.com\/#\/schema\/logo\/image\/","url":"https:\/\/tralleskop.com\/wp-content\/uploads\/2026\/03\/logo-1.png","contentUrl":"https:\/\/tralleskop.com\/wp-content\/uploads\/2026\/03\/logo-1.png","width":2048,"height":2048,"caption":"Tralleskop"},"image":{"@id":"https:\/\/tralleskop.com\/#\/schema\/logo\/image\/"},"sameAs":["https:\/\/instagram.com\/tralleskop"]},{"@type":"Person","@id":"https:\/\/tralleskop.com\/#\/schema\/person\/fc12bc0105f8c38d47c414977faf5aa1","name":"furkankural","image":{"@type":"ImageObject","inLanguage":"tr","@id":"https:\/\/secure.gravatar.com\/avatar\/b254b150a2c3c00063e72eb3ded536d7e5bd4008adc46ecd1ef3c8f0c02f310e?s=96&d=mm&r=g","url":"https:\/\/secure.gravatar.com\/avatar\/b254b150a2c3c00063e72eb3ded536d7e5bd4008adc46ecd1ef3c8f0c02f310e?s=96&d=mm&r=g","contentUrl":"https:\/\/secure.gravatar.com\/avatar\/b254b150a2c3c00063e72eb3ded536d7e5bd4008adc46ecd1ef3c8f0c02f310e?s=96&d=mm&r=g","caption":"furkankural"},"sameAs":["https:\/\/tralleskop.com"],"url":"https:\/\/tralleskop.com\/index.php\/author\/furkankural\/"}]}},"jetpack_featured_media_url":"https:\/\/tralleskop.com\/wp-content\/uploads\/2026\/04\/photo-1473341304170-971dccb5ac1e-1.jpg","_links":{"self":[{"href":"https:\/\/tralleskop.com\/index.php\/wp-json\/wp\/v2\/posts\/326","targetHints":{"allow":["GET"]}}],"collection":[{"href":"https:\/\/tralleskop.com\/index.php\/wp-json\/wp\/v2\/posts"}],"about":[{"href":"https:\/\/tralleskop.com\/index.php\/wp-json\/wp\/v2\/types\/post"}],"author":[{"embeddable":true,"href":"https:\/\/tralleskop.com\/index.php\/wp-json\/wp\/v2\/users\/1"}],"replies":[{"embeddable":true,"href":"https:\/\/tralleskop.com\/index.php\/wp-json\/wp\/v2\/comments?post=326"}],"version-history":[{"count":1,"href":"https:\/\/tralleskop.com\/index.php\/wp-json\/wp\/v2\/posts\/326\/revisions"}],"predecessor-version":[{"id":417,"href":"https:\/\/tralleskop.com\/index.php\/wp-json\/wp\/v2\/posts\/326\/revisions\/417"}],"wp:featuredmedia":[{"embeddable":true,"href":"https:\/\/tralleskop.com\/index.php\/wp-json\/wp\/v2\/media\/416"}],"wp:attachment":[{"href":"https:\/\/tralleskop.com\/index.php\/wp-json\/wp\/v2\/media?parent=326"}],"wp:term":[{"taxonomy":"category","embeddable":true,"href":"https:\/\/tralleskop.com\/index.php\/wp-json\/wp\/v2\/categories?post=326"},{"taxonomy":"post_tag","embeddable":true,"href":"https:\/\/tralleskop.com\/index.php\/wp-json\/wp\/v2\/tags?post=326"}],"curies":[{"name":"wp","href":"https:\/\/api.w.org\/{rel}","templated":true}]}}