{"id":308,"date":"2026-04-20T21:46:15","date_gmt":"2026-04-20T18:46:15","guid":{"rendered":"http:\/\/localhost\/wordpress\/index.php\/2026\/04\/20\/yeni-nesil-biyoteknoloji-yasam-suresi-uzatilabilir-mi\/"},"modified":"2026-04-22T23:16:54","modified_gmt":"2026-04-22T20:16:54","slug":"yeni-nesil-biyoteknoloji-yasam-suresi-uzatilabilir-mi","status":"publish","type":"post","link":"https:\/\/tralleskop.com\/index.php\/2026\/04\/20\/yeni-nesil-biyoteknoloji-yasam-suresi-uzatilabilir-mi\/","title":{"rendered":"Yeni Nesil Biyoteknoloji: Ya\u015fam S\u00fcresi Uzat\u0131labilir mi?"},"content":{"rendered":"<p>Gen d\u00fczenleme teknolojileri ve biyoteknolojideki ilerlemeler, insan ya\u015fam\u0131n\u0131 daha \u00f6nce hayal edilemeyen s\u00fcrelere \u00e7ekebilir. CRISPR gibi ara\u00e7lar, genetik hastal\u0131klar\u0131 daha ortaya \u00e7\u0131kmadan silmeye odaklan\u0131yor.<\/p>\n<p>Ya\u015flanmay\u0131 durdurmaya y\u00f6nelik ara\u015ft\u0131rmalar, biyolojik saati geri d\u00f6nd\u00fcrmeyi hedefliyor. Bu teknoloji, sa\u011fl\u0131k sistemlerini ve toplum yap\u0131s\u0131n\u0131 k\u00f6kten de\u011fi\u015ftirebilir.<\/p>\n","protected":false},"excerpt":{"rendered":"<p>Gen d\u00fczenleme teknolojileri ve biyoteknolojideki ilerlemeler, insan ya\u015fam\u0131n\u0131 daha \u00f6nce hayal edilemeyen s\u00fcrelere \u00e7ekebilir. CRISPR gibi ara\u00e7lar, genetik hastal\u0131klar\u0131 daha ortaya \u00e7\u0131kmadan silmeye odaklan\u0131yor. Ya\u015flanmay\u0131 durdurmaya y\u00f6nelik ara\u015ft\u0131rmalar, biyolojik saati geri d\u00f6nd\u00fcrmeyi hedefliyor. Bu teknoloji, sa\u011fl\u0131k sistemlerini ve toplum yap\u0131s\u0131n\u0131 k\u00f6kten de\u011fi\u015ftirebilir.<\/p>\n","protected":false},"author":1,"featured_media":422,"comment_status":"open","ping_status":"open","sticky":false,"template":"","format":"standard","meta":{"_coblocks_attr":"","_coblocks_dimensions":"","_coblocks_responsive_height":"","_coblocks_accordion_ie_support":"","_ai_summary":"\u2022 Gen d\u00fczenleme ile kal\u0131tsal hastal\u0131klar\u0131n tedavisi %80 oran\u0131nda m\u00fcmk\u00fcn olabilir.\n\u2022 H\u00fccresel yenilenme \u00e7al\u0131\u015fmalar\u0131, biyolojik ya\u015flanmay\u0131 yava\u015flatmay\u0131 hedefliyor.\n\u2022 Ki\u015fiselle\u015ftirilmi\u015f t\u0131p uygulamalar\u0131, te\u015fhis s\u00fcre\u00e7lerini saniyelere indiriyor.","_external_image_url":"https:\/\/images.unsplash.com\/photo-1532187875605-2fe3587b1598?w=1000","footnotes":""},"categories":[39],"tags":[70,77,76,78],"class_list":["post-308","post","type-post","status-publish","format-standard","has-post-thumbnail","hentry","category-saglik","tag-bilim","tag-biyoteknoloji","tag-saglik","tag-yasam"],"yoast_head":"<!-- This site is optimized with the Yoast SEO plugin v27.5 - https:\/\/yoast.com\/product\/yoast-seo-wordpress\/ -->\n<title>Yeni Nesil Biyoteknoloji: Ya\u015fam S\u00fcresi Uzat\u0131labilir mi? - Tralleskop<\/title>\n<meta name=\"robots\" content=\"index, follow, max-snippet:-1, max-image-preview:large, max-video-preview:-1\" \/>\n<link rel=\"canonical\" href=\"https:\/\/tralleskop.com\/index.php\/2026\/04\/20\/yeni-nesil-biyoteknoloji-yasam-suresi-uzatilabilir-mi\/\" \/>\n<meta property=\"og:locale\" content=\"tr_TR\" \/>\n<meta property=\"og:type\" content=\"article\" \/>\n<meta property=\"og:title\" content=\"Yeni Nesil Biyoteknoloji: Ya\u015fam S\u00fcresi Uzat\u0131labilir mi? - Tralleskop\" \/>\n<meta property=\"og:description\" content=\"Gen d\u00fczenleme teknolojileri ve biyoteknolojideki ilerlemeler, insan ya\u015fam\u0131n\u0131 daha \u00f6nce hayal edilemeyen s\u00fcrelere \u00e7ekebilir. CRISPR gibi ara\u00e7lar, genetik hastal\u0131klar\u0131 daha ortaya \u00e7\u0131kmadan silmeye odaklan\u0131yor. Ya\u015flanmay\u0131 durdurmaya y\u00f6nelik ara\u015ft\u0131rmalar, biyolojik saati geri d\u00f6nd\u00fcrmeyi hedefliyor. Bu teknoloji, sa\u011fl\u0131k sistemlerini ve toplum yap\u0131s\u0131n\u0131 k\u00f6kten de\u011fi\u015ftirebilir.\" \/>\n<meta property=\"og:url\" content=\"https:\/\/tralleskop.com\/index.php\/2026\/04\/20\/yeni-nesil-biyoteknoloji-yasam-suresi-uzatilabilir-mi\/\" \/>\n<meta property=\"og:site_name\" content=\"Tralleskop\" \/>\n<meta property=\"article:published_time\" content=\"2026-04-20T18:46:15+00:00\" \/>\n<meta property=\"article:modified_time\" content=\"2026-04-22T20:16:54+00:00\" \/>\n<meta property=\"og:image\" content=\"https:\/\/tralleskop.com\/wp-content\/uploads\/2026\/04\/photo-1518770660439-4636190af475.jpg\" \/>\n\t<meta property=\"og:image:width\" content=\"1000\" \/>\n\t<meta property=\"og:image:height\" content=\"667\" \/>\n\t<meta property=\"og:image:type\" content=\"image\/jpeg\" \/>\n<meta name=\"author\" content=\"furkankural\" \/>\n<meta name=\"twitter:card\" content=\"summary_large_image\" \/>\n<meta name=\"twitter:label1\" content=\"Yazan:\" \/>\n\t<meta name=\"twitter:data1\" content=\"furkankural\" \/>\n<script type=\"application\/ld+json\" class=\"yoast-schema-graph\">{\"@context\":\"https:\\\/\\\/schema.org\",\"@graph\":[{\"@type\":\"Article\",\"@id\":\"https:\\\/\\\/tralleskop.com\\\/index.php\\\/2026\\\/04\\\/20\\\/yeni-nesil-biyoteknoloji-yasam-suresi-uzatilabilir-mi\\\/#article\",\"isPartOf\":{\"@id\":\"https:\\\/\\\/tralleskop.com\\\/index.php\\\/2026\\\/04\\\/20\\\/yeni-nesil-biyoteknoloji-yasam-suresi-uzatilabilir-mi\\\/\"},\"author\":{\"name\":\"furkankural\",\"@id\":\"https:\\\/\\\/tralleskop.com\\\/#\\\/schema\\\/person\\\/fc12bc0105f8c38d47c414977faf5aa1\"},\"headline\":\"Yeni Nesil Biyoteknoloji: Ya\u015fam S\u00fcresi Uzat\u0131labilir mi?\",\"datePublished\":\"2026-04-20T18:46:15+00:00\",\"dateModified\":\"2026-04-22T20:16:54+00:00\",\"mainEntityOfPage\":{\"@id\":\"https:\\\/\\\/tralleskop.com\\\/index.php\\\/2026\\\/04\\\/20\\\/yeni-nesil-biyoteknoloji-yasam-suresi-uzatilabilir-mi\\\/\"},\"wordCount\":72,\"commentCount\":0,\"publisher\":{\"@id\":\"https:\\\/\\\/tralleskop.com\\\/#organization\"},\"image\":{\"@id\":\"https:\\\/\\\/tralleskop.com\\\/index.php\\\/2026\\\/04\\\/20\\\/yeni-nesil-biyoteknoloji-yasam-suresi-uzatilabilir-mi\\\/#primaryimage\"},\"thumbnailUrl\":\"https:\\\/\\\/tralleskop.com\\\/wp-content\\\/uploads\\\/2026\\\/04\\\/photo-1518770660439-4636190af475.jpg\",\"keywords\":[\"Bilim\",\"Biyoteknoloji\",\"Sa\u011fl\u0131k\",\"Ya\u015fam\"],\"articleSection\":[\"Sa\u011fl\u0131k\"],\"inLanguage\":\"tr\",\"potentialAction\":[{\"@type\":\"CommentAction\",\"name\":\"Comment\",\"target\":[\"https:\\\/\\\/tralleskop.com\\\/index.php\\\/2026\\\/04\\\/20\\\/yeni-nesil-biyoteknoloji-yasam-suresi-uzatilabilir-mi\\\/#respond\"]}]},{\"@type\":\"WebPage\",\"@id\":\"https:\\\/\\\/tralleskop.com\\\/index.php\\\/2026\\\/04\\\/20\\\/yeni-nesil-biyoteknoloji-yasam-suresi-uzatilabilir-mi\\\/\",\"url\":\"https:\\\/\\\/tralleskop.com\\\/index.php\\\/2026\\\/04\\\/20\\\/yeni-nesil-biyoteknoloji-yasam-suresi-uzatilabilir-mi\\\/\",\"name\":\"Yeni Nesil Biyoteknoloji: Ya\u015fam S\u00fcresi Uzat\u0131labilir mi? - Tralleskop\",\"isPartOf\":{\"@id\":\"https:\\\/\\\/tralleskop.com\\\/#website\"},\"primaryImageOfPage\":{\"@id\":\"https:\\\/\\\/tralleskop.com\\\/index.php\\\/2026\\\/04\\\/20\\\/yeni-nesil-biyoteknoloji-yasam-suresi-uzatilabilir-mi\\\/#primaryimage\"},\"image\":{\"@id\":\"https:\\\/\\\/tralleskop.com\\\/index.php\\\/2026\\\/04\\\/20\\\/yeni-nesil-biyoteknoloji-yasam-suresi-uzatilabilir-mi\\\/#primaryimage\"},\"thumbnailUrl\":\"https:\\\/\\\/tralleskop.com\\\/wp-content\\\/uploads\\\/2026\\\/04\\\/photo-1518770660439-4636190af475.jpg\",\"datePublished\":\"2026-04-20T18:46:15+00:00\",\"dateModified\":\"2026-04-22T20:16:54+00:00\",\"breadcrumb\":{\"@id\":\"https:\\\/\\\/tralleskop.com\\\/index.php\\\/2026\\\/04\\\/20\\\/yeni-nesil-biyoteknoloji-yasam-suresi-uzatilabilir-mi\\\/#breadcrumb\"},\"inLanguage\":\"tr\",\"potentialAction\":[{\"@type\":\"ReadAction\",\"target\":[\"https:\\\/\\\/tralleskop.com\\\/index.php\\\/2026\\\/04\\\/20\\\/yeni-nesil-biyoteknoloji-yasam-suresi-uzatilabilir-mi\\\/\"]}]},{\"@type\":\"ImageObject\",\"inLanguage\":\"tr\",\"@id\":\"https:\\\/\\\/tralleskop.com\\\/index.php\\\/2026\\\/04\\\/20\\\/yeni-nesil-biyoteknoloji-yasam-suresi-uzatilabilir-mi\\\/#primaryimage\",\"url\":\"https:\\\/\\\/tralleskop.com\\\/wp-content\\\/uploads\\\/2026\\\/04\\\/photo-1518770660439-4636190af475.jpg\",\"contentUrl\":\"https:\\\/\\\/tralleskop.com\\\/wp-content\\\/uploads\\\/2026\\\/04\\\/photo-1518770660439-4636190af475.jpg\",\"width\":1000,\"height\":667},{\"@type\":\"BreadcrumbList\",\"@id\":\"https:\\\/\\\/tralleskop.com\\\/index.php\\\/2026\\\/04\\\/20\\\/yeni-nesil-biyoteknoloji-yasam-suresi-uzatilabilir-mi\\\/#breadcrumb\",\"itemListElement\":[{\"@type\":\"ListItem\",\"position\":1,\"name\":\"Anasayfa\",\"item\":\"https:\\\/\\\/tralleskop.com\\\/\"},{\"@type\":\"ListItem\",\"position\":2,\"name\":\"Yeni Nesil Biyoteknoloji: Ya\u015fam S\u00fcresi Uzat\u0131labilir mi?\"}]},{\"@type\":\"WebSite\",\"@id\":\"https:\\\/\\\/tralleskop.com\\\/#website\",\"url\":\"https:\\\/\\\/tralleskop.com\\\/\",\"name\":\"Tralleskop\",\"description\":\"\",\"publisher\":{\"@id\":\"https:\\\/\\\/tralleskop.com\\\/#organization\"},\"potentialAction\":[{\"@type\":\"SearchAction\",\"target\":{\"@type\":\"EntryPoint\",\"urlTemplate\":\"https:\\\/\\\/tralleskop.com\\\/?s={search_term_string}\"},\"query-input\":{\"@type\":\"PropertyValueSpecification\",\"valueRequired\":true,\"valueName\":\"search_term_string\"}}],\"inLanguage\":\"tr\"},{\"@type\":\"Organization\",\"@id\":\"https:\\\/\\\/tralleskop.com\\\/#organization\",\"name\":\"Tralleskop\",\"url\":\"https:\\\/\\\/tralleskop.com\\\/\",\"logo\":{\"@type\":\"ImageObject\",\"inLanguage\":\"tr\",\"@id\":\"https:\\\/\\\/tralleskop.com\\\/#\\\/schema\\\/logo\\\/image\\\/\",\"url\":\"https:\\\/\\\/tralleskop.com\\\/wp-content\\\/uploads\\\/2026\\\/03\\\/logo-1.png\",\"contentUrl\":\"https:\\\/\\\/tralleskop.com\\\/wp-content\\\/uploads\\\/2026\\\/03\\\/logo-1.png\",\"width\":2048,\"height\":2048,\"caption\":\"Tralleskop\"},\"image\":{\"@id\":\"https:\\\/\\\/tralleskop.com\\\/#\\\/schema\\\/logo\\\/image\\\/\"},\"sameAs\":[\"https:\\\/\\\/instagram.com\\\/tralleskop\"]},{\"@type\":\"Person\",\"@id\":\"https:\\\/\\\/tralleskop.com\\\/#\\\/schema\\\/person\\\/fc12bc0105f8c38d47c414977faf5aa1\",\"name\":\"furkankural\",\"image\":{\"@type\":\"ImageObject\",\"inLanguage\":\"tr\",\"@id\":\"https:\\\/\\\/secure.gravatar.com\\\/avatar\\\/b254b150a2c3c00063e72eb3ded536d7e5bd4008adc46ecd1ef3c8f0c02f310e?s=96&d=mm&r=g\",\"url\":\"https:\\\/\\\/secure.gravatar.com\\\/avatar\\\/b254b150a2c3c00063e72eb3ded536d7e5bd4008adc46ecd1ef3c8f0c02f310e?s=96&d=mm&r=g\",\"contentUrl\":\"https:\\\/\\\/secure.gravatar.com\\\/avatar\\\/b254b150a2c3c00063e72eb3ded536d7e5bd4008adc46ecd1ef3c8f0c02f310e?s=96&d=mm&r=g\",\"caption\":\"furkankural\"},\"sameAs\":[\"https:\\\/\\\/tralleskop.com\"],\"url\":\"https:\\\/\\\/tralleskop.com\\\/index.php\\\/author\\\/furkankural\\\/\"}]}<\/script>\n<!-- \/ Yoast SEO plugin. -->","yoast_head_json":{"title":"Yeni Nesil Biyoteknoloji: Ya\u015fam S\u00fcresi Uzat\u0131labilir mi? - Tralleskop","robots":{"index":"index","follow":"follow","max-snippet":"max-snippet:-1","max-image-preview":"max-image-preview:large","max-video-preview":"max-video-preview:-1"},"canonical":"https:\/\/tralleskop.com\/index.php\/2026\/04\/20\/yeni-nesil-biyoteknoloji-yasam-suresi-uzatilabilir-mi\/","og_locale":"tr_TR","og_type":"article","og_title":"Yeni Nesil Biyoteknoloji: Ya\u015fam S\u00fcresi Uzat\u0131labilir mi? - Tralleskop","og_description":"Gen d\u00fczenleme teknolojileri ve biyoteknolojideki ilerlemeler, insan ya\u015fam\u0131n\u0131 daha \u00f6nce hayal edilemeyen s\u00fcrelere \u00e7ekebilir. CRISPR gibi ara\u00e7lar, genetik hastal\u0131klar\u0131 daha ortaya \u00e7\u0131kmadan silmeye odaklan\u0131yor. Ya\u015flanmay\u0131 durdurmaya y\u00f6nelik ara\u015ft\u0131rmalar, biyolojik saati geri d\u00f6nd\u00fcrmeyi hedefliyor. Bu teknoloji, sa\u011fl\u0131k sistemlerini ve toplum yap\u0131s\u0131n\u0131 k\u00f6kten de\u011fi\u015ftirebilir.","og_url":"https:\/\/tralleskop.com\/index.php\/2026\/04\/20\/yeni-nesil-biyoteknoloji-yasam-suresi-uzatilabilir-mi\/","og_site_name":"Tralleskop","article_published_time":"2026-04-20T18:46:15+00:00","article_modified_time":"2026-04-22T20:16:54+00:00","og_image":[{"width":1000,"height":667,"url":"https:\/\/tralleskop.com\/wp-content\/uploads\/2026\/04\/photo-1518770660439-4636190af475.jpg","type":"image\/jpeg"}],"author":"furkankural","twitter_card":"summary_large_image","twitter_misc":{"Yazan:":"furkankural"},"schema":{"@context":"https:\/\/schema.org","@graph":[{"@type":"Article","@id":"https:\/\/tralleskop.com\/index.php\/2026\/04\/20\/yeni-nesil-biyoteknoloji-yasam-suresi-uzatilabilir-mi\/#article","isPartOf":{"@id":"https:\/\/tralleskop.com\/index.php\/2026\/04\/20\/yeni-nesil-biyoteknoloji-yasam-suresi-uzatilabilir-mi\/"},"author":{"name":"furkankural","@id":"https:\/\/tralleskop.com\/#\/schema\/person\/fc12bc0105f8c38d47c414977faf5aa1"},"headline":"Yeni Nesil Biyoteknoloji: Ya\u015fam S\u00fcresi Uzat\u0131labilir mi?","datePublished":"2026-04-20T18:46:15+00:00","dateModified":"2026-04-22T20:16:54+00:00","mainEntityOfPage":{"@id":"https:\/\/tralleskop.com\/index.php\/2026\/04\/20\/yeni-nesil-biyoteknoloji-yasam-suresi-uzatilabilir-mi\/"},"wordCount":72,"commentCount":0,"publisher":{"@id":"https:\/\/tralleskop.com\/#organization"},"image":{"@id":"https:\/\/tralleskop.com\/index.php\/2026\/04\/20\/yeni-nesil-biyoteknoloji-yasam-suresi-uzatilabilir-mi\/#primaryimage"},"thumbnailUrl":"https:\/\/tralleskop.com\/wp-content\/uploads\/2026\/04\/photo-1518770660439-4636190af475.jpg","keywords":["Bilim","Biyoteknoloji","Sa\u011fl\u0131k","Ya\u015fam"],"articleSection":["Sa\u011fl\u0131k"],"inLanguage":"tr","potentialAction":[{"@type":"CommentAction","name":"Comment","target":["https:\/\/tralleskop.com\/index.php\/2026\/04\/20\/yeni-nesil-biyoteknoloji-yasam-suresi-uzatilabilir-mi\/#respond"]}]},{"@type":"WebPage","@id":"https:\/\/tralleskop.com\/index.php\/2026\/04\/20\/yeni-nesil-biyoteknoloji-yasam-suresi-uzatilabilir-mi\/","url":"https:\/\/tralleskop.com\/index.php\/2026\/04\/20\/yeni-nesil-biyoteknoloji-yasam-suresi-uzatilabilir-mi\/","name":"Yeni Nesil Biyoteknoloji: Ya\u015fam S\u00fcresi Uzat\u0131labilir mi? - Tralleskop","isPartOf":{"@id":"https:\/\/tralleskop.com\/#website"},"primaryImageOfPage":{"@id":"https:\/\/tralleskop.com\/index.php\/2026\/04\/20\/yeni-nesil-biyoteknoloji-yasam-suresi-uzatilabilir-mi\/#primaryimage"},"image":{"@id":"https:\/\/tralleskop.com\/index.php\/2026\/04\/20\/yeni-nesil-biyoteknoloji-yasam-suresi-uzatilabilir-mi\/#primaryimage"},"thumbnailUrl":"https:\/\/tralleskop.com\/wp-content\/uploads\/2026\/04\/photo-1518770660439-4636190af475.jpg","datePublished":"2026-04-20T18:46:15+00:00","dateModified":"2026-04-22T20:16:54+00:00","breadcrumb":{"@id":"https:\/\/tralleskop.com\/index.php\/2026\/04\/20\/yeni-nesil-biyoteknoloji-yasam-suresi-uzatilabilir-mi\/#breadcrumb"},"inLanguage":"tr","potentialAction":[{"@type":"ReadAction","target":["https:\/\/tralleskop.com\/index.php\/2026\/04\/20\/yeni-nesil-biyoteknoloji-yasam-suresi-uzatilabilir-mi\/"]}]},{"@type":"ImageObject","inLanguage":"tr","@id":"https:\/\/tralleskop.com\/index.php\/2026\/04\/20\/yeni-nesil-biyoteknoloji-yasam-suresi-uzatilabilir-mi\/#primaryimage","url":"https:\/\/tralleskop.com\/wp-content\/uploads\/2026\/04\/photo-1518770660439-4636190af475.jpg","contentUrl":"https:\/\/tralleskop.com\/wp-content\/uploads\/2026\/04\/photo-1518770660439-4636190af475.jpg","width":1000,"height":667},{"@type":"BreadcrumbList","@id":"https:\/\/tralleskop.com\/index.php\/2026\/04\/20\/yeni-nesil-biyoteknoloji-yasam-suresi-uzatilabilir-mi\/#breadcrumb","itemListElement":[{"@type":"ListItem","position":1,"name":"Anasayfa","item":"https:\/\/tralleskop.com\/"},{"@type":"ListItem","position":2,"name":"Yeni Nesil Biyoteknoloji: Ya\u015fam S\u00fcresi Uzat\u0131labilir mi?"}]},{"@type":"WebSite","@id":"https:\/\/tralleskop.com\/#website","url":"https:\/\/tralleskop.com\/","name":"Tralleskop","description":"","publisher":{"@id":"https:\/\/tralleskop.com\/#organization"},"potentialAction":[{"@type":"SearchAction","target":{"@type":"EntryPoint","urlTemplate":"https:\/\/tralleskop.com\/?s={search_term_string}"},"query-input":{"@type":"PropertyValueSpecification","valueRequired":true,"valueName":"search_term_string"}}],"inLanguage":"tr"},{"@type":"Organization","@id":"https:\/\/tralleskop.com\/#organization","name":"Tralleskop","url":"https:\/\/tralleskop.com\/","logo":{"@type":"ImageObject","inLanguage":"tr","@id":"https:\/\/tralleskop.com\/#\/schema\/logo\/image\/","url":"https:\/\/tralleskop.com\/wp-content\/uploads\/2026\/03\/logo-1.png","contentUrl":"https:\/\/tralleskop.com\/wp-content\/uploads\/2026\/03\/logo-1.png","width":2048,"height":2048,"caption":"Tralleskop"},"image":{"@id":"https:\/\/tralleskop.com\/#\/schema\/logo\/image\/"},"sameAs":["https:\/\/instagram.com\/tralleskop"]},{"@type":"Person","@id":"https:\/\/tralleskop.com\/#\/schema\/person\/fc12bc0105f8c38d47c414977faf5aa1","name":"furkankural","image":{"@type":"ImageObject","inLanguage":"tr","@id":"https:\/\/secure.gravatar.com\/avatar\/b254b150a2c3c00063e72eb3ded536d7e5bd4008adc46ecd1ef3c8f0c02f310e?s=96&d=mm&r=g","url":"https:\/\/secure.gravatar.com\/avatar\/b254b150a2c3c00063e72eb3ded536d7e5bd4008adc46ecd1ef3c8f0c02f310e?s=96&d=mm&r=g","contentUrl":"https:\/\/secure.gravatar.com\/avatar\/b254b150a2c3c00063e72eb3ded536d7e5bd4008adc46ecd1ef3c8f0c02f310e?s=96&d=mm&r=g","caption":"furkankural"},"sameAs":["https:\/\/tralleskop.com"],"url":"https:\/\/tralleskop.com\/index.php\/author\/furkankural\/"}]}},"jetpack_featured_media_url":"https:\/\/tralleskop.com\/wp-content\/uploads\/2026\/04\/photo-1518770660439-4636190af475.jpg","_links":{"self":[{"href":"https:\/\/tralleskop.com\/index.php\/wp-json\/wp\/v2\/posts\/308","targetHints":{"allow":["GET"]}}],"collection":[{"href":"https:\/\/tralleskop.com\/index.php\/wp-json\/wp\/v2\/posts"}],"about":[{"href":"https:\/\/tralleskop.com\/index.php\/wp-json\/wp\/v2\/types\/post"}],"author":[{"embeddable":true,"href":"https:\/\/tralleskop.com\/index.php\/wp-json\/wp\/v2\/users\/1"}],"replies":[{"embeddable":true,"href":"https:\/\/tralleskop.com\/index.php\/wp-json\/wp\/v2\/comments?post=308"}],"version-history":[{"count":1,"href":"https:\/\/tralleskop.com\/index.php\/wp-json\/wp\/v2\/posts\/308\/revisions"}],"predecessor-version":[{"id":418,"href":"https:\/\/tralleskop.com\/index.php\/wp-json\/wp\/v2\/posts\/308\/revisions\/418"}],"wp:featuredmedia":[{"embeddable":true,"href":"https:\/\/tralleskop.com\/index.php\/wp-json\/wp\/v2\/media\/422"}],"wp:attachment":[{"href":"https:\/\/tralleskop.com\/index.php\/wp-json\/wp\/v2\/media?parent=308"}],"wp:term":[{"taxonomy":"category","embeddable":true,"href":"https:\/\/tralleskop.com\/index.php\/wp-json\/wp\/v2\/categories?post=308"},{"taxonomy":"post_tag","embeddable":true,"href":"https:\/\/tralleskop.com\/index.php\/wp-json\/wp\/v2\/tags?post=308"}],"curies":[{"name":"wp","href":"https:\/\/api.w.org\/{rel}","templated":true}]}}