{"id":306,"date":"2026-04-20T21:46:14","date_gmt":"2026-04-20T18:46:14","guid":{"rendered":"http:\/\/localhost\/wordpress\/index.php\/2026\/04\/20\/iklim-krizi-ve-yenilenebilir-enerji-geri-donus-basladi-mi\/"},"modified":"2026-04-22T23:06:23","modified_gmt":"2026-04-22T20:06:23","slug":"iklim-krizi-ve-yenilenebilir-enerji-geri-donus-basladi-mi","status":"publish","type":"post","link":"https:\/\/tralleskop.com\/index.php\/2026\/04\/20\/iklim-krizi-ve-yenilenebilir-enerji-geri-donus-basladi-mi\/","title":{"rendered":"\u0130klim Krizi ve Yenilenebilir Enerji: Geri D\u00f6n\u00fc\u015f Ba\u015flad\u0131 m\u0131?"},"content":{"rendered":"<p>K\u00fcresel s\u0131cakl\u0131k rekorlar\u0131 k\u0131r\u0131l\u0131rken, temiz enerjiye ge\u00e7i\u015f s\u00fcreci de ivme kazan\u0131yor. G\u00fcne\u015f ve r\u00fczgar enerjisi kapasitesi, tarihte ilk kez fosil yak\u0131tlar\u0131n b\u00fcy\u00fcme h\u0131z\u0131n\u0131 geride b\u0131rakt\u0131.<\/p>\n<p>Ancak karbon emisyonlar\u0131n\u0131 durdurmak i\u00e7in daha radikal ad\u0131mlar at\u0131lmas\u0131 gerekiyor. Ye\u015fil ekonomi, art\u0131k sadece bir \u00e7evreci ideal de\u011fil, ekonomik bir zorunluluktur.<\/p>\n","protected":false},"excerpt":{"rendered":"<p>K\u00fcresel s\u0131cakl\u0131k rekorlar\u0131 k\u0131r\u0131l\u0131rken, temiz enerjiye ge\u00e7i\u015f s\u00fcreci de ivme kazan\u0131yor. G\u00fcne\u015f ve r\u00fczgar enerjisi kapasitesi, tarihte ilk kez fosil yak\u0131tlar\u0131n b\u00fcy\u00fcme h\u0131z\u0131n\u0131 geride b\u0131rakt\u0131. Ancak karbon emisyonlar\u0131n\u0131 durdurmak i\u00e7in daha radikal ad\u0131mlar at\u0131lmas\u0131 gerekiyor. Ye\u015fil ekonomi, art\u0131k sadece bir \u00e7evreci ideal de\u011fil, ekonomik bir zorunluluktur.<\/p>\n","protected":false},"author":1,"featured_media":307,"comment_status":"open","ping_status":"open","sticky":false,"template":"","format":"standard","meta":{"_coblocks_attr":"","_coblocks_dimensions":"","_coblocks_responsive_height":"","_coblocks_accordion_ie_support":"","_ai_summary":"\u2022 Yenilenebilir enerji yat\u0131r\u0131mlar\u0131 son 2 y\u0131lda %30 art\u0131\u015f g\u00f6sterdi.\n\u2022 Elektrikli ara\u00e7 kullan\u0131m\u0131, petrol ba\u011f\u0131ml\u0131l\u0131\u011f\u0131n\u0131 kademeli olarak azalt\u0131yor.\n\u2022 Okyanus s\u0131cakl\u0131klar\u0131ndaki art\u0131\u015f, ekosistemler i\u00e7in hala b\u00fcy\u00fck bir tehdit.","_external_image_url":"https:\/\/images.unsplash.com\/photo-1532601224476-15c79f2f7a51?w=1000","footnotes":""},"categories":[5],"tags":[75,3,74,73],"class_list":["post-306","post","type-post","status-publish","format-standard","has-post-thumbnail","hentry","category-dunya","tag-cevre","tag-dunya","tag-enerji","tag-iklim-krizi"],"yoast_head":"<!-- This site is optimized with the Yoast SEO plugin v27.5 - https:\/\/yoast.com\/product\/yoast-seo-wordpress\/ -->\n<title>\u0130klim Krizi ve Yenilenebilir Enerji: Geri D\u00f6n\u00fc\u015f Ba\u015flad\u0131 m\u0131? - Tralleskop<\/title>\n<meta name=\"robots\" content=\"index, follow, max-snippet:-1, max-image-preview:large, max-video-preview:-1\" \/>\n<link rel=\"canonical\" href=\"https:\/\/tralleskop.com\/index.php\/2026\/04\/20\/iklim-krizi-ve-yenilenebilir-enerji-geri-donus-basladi-mi\/\" \/>\n<meta property=\"og:locale\" content=\"tr_TR\" \/>\n<meta property=\"og:type\" content=\"article\" \/>\n<meta property=\"og:title\" content=\"\u0130klim Krizi ve Yenilenebilir Enerji: Geri D\u00f6n\u00fc\u015f Ba\u015flad\u0131 m\u0131? - Tralleskop\" \/>\n<meta property=\"og:description\" content=\"K\u00fcresel s\u0131cakl\u0131k rekorlar\u0131 k\u0131r\u0131l\u0131rken, temiz enerjiye ge\u00e7i\u015f s\u00fcreci de ivme kazan\u0131yor. G\u00fcne\u015f ve r\u00fczgar enerjisi kapasitesi, tarihte ilk kez fosil yak\u0131tlar\u0131n b\u00fcy\u00fcme h\u0131z\u0131n\u0131 geride b\u0131rakt\u0131. Ancak karbon emisyonlar\u0131n\u0131 durdurmak i\u00e7in daha radikal ad\u0131mlar at\u0131lmas\u0131 gerekiyor. Ye\u015fil ekonomi, art\u0131k sadece bir \u00e7evreci ideal de\u011fil, ekonomik bir zorunluluktur.\" \/>\n<meta property=\"og:url\" content=\"https:\/\/tralleskop.com\/index.php\/2026\/04\/20\/iklim-krizi-ve-yenilenebilir-enerji-geri-donus-basladi-mi\/\" \/>\n<meta property=\"og:site_name\" content=\"Tralleskop\" \/>\n<meta property=\"article:published_time\" content=\"2026-04-20T18:46:14+00:00\" \/>\n<meta property=\"article:modified_time\" content=\"2026-04-22T20:06:23+00:00\" \/>\n<meta property=\"og:image\" content=\"https:\/\/tralleskop.com\/wp-content\/uploads\/2026\/04\/iklim-krizi-ve-yenilenebilir-enerji-geri-donus-basladi-mi.jpg\" \/>\n\t<meta property=\"og:image:width\" content=\"1200\" \/>\n\t<meta property=\"og:image:height\" content=\"800\" \/>\n\t<meta property=\"og:image:type\" content=\"image\/jpeg\" \/>\n<meta name=\"author\" content=\"furkankural\" \/>\n<meta name=\"twitter:card\" content=\"summary_large_image\" \/>\n<meta name=\"twitter:label1\" content=\"Yazan:\" \/>\n\t<meta name=\"twitter:data1\" content=\"furkankural\" \/>\n<script type=\"application\/ld+json\" class=\"yoast-schema-graph\">{\"@context\":\"https:\\\/\\\/schema.org\",\"@graph\":[{\"@type\":\"Article\",\"@id\":\"https:\\\/\\\/tralleskop.com\\\/index.php\\\/2026\\\/04\\\/20\\\/iklim-krizi-ve-yenilenebilir-enerji-geri-donus-basladi-mi\\\/#article\",\"isPartOf\":{\"@id\":\"https:\\\/\\\/tralleskop.com\\\/index.php\\\/2026\\\/04\\\/20\\\/iklim-krizi-ve-yenilenebilir-enerji-geri-donus-basladi-mi\\\/\"},\"author\":{\"name\":\"furkankural\",\"@id\":\"https:\\\/\\\/tralleskop.com\\\/#\\\/schema\\\/person\\\/fc12bc0105f8c38d47c414977faf5aa1\"},\"headline\":\"\u0130klim Krizi ve Yenilenebilir Enerji: Geri D\u00f6n\u00fc\u015f Ba\u015flad\u0131 m\u0131?\",\"datePublished\":\"2026-04-20T18:46:14+00:00\",\"dateModified\":\"2026-04-22T20:06:23+00:00\",\"mainEntityOfPage\":{\"@id\":\"https:\\\/\\\/tralleskop.com\\\/index.php\\\/2026\\\/04\\\/20\\\/iklim-krizi-ve-yenilenebilir-enerji-geri-donus-basladi-mi\\\/\"},\"wordCount\":82,\"commentCount\":0,\"publisher\":{\"@id\":\"https:\\\/\\\/tralleskop.com\\\/#organization\"},\"image\":{\"@id\":\"https:\\\/\\\/tralleskop.com\\\/index.php\\\/2026\\\/04\\\/20\\\/iklim-krizi-ve-yenilenebilir-enerji-geri-donus-basladi-mi\\\/#primaryimage\"},\"thumbnailUrl\":\"https:\\\/\\\/tralleskop.com\\\/wp-content\\\/uploads\\\/2026\\\/04\\\/iklim-krizi-ve-yenilenebilir-enerji-geri-donus-basladi-mi.jpg\",\"keywords\":[\"\u00c7evre\",\"D\u00fcnya\",\"Enerji\",\"\u0130klim Krizi\"],\"articleSection\":[\"d\u00fcnya\"],\"inLanguage\":\"tr\",\"potentialAction\":[{\"@type\":\"CommentAction\",\"name\":\"Comment\",\"target\":[\"https:\\\/\\\/tralleskop.com\\\/index.php\\\/2026\\\/04\\\/20\\\/iklim-krizi-ve-yenilenebilir-enerji-geri-donus-basladi-mi\\\/#respond\"]}]},{\"@type\":\"WebPage\",\"@id\":\"https:\\\/\\\/tralleskop.com\\\/index.php\\\/2026\\\/04\\\/20\\\/iklim-krizi-ve-yenilenebilir-enerji-geri-donus-basladi-mi\\\/\",\"url\":\"https:\\\/\\\/tralleskop.com\\\/index.php\\\/2026\\\/04\\\/20\\\/iklim-krizi-ve-yenilenebilir-enerji-geri-donus-basladi-mi\\\/\",\"name\":\"\u0130klim Krizi ve Yenilenebilir Enerji: Geri D\u00f6n\u00fc\u015f Ba\u015flad\u0131 m\u0131? - Tralleskop\",\"isPartOf\":{\"@id\":\"https:\\\/\\\/tralleskop.com\\\/#website\"},\"primaryImageOfPage\":{\"@id\":\"https:\\\/\\\/tralleskop.com\\\/index.php\\\/2026\\\/04\\\/20\\\/iklim-krizi-ve-yenilenebilir-enerji-geri-donus-basladi-mi\\\/#primaryimage\"},\"image\":{\"@id\":\"https:\\\/\\\/tralleskop.com\\\/index.php\\\/2026\\\/04\\\/20\\\/iklim-krizi-ve-yenilenebilir-enerji-geri-donus-basladi-mi\\\/#primaryimage\"},\"thumbnailUrl\":\"https:\\\/\\\/tralleskop.com\\\/wp-content\\\/uploads\\\/2026\\\/04\\\/iklim-krizi-ve-yenilenebilir-enerji-geri-donus-basladi-mi.jpg\",\"datePublished\":\"2026-04-20T18:46:14+00:00\",\"dateModified\":\"2026-04-22T20:06:23+00:00\",\"breadcrumb\":{\"@id\":\"https:\\\/\\\/tralleskop.com\\\/index.php\\\/2026\\\/04\\\/20\\\/iklim-krizi-ve-yenilenebilir-enerji-geri-donus-basladi-mi\\\/#breadcrumb\"},\"inLanguage\":\"tr\",\"potentialAction\":[{\"@type\":\"ReadAction\",\"target\":[\"https:\\\/\\\/tralleskop.com\\\/index.php\\\/2026\\\/04\\\/20\\\/iklim-krizi-ve-yenilenebilir-enerji-geri-donus-basladi-mi\\\/\"]}]},{\"@type\":\"ImageObject\",\"inLanguage\":\"tr\",\"@id\":\"https:\\\/\\\/tralleskop.com\\\/index.php\\\/2026\\\/04\\\/20\\\/iklim-krizi-ve-yenilenebilir-enerji-geri-donus-basladi-mi\\\/#primaryimage\",\"url\":\"https:\\\/\\\/tralleskop.com\\\/wp-content\\\/uploads\\\/2026\\\/04\\\/iklim-krizi-ve-yenilenebilir-enerji-geri-donus-basladi-mi.jpg\",\"contentUrl\":\"https:\\\/\\\/tralleskop.com\\\/wp-content\\\/uploads\\\/2026\\\/04\\\/iklim-krizi-ve-yenilenebilir-enerji-geri-donus-basladi-mi.jpg\",\"width\":1200,\"height\":800,\"caption\":\"\u0130klim Krizi ve Yenilenebilir Enerji: Geri D\u00f6n\u00fc\u015f Ba\u015flad\u0131 m\u0131?\"},{\"@type\":\"BreadcrumbList\",\"@id\":\"https:\\\/\\\/tralleskop.com\\\/index.php\\\/2026\\\/04\\\/20\\\/iklim-krizi-ve-yenilenebilir-enerji-geri-donus-basladi-mi\\\/#breadcrumb\",\"itemListElement\":[{\"@type\":\"ListItem\",\"position\":1,\"name\":\"Anasayfa\",\"item\":\"https:\\\/\\\/tralleskop.com\\\/\"},{\"@type\":\"ListItem\",\"position\":2,\"name\":\"\u0130klim Krizi ve Yenilenebilir Enerji: Geri D\u00f6n\u00fc\u015f Ba\u015flad\u0131 m\u0131?\"}]},{\"@type\":\"WebSite\",\"@id\":\"https:\\\/\\\/tralleskop.com\\\/#website\",\"url\":\"https:\\\/\\\/tralleskop.com\\\/\",\"name\":\"Tralleskop\",\"description\":\"\",\"publisher\":{\"@id\":\"https:\\\/\\\/tralleskop.com\\\/#organization\"},\"potentialAction\":[{\"@type\":\"SearchAction\",\"target\":{\"@type\":\"EntryPoint\",\"urlTemplate\":\"https:\\\/\\\/tralleskop.com\\\/?s={search_term_string}\"},\"query-input\":{\"@type\":\"PropertyValueSpecification\",\"valueRequired\":true,\"valueName\":\"search_term_string\"}}],\"inLanguage\":\"tr\"},{\"@type\":\"Organization\",\"@id\":\"https:\\\/\\\/tralleskop.com\\\/#organization\",\"name\":\"Tralleskop\",\"url\":\"https:\\\/\\\/tralleskop.com\\\/\",\"logo\":{\"@type\":\"ImageObject\",\"inLanguage\":\"tr\",\"@id\":\"https:\\\/\\\/tralleskop.com\\\/#\\\/schema\\\/logo\\\/image\\\/\",\"url\":\"https:\\\/\\\/tralleskop.com\\\/wp-content\\\/uploads\\\/2026\\\/03\\\/logo-1.png\",\"contentUrl\":\"https:\\\/\\\/tralleskop.com\\\/wp-content\\\/uploads\\\/2026\\\/03\\\/logo-1.png\",\"width\":2048,\"height\":2048,\"caption\":\"Tralleskop\"},\"image\":{\"@id\":\"https:\\\/\\\/tralleskop.com\\\/#\\\/schema\\\/logo\\\/image\\\/\"},\"sameAs\":[\"https:\\\/\\\/instagram.com\\\/tralleskop\"]},{\"@type\":\"Person\",\"@id\":\"https:\\\/\\\/tralleskop.com\\\/#\\\/schema\\\/person\\\/fc12bc0105f8c38d47c414977faf5aa1\",\"name\":\"furkankural\",\"image\":{\"@type\":\"ImageObject\",\"inLanguage\":\"tr\",\"@id\":\"https:\\\/\\\/secure.gravatar.com\\\/avatar\\\/b254b150a2c3c00063e72eb3ded536d7e5bd4008adc46ecd1ef3c8f0c02f310e?s=96&d=mm&r=g\",\"url\":\"https:\\\/\\\/secure.gravatar.com\\\/avatar\\\/b254b150a2c3c00063e72eb3ded536d7e5bd4008adc46ecd1ef3c8f0c02f310e?s=96&d=mm&r=g\",\"contentUrl\":\"https:\\\/\\\/secure.gravatar.com\\\/avatar\\\/b254b150a2c3c00063e72eb3ded536d7e5bd4008adc46ecd1ef3c8f0c02f310e?s=96&d=mm&r=g\",\"caption\":\"furkankural\"},\"sameAs\":[\"https:\\\/\\\/tralleskop.com\"],\"url\":\"https:\\\/\\\/tralleskop.com\\\/index.php\\\/author\\\/furkankural\\\/\"}]}<\/script>\n<!-- \/ Yoast SEO plugin. -->","yoast_head_json":{"title":"\u0130klim Krizi ve Yenilenebilir Enerji: Geri D\u00f6n\u00fc\u015f Ba\u015flad\u0131 m\u0131? - Tralleskop","robots":{"index":"index","follow":"follow","max-snippet":"max-snippet:-1","max-image-preview":"max-image-preview:large","max-video-preview":"max-video-preview:-1"},"canonical":"https:\/\/tralleskop.com\/index.php\/2026\/04\/20\/iklim-krizi-ve-yenilenebilir-enerji-geri-donus-basladi-mi\/","og_locale":"tr_TR","og_type":"article","og_title":"\u0130klim Krizi ve Yenilenebilir Enerji: Geri D\u00f6n\u00fc\u015f Ba\u015flad\u0131 m\u0131? - Tralleskop","og_description":"K\u00fcresel s\u0131cakl\u0131k rekorlar\u0131 k\u0131r\u0131l\u0131rken, temiz enerjiye ge\u00e7i\u015f s\u00fcreci de ivme kazan\u0131yor. G\u00fcne\u015f ve r\u00fczgar enerjisi kapasitesi, tarihte ilk kez fosil yak\u0131tlar\u0131n b\u00fcy\u00fcme h\u0131z\u0131n\u0131 geride b\u0131rakt\u0131. Ancak karbon emisyonlar\u0131n\u0131 durdurmak i\u00e7in daha radikal ad\u0131mlar at\u0131lmas\u0131 gerekiyor. Ye\u015fil ekonomi, art\u0131k sadece bir \u00e7evreci ideal de\u011fil, ekonomik bir zorunluluktur.","og_url":"https:\/\/tralleskop.com\/index.php\/2026\/04\/20\/iklim-krizi-ve-yenilenebilir-enerji-geri-donus-basladi-mi\/","og_site_name":"Tralleskop","article_published_time":"2026-04-20T18:46:14+00:00","article_modified_time":"2026-04-22T20:06:23+00:00","og_image":[{"width":1200,"height":800,"url":"https:\/\/tralleskop.com\/wp-content\/uploads\/2026\/04\/iklim-krizi-ve-yenilenebilir-enerji-geri-donus-basladi-mi.jpg","type":"image\/jpeg"}],"author":"furkankural","twitter_card":"summary_large_image","twitter_misc":{"Yazan:":"furkankural"},"schema":{"@context":"https:\/\/schema.org","@graph":[{"@type":"Article","@id":"https:\/\/tralleskop.com\/index.php\/2026\/04\/20\/iklim-krizi-ve-yenilenebilir-enerji-geri-donus-basladi-mi\/#article","isPartOf":{"@id":"https:\/\/tralleskop.com\/index.php\/2026\/04\/20\/iklim-krizi-ve-yenilenebilir-enerji-geri-donus-basladi-mi\/"},"author":{"name":"furkankural","@id":"https:\/\/tralleskop.com\/#\/schema\/person\/fc12bc0105f8c38d47c414977faf5aa1"},"headline":"\u0130klim Krizi ve Yenilenebilir Enerji: Geri D\u00f6n\u00fc\u015f Ba\u015flad\u0131 m\u0131?","datePublished":"2026-04-20T18:46:14+00:00","dateModified":"2026-04-22T20:06:23+00:00","mainEntityOfPage":{"@id":"https:\/\/tralleskop.com\/index.php\/2026\/04\/20\/iklim-krizi-ve-yenilenebilir-enerji-geri-donus-basladi-mi\/"},"wordCount":82,"commentCount":0,"publisher":{"@id":"https:\/\/tralleskop.com\/#organization"},"image":{"@id":"https:\/\/tralleskop.com\/index.php\/2026\/04\/20\/iklim-krizi-ve-yenilenebilir-enerji-geri-donus-basladi-mi\/#primaryimage"},"thumbnailUrl":"https:\/\/tralleskop.com\/wp-content\/uploads\/2026\/04\/iklim-krizi-ve-yenilenebilir-enerji-geri-donus-basladi-mi.jpg","keywords":["\u00c7evre","D\u00fcnya","Enerji","\u0130klim Krizi"],"articleSection":["d\u00fcnya"],"inLanguage":"tr","potentialAction":[{"@type":"CommentAction","name":"Comment","target":["https:\/\/tralleskop.com\/index.php\/2026\/04\/20\/iklim-krizi-ve-yenilenebilir-enerji-geri-donus-basladi-mi\/#respond"]}]},{"@type":"WebPage","@id":"https:\/\/tralleskop.com\/index.php\/2026\/04\/20\/iklim-krizi-ve-yenilenebilir-enerji-geri-donus-basladi-mi\/","url":"https:\/\/tralleskop.com\/index.php\/2026\/04\/20\/iklim-krizi-ve-yenilenebilir-enerji-geri-donus-basladi-mi\/","name":"\u0130klim Krizi ve Yenilenebilir Enerji: Geri D\u00f6n\u00fc\u015f Ba\u015flad\u0131 m\u0131? - Tralleskop","isPartOf":{"@id":"https:\/\/tralleskop.com\/#website"},"primaryImageOfPage":{"@id":"https:\/\/tralleskop.com\/index.php\/2026\/04\/20\/iklim-krizi-ve-yenilenebilir-enerji-geri-donus-basladi-mi\/#primaryimage"},"image":{"@id":"https:\/\/tralleskop.com\/index.php\/2026\/04\/20\/iklim-krizi-ve-yenilenebilir-enerji-geri-donus-basladi-mi\/#primaryimage"},"thumbnailUrl":"https:\/\/tralleskop.com\/wp-content\/uploads\/2026\/04\/iklim-krizi-ve-yenilenebilir-enerji-geri-donus-basladi-mi.jpg","datePublished":"2026-04-20T18:46:14+00:00","dateModified":"2026-04-22T20:06:23+00:00","breadcrumb":{"@id":"https:\/\/tralleskop.com\/index.php\/2026\/04\/20\/iklim-krizi-ve-yenilenebilir-enerji-geri-donus-basladi-mi\/#breadcrumb"},"inLanguage":"tr","potentialAction":[{"@type":"ReadAction","target":["https:\/\/tralleskop.com\/index.php\/2026\/04\/20\/iklim-krizi-ve-yenilenebilir-enerji-geri-donus-basladi-mi\/"]}]},{"@type":"ImageObject","inLanguage":"tr","@id":"https:\/\/tralleskop.com\/index.php\/2026\/04\/20\/iklim-krizi-ve-yenilenebilir-enerji-geri-donus-basladi-mi\/#primaryimage","url":"https:\/\/tralleskop.com\/wp-content\/uploads\/2026\/04\/iklim-krizi-ve-yenilenebilir-enerji-geri-donus-basladi-mi.jpg","contentUrl":"https:\/\/tralleskop.com\/wp-content\/uploads\/2026\/04\/iklim-krizi-ve-yenilenebilir-enerji-geri-donus-basladi-mi.jpg","width":1200,"height":800,"caption":"\u0130klim Krizi ve Yenilenebilir Enerji: Geri D\u00f6n\u00fc\u015f Ba\u015flad\u0131 m\u0131?"},{"@type":"BreadcrumbList","@id":"https:\/\/tralleskop.com\/index.php\/2026\/04\/20\/iklim-krizi-ve-yenilenebilir-enerji-geri-donus-basladi-mi\/#breadcrumb","itemListElement":[{"@type":"ListItem","position":1,"name":"Anasayfa","item":"https:\/\/tralleskop.com\/"},{"@type":"ListItem","position":2,"name":"\u0130klim Krizi ve Yenilenebilir Enerji: Geri D\u00f6n\u00fc\u015f Ba\u015flad\u0131 m\u0131?"}]},{"@type":"WebSite","@id":"https:\/\/tralleskop.com\/#website","url":"https:\/\/tralleskop.com\/","name":"Tralleskop","description":"","publisher":{"@id":"https:\/\/tralleskop.com\/#organization"},"potentialAction":[{"@type":"SearchAction","target":{"@type":"EntryPoint","urlTemplate":"https:\/\/tralleskop.com\/?s={search_term_string}"},"query-input":{"@type":"PropertyValueSpecification","valueRequired":true,"valueName":"search_term_string"}}],"inLanguage":"tr"},{"@type":"Organization","@id":"https:\/\/tralleskop.com\/#organization","name":"Tralleskop","url":"https:\/\/tralleskop.com\/","logo":{"@type":"ImageObject","inLanguage":"tr","@id":"https:\/\/tralleskop.com\/#\/schema\/logo\/image\/","url":"https:\/\/tralleskop.com\/wp-content\/uploads\/2026\/03\/logo-1.png","contentUrl":"https:\/\/tralleskop.com\/wp-content\/uploads\/2026\/03\/logo-1.png","width":2048,"height":2048,"caption":"Tralleskop"},"image":{"@id":"https:\/\/tralleskop.com\/#\/schema\/logo\/image\/"},"sameAs":["https:\/\/instagram.com\/tralleskop"]},{"@type":"Person","@id":"https:\/\/tralleskop.com\/#\/schema\/person\/fc12bc0105f8c38d47c414977faf5aa1","name":"furkankural","image":{"@type":"ImageObject","inLanguage":"tr","@id":"https:\/\/secure.gravatar.com\/avatar\/b254b150a2c3c00063e72eb3ded536d7e5bd4008adc46ecd1ef3c8f0c02f310e?s=96&d=mm&r=g","url":"https:\/\/secure.gravatar.com\/avatar\/b254b150a2c3c00063e72eb3ded536d7e5bd4008adc46ecd1ef3c8f0c02f310e?s=96&d=mm&r=g","contentUrl":"https:\/\/secure.gravatar.com\/avatar\/b254b150a2c3c00063e72eb3ded536d7e5bd4008adc46ecd1ef3c8f0c02f310e?s=96&d=mm&r=g","caption":"furkankural"},"sameAs":["https:\/\/tralleskop.com"],"url":"https:\/\/tralleskop.com\/index.php\/author\/furkankural\/"}]}},"jetpack_featured_media_url":"https:\/\/tralleskop.com\/wp-content\/uploads\/2026\/04\/iklim-krizi-ve-yenilenebilir-enerji-geri-donus-basladi-mi.jpg","_links":{"self":[{"href":"https:\/\/tralleskop.com\/index.php\/wp-json\/wp\/v2\/posts\/306","targetHints":{"allow":["GET"]}}],"collection":[{"href":"https:\/\/tralleskop.com\/index.php\/wp-json\/wp\/v2\/posts"}],"about":[{"href":"https:\/\/tralleskop.com\/index.php\/wp-json\/wp\/v2\/types\/post"}],"author":[{"embeddable":true,"href":"https:\/\/tralleskop.com\/index.php\/wp-json\/wp\/v2\/users\/1"}],"replies":[{"embeddable":true,"href":"https:\/\/tralleskop.com\/index.php\/wp-json\/wp\/v2\/comments?post=306"}],"version-history":[{"count":1,"href":"https:\/\/tralleskop.com\/index.php\/wp-json\/wp\/v2\/posts\/306\/revisions"}],"predecessor-version":[{"id":421,"href":"https:\/\/tralleskop.com\/index.php\/wp-json\/wp\/v2\/posts\/306\/revisions\/421"}],"wp:featuredmedia":[{"embeddable":true,"href":"https:\/\/tralleskop.com\/index.php\/wp-json\/wp\/v2\/media\/307"}],"wp:attachment":[{"href":"https:\/\/tralleskop.com\/index.php\/wp-json\/wp\/v2\/media?parent=306"}],"wp:term":[{"taxonomy":"category","embeddable":true,"href":"https:\/\/tralleskop.com\/index.php\/wp-json\/wp\/v2\/categories?post=306"},{"taxonomy":"post_tag","embeddable":true,"href":"https:\/\/tralleskop.com\/index.php\/wp-json\/wp\/v2\/tags?post=306"}],"curies":[{"name":"wp","href":"https:\/\/api.w.org\/{rel}","templated":true}]}}