{"id":304,"date":"2026-04-20T21:46:13","date_gmt":"2026-04-20T18:46:13","guid":{"rendered":"http:\/\/localhost\/wordpress\/index.php\/2026\/04\/20\/mars-gorevlerinde-yeni-safha-spacex-ve-gelecek-vizyonu-2\/"},"modified":"2026-04-20T21:46:13","modified_gmt":"2026-04-20T18:46:13","slug":"mars-gorevlerinde-yeni-safha-spacex-ve-gelecek-vizyonu-2","status":"publish","type":"post","link":"https:\/\/tralleskop.com\/index.php\/2026\/04\/20\/mars-gorevlerinde-yeni-safha-spacex-ve-gelecek-vizyonu-2\/","title":{"rendered":"Mars G\u00f6revlerinde Yeni Safha: SpaceX ve Gelecek Vizyonu"},"content":{"rendered":"<p>\u0130nsanl\u0131\u011f\u0131n \u00e7ok gezegenli bir t\u00fcr olma hayali hi\u00e7 bu kadar yak\u0131n olmam\u0131\u015ft\u0131. Starship testlerinin ba\u015far\u0131yla devam etmesi, Mars&#8217;a yap\u0131lacak insanl\u0131 g\u00f6revlerin \u00f6n\u00fcndeki teknik engelleri bir bir kald\u0131r\u0131yor.<\/p>\n<p>Bu s\u00fcre\u00e7te sadece m\u00fchendislik de\u011fil, ayn\u0131 zamanda etik ve hukuki tart\u0131\u015fmalar da derinle\u015fiyor. K\u0131z\u0131l gezegen, insanl\u0131\u011f\u0131n sadece yeni bir evi de\u011fil, ayn\u0131 zamanda yeni bir ba\u015flang\u0131c\u0131 olabilir.<\/p>\n","protected":false},"excerpt":{"rendered":"<p>\u0130nsanl\u0131\u011f\u0131n \u00e7ok gezegenli bir t\u00fcr olma hayali hi\u00e7 bu kadar yak\u0131n olmam\u0131\u015ft\u0131. Starship testlerinin ba\u015far\u0131yla devam etmesi, Mars&#8217;a yap\u0131lacak insanl\u0131 g\u00f6revlerin \u00f6n\u00fcndeki teknik engelleri bir bir kald\u0131r\u0131yor. Bu s\u00fcre\u00e7te sadece m\u00fchendislik de\u011fil, ayn\u0131 zamanda etik ve hukuki tart\u0131\u015fmalar da derinle\u015fiyor. K\u0131z\u0131l gezegen, insanl\u0131\u011f\u0131n sadece yeni bir evi de\u011fil, ayn\u0131 zamanda yeni bir ba\u015flang\u0131c\u0131 olabilir.<\/p>\n","protected":false},"author":1,"featured_media":305,"comment_status":"open","ping_status":"open","sticky":false,"template":"","format":"standard","meta":{"_coblocks_attr":"","_coblocks_dimensions":"","_coblocks_responsive_height":"","_coblocks_accordion_ie_support":"","_ai_summary":"\u2022 Starship, uzay ta\u015f\u0131mac\u0131l\u0131\u011f\u0131nda maliyetleri %90 oran\u0131nda d\u00fc\u015f\u00fcrebilir.\n\u2022 Mars'ta s\u00fcrd\u00fcr\u00fclebilir bir ya\u015fam i\u00e7in gerekli olan atmosferik teknolojiler geli\u015ftiriliyor.\n\u2022 2030'lu y\u0131llar\u0131n ba\u015f\u0131nda ilk insanl\u0131 ini\u015fin ger\u00e7ekle\u015fmesi planlan\u0131yor.","_external_image_url":"https:\/\/images.unsplash.com\/photo-1614728263952-84ea256f9679?q=80&w=1200","footnotes":""},"categories":[72],"tags":[70,71,67,69,68],"class_list":["post-304","post","type-post","status-publish","format-standard","has-post-thumbnail","hentry","category-bilim","tag-bilim","tag-elon-musk","tag-mars","tag-spacex","tag-uzay"],"yoast_head":"<!-- This site is optimized with the Yoast SEO plugin v27.5 - https:\/\/yoast.com\/product\/yoast-seo-wordpress\/ -->\n<title>Mars G\u00f6revlerinde Yeni Safha: SpaceX ve Gelecek Vizyonu - Tralleskop<\/title>\n<meta name=\"robots\" content=\"index, follow, max-snippet:-1, max-image-preview:large, max-video-preview:-1\" \/>\n<link rel=\"canonical\" href=\"https:\/\/tralleskop.com\/index.php\/2026\/04\/20\/mars-gorevlerinde-yeni-safha-spacex-ve-gelecek-vizyonu-2\/\" \/>\n<meta property=\"og:locale\" content=\"tr_TR\" \/>\n<meta property=\"og:type\" content=\"article\" \/>\n<meta property=\"og:title\" content=\"Mars G\u00f6revlerinde Yeni Safha: SpaceX ve Gelecek Vizyonu - Tralleskop\" \/>\n<meta property=\"og:description\" content=\"\u0130nsanl\u0131\u011f\u0131n \u00e7ok gezegenli bir t\u00fcr olma hayali hi\u00e7 bu kadar yak\u0131n olmam\u0131\u015ft\u0131. Starship testlerinin ba\u015far\u0131yla devam etmesi, Mars&#8217;a yap\u0131lacak insanl\u0131 g\u00f6revlerin \u00f6n\u00fcndeki teknik engelleri bir bir kald\u0131r\u0131yor. Bu s\u00fcre\u00e7te sadece m\u00fchendislik de\u011fil, ayn\u0131 zamanda etik ve hukuki tart\u0131\u015fmalar da derinle\u015fiyor. K\u0131z\u0131l gezegen, insanl\u0131\u011f\u0131n sadece yeni bir evi de\u011fil, ayn\u0131 zamanda yeni bir ba\u015flang\u0131c\u0131 olabilir.\" \/>\n<meta property=\"og:url\" content=\"https:\/\/tralleskop.com\/index.php\/2026\/04\/20\/mars-gorevlerinde-yeni-safha-spacex-ve-gelecek-vizyonu-2\/\" \/>\n<meta property=\"og:site_name\" content=\"Tralleskop\" \/>\n<meta property=\"article:published_time\" content=\"2026-04-20T18:46:13+00:00\" \/>\n<meta name=\"author\" content=\"furkankural\" \/>\n<meta name=\"twitter:card\" content=\"summary_large_image\" \/>\n<meta name=\"twitter:label1\" content=\"Yazan:\" \/>\n\t<meta name=\"twitter:data1\" content=\"furkankural\" \/>\n<script type=\"application\/ld+json\" class=\"yoast-schema-graph\">{\"@context\":\"https:\\\/\\\/schema.org\",\"@graph\":[{\"@type\":\"Article\",\"@id\":\"https:\\\/\\\/tralleskop.com\\\/index.php\\\/2026\\\/04\\\/20\\\/mars-gorevlerinde-yeni-safha-spacex-ve-gelecek-vizyonu-2\\\/#article\",\"isPartOf\":{\"@id\":\"https:\\\/\\\/tralleskop.com\\\/index.php\\\/2026\\\/04\\\/20\\\/mars-gorevlerinde-yeni-safha-spacex-ve-gelecek-vizyonu-2\\\/\"},\"author\":{\"name\":\"furkankural\",\"@id\":\"https:\\\/\\\/tralleskop.com\\\/#\\\/schema\\\/person\\\/fc12bc0105f8c38d47c414977faf5aa1\"},\"headline\":\"Mars G\u00f6revlerinde Yeni Safha: SpaceX ve Gelecek Vizyonu\",\"datePublished\":\"2026-04-20T18:46:13+00:00\",\"mainEntityOfPage\":{\"@id\":\"https:\\\/\\\/tralleskop.com\\\/index.php\\\/2026\\\/04\\\/20\\\/mars-gorevlerinde-yeni-safha-spacex-ve-gelecek-vizyonu-2\\\/\"},\"wordCount\":87,\"commentCount\":0,\"publisher\":{\"@id\":\"https:\\\/\\\/tralleskop.com\\\/#organization\"},\"image\":{\"@id\":\"https:\\\/\\\/tralleskop.com\\\/index.php\\\/2026\\\/04\\\/20\\\/mars-gorevlerinde-yeni-safha-spacex-ve-gelecek-vizyonu-2\\\/#primaryimage\"},\"thumbnailUrl\":\"https:\\\/\\\/tralleskop.com\\\/wp-content\\\/uploads\\\/2026\\\/04\\\/mars-gorevlerinde-yeni-safha-spacex-ve-gelecek-vizyonu.jpg\",\"keywords\":[\"Bilim\",\"Elon Musk\",\"Mars\",\"SpaceX\",\"Uzay\"],\"articleSection\":[\"Bilim\"],\"inLanguage\":\"tr\",\"potentialAction\":[{\"@type\":\"CommentAction\",\"name\":\"Comment\",\"target\":[\"https:\\\/\\\/tralleskop.com\\\/index.php\\\/2026\\\/04\\\/20\\\/mars-gorevlerinde-yeni-safha-spacex-ve-gelecek-vizyonu-2\\\/#respond\"]}]},{\"@type\":\"WebPage\",\"@id\":\"https:\\\/\\\/tralleskop.com\\\/index.php\\\/2026\\\/04\\\/20\\\/mars-gorevlerinde-yeni-safha-spacex-ve-gelecek-vizyonu-2\\\/\",\"url\":\"https:\\\/\\\/tralleskop.com\\\/index.php\\\/2026\\\/04\\\/20\\\/mars-gorevlerinde-yeni-safha-spacex-ve-gelecek-vizyonu-2\\\/\",\"name\":\"Mars G\u00f6revlerinde Yeni Safha: SpaceX ve Gelecek Vizyonu - Tralleskop\",\"isPartOf\":{\"@id\":\"https:\\\/\\\/tralleskop.com\\\/#website\"},\"primaryImageOfPage\":{\"@id\":\"https:\\\/\\\/tralleskop.com\\\/index.php\\\/2026\\\/04\\\/20\\\/mars-gorevlerinde-yeni-safha-spacex-ve-gelecek-vizyonu-2\\\/#primaryimage\"},\"image\":{\"@id\":\"https:\\\/\\\/tralleskop.com\\\/index.php\\\/2026\\\/04\\\/20\\\/mars-gorevlerinde-yeni-safha-spacex-ve-gelecek-vizyonu-2\\\/#primaryimage\"},\"thumbnailUrl\":\"https:\\\/\\\/tralleskop.com\\\/wp-content\\\/uploads\\\/2026\\\/04\\\/mars-gorevlerinde-yeni-safha-spacex-ve-gelecek-vizyonu.jpg\",\"datePublished\":\"2026-04-20T18:46:13+00:00\",\"breadcrumb\":{\"@id\":\"https:\\\/\\\/tralleskop.com\\\/index.php\\\/2026\\\/04\\\/20\\\/mars-gorevlerinde-yeni-safha-spacex-ve-gelecek-vizyonu-2\\\/#breadcrumb\"},\"inLanguage\":\"tr\",\"potentialAction\":[{\"@type\":\"ReadAction\",\"target\":[\"https:\\\/\\\/tralleskop.com\\\/index.php\\\/2026\\\/04\\\/20\\\/mars-gorevlerinde-yeni-safha-spacex-ve-gelecek-vizyonu-2\\\/\"]}]},{\"@type\":\"ImageObject\",\"inLanguage\":\"tr\",\"@id\":\"https:\\\/\\\/tralleskop.com\\\/index.php\\\/2026\\\/04\\\/20\\\/mars-gorevlerinde-yeni-safha-spacex-ve-gelecek-vizyonu-2\\\/#primaryimage\",\"url\":\"https:\\\/\\\/tralleskop.com\\\/wp-content\\\/uploads\\\/2026\\\/04\\\/mars-gorevlerinde-yeni-safha-spacex-ve-gelecek-vizyonu.jpg\",\"contentUrl\":\"https:\\\/\\\/tralleskop.com\\\/wp-content\\\/uploads\\\/2026\\\/04\\\/mars-gorevlerinde-yeni-safha-spacex-ve-gelecek-vizyonu.jpg\",\"width\":1200,\"height\":691,\"caption\":\"Mars G\u00f6revlerinde Yeni Safha: SpaceX ve Gelecek Vizyonu\"},{\"@type\":\"BreadcrumbList\",\"@id\":\"https:\\\/\\\/tralleskop.com\\\/index.php\\\/2026\\\/04\\\/20\\\/mars-gorevlerinde-yeni-safha-spacex-ve-gelecek-vizyonu-2\\\/#breadcrumb\",\"itemListElement\":[{\"@type\":\"ListItem\",\"position\":1,\"name\":\"Anasayfa\",\"item\":\"https:\\\/\\\/tralleskop.com\\\/\"},{\"@type\":\"ListItem\",\"position\":2,\"name\":\"Mars G\u00f6revlerinde Yeni Safha: SpaceX ve Gelecek Vizyonu\"}]},{\"@type\":\"WebSite\",\"@id\":\"https:\\\/\\\/tralleskop.com\\\/#website\",\"url\":\"https:\\\/\\\/tralleskop.com\\\/\",\"name\":\"Tralleskop\",\"description\":\"\",\"publisher\":{\"@id\":\"https:\\\/\\\/tralleskop.com\\\/#organization\"},\"potentialAction\":[{\"@type\":\"SearchAction\",\"target\":{\"@type\":\"EntryPoint\",\"urlTemplate\":\"https:\\\/\\\/tralleskop.com\\\/?s={search_term_string}\"},\"query-input\":{\"@type\":\"PropertyValueSpecification\",\"valueRequired\":true,\"valueName\":\"search_term_string\"}}],\"inLanguage\":\"tr\"},{\"@type\":\"Organization\",\"@id\":\"https:\\\/\\\/tralleskop.com\\\/#organization\",\"name\":\"Tralleskop\",\"url\":\"https:\\\/\\\/tralleskop.com\\\/\",\"logo\":{\"@type\":\"ImageObject\",\"inLanguage\":\"tr\",\"@id\":\"https:\\\/\\\/tralleskop.com\\\/#\\\/schema\\\/logo\\\/image\\\/\",\"url\":\"https:\\\/\\\/tralleskop.com\\\/wp-content\\\/uploads\\\/2026\\\/03\\\/logo-1.png\",\"contentUrl\":\"https:\\\/\\\/tralleskop.com\\\/wp-content\\\/uploads\\\/2026\\\/03\\\/logo-1.png\",\"width\":2048,\"height\":2048,\"caption\":\"Tralleskop\"},\"image\":{\"@id\":\"https:\\\/\\\/tralleskop.com\\\/#\\\/schema\\\/logo\\\/image\\\/\"},\"sameAs\":[\"https:\\\/\\\/instagram.com\\\/tralleskop\"]},{\"@type\":\"Person\",\"@id\":\"https:\\\/\\\/tralleskop.com\\\/#\\\/schema\\\/person\\\/fc12bc0105f8c38d47c414977faf5aa1\",\"name\":\"furkankural\",\"image\":{\"@type\":\"ImageObject\",\"inLanguage\":\"tr\",\"@id\":\"https:\\\/\\\/secure.gravatar.com\\\/avatar\\\/b254b150a2c3c00063e72eb3ded536d7e5bd4008adc46ecd1ef3c8f0c02f310e?s=96&d=mm&r=g\",\"url\":\"https:\\\/\\\/secure.gravatar.com\\\/avatar\\\/b254b150a2c3c00063e72eb3ded536d7e5bd4008adc46ecd1ef3c8f0c02f310e?s=96&d=mm&r=g\",\"contentUrl\":\"https:\\\/\\\/secure.gravatar.com\\\/avatar\\\/b254b150a2c3c00063e72eb3ded536d7e5bd4008adc46ecd1ef3c8f0c02f310e?s=96&d=mm&r=g\",\"caption\":\"furkankural\"},\"sameAs\":[\"https:\\\/\\\/tralleskop.com\"],\"url\":\"https:\\\/\\\/tralleskop.com\\\/index.php\\\/author\\\/furkankural\\\/\"}]}<\/script>\n<!-- \/ Yoast SEO plugin. -->","yoast_head_json":{"title":"Mars G\u00f6revlerinde Yeni Safha: SpaceX ve Gelecek Vizyonu - Tralleskop","robots":{"index":"index","follow":"follow","max-snippet":"max-snippet:-1","max-image-preview":"max-image-preview:large","max-video-preview":"max-video-preview:-1"},"canonical":"https:\/\/tralleskop.com\/index.php\/2026\/04\/20\/mars-gorevlerinde-yeni-safha-spacex-ve-gelecek-vizyonu-2\/","og_locale":"tr_TR","og_type":"article","og_title":"Mars G\u00f6revlerinde Yeni Safha: SpaceX ve Gelecek Vizyonu - Tralleskop","og_description":"\u0130nsanl\u0131\u011f\u0131n \u00e7ok gezegenli bir t\u00fcr olma hayali hi\u00e7 bu kadar yak\u0131n olmam\u0131\u015ft\u0131. Starship testlerinin ba\u015far\u0131yla devam etmesi, Mars&#8217;a yap\u0131lacak insanl\u0131 g\u00f6revlerin \u00f6n\u00fcndeki teknik engelleri bir bir kald\u0131r\u0131yor. Bu s\u00fcre\u00e7te sadece m\u00fchendislik de\u011fil, ayn\u0131 zamanda etik ve hukuki tart\u0131\u015fmalar da derinle\u015fiyor. K\u0131z\u0131l gezegen, insanl\u0131\u011f\u0131n sadece yeni bir evi de\u011fil, ayn\u0131 zamanda yeni bir ba\u015flang\u0131c\u0131 olabilir.","og_url":"https:\/\/tralleskop.com\/index.php\/2026\/04\/20\/mars-gorevlerinde-yeni-safha-spacex-ve-gelecek-vizyonu-2\/","og_site_name":"Tralleskop","article_published_time":"2026-04-20T18:46:13+00:00","author":"furkankural","twitter_card":"summary_large_image","twitter_misc":{"Yazan:":"furkankural"},"schema":{"@context":"https:\/\/schema.org","@graph":[{"@type":"Article","@id":"https:\/\/tralleskop.com\/index.php\/2026\/04\/20\/mars-gorevlerinde-yeni-safha-spacex-ve-gelecek-vizyonu-2\/#article","isPartOf":{"@id":"https:\/\/tralleskop.com\/index.php\/2026\/04\/20\/mars-gorevlerinde-yeni-safha-spacex-ve-gelecek-vizyonu-2\/"},"author":{"name":"furkankural","@id":"https:\/\/tralleskop.com\/#\/schema\/person\/fc12bc0105f8c38d47c414977faf5aa1"},"headline":"Mars G\u00f6revlerinde Yeni Safha: SpaceX ve Gelecek Vizyonu","datePublished":"2026-04-20T18:46:13+00:00","mainEntityOfPage":{"@id":"https:\/\/tralleskop.com\/index.php\/2026\/04\/20\/mars-gorevlerinde-yeni-safha-spacex-ve-gelecek-vizyonu-2\/"},"wordCount":87,"commentCount":0,"publisher":{"@id":"https:\/\/tralleskop.com\/#organization"},"image":{"@id":"https:\/\/tralleskop.com\/index.php\/2026\/04\/20\/mars-gorevlerinde-yeni-safha-spacex-ve-gelecek-vizyonu-2\/#primaryimage"},"thumbnailUrl":"https:\/\/tralleskop.com\/wp-content\/uploads\/2026\/04\/mars-gorevlerinde-yeni-safha-spacex-ve-gelecek-vizyonu.jpg","keywords":["Bilim","Elon Musk","Mars","SpaceX","Uzay"],"articleSection":["Bilim"],"inLanguage":"tr","potentialAction":[{"@type":"CommentAction","name":"Comment","target":["https:\/\/tralleskop.com\/index.php\/2026\/04\/20\/mars-gorevlerinde-yeni-safha-spacex-ve-gelecek-vizyonu-2\/#respond"]}]},{"@type":"WebPage","@id":"https:\/\/tralleskop.com\/index.php\/2026\/04\/20\/mars-gorevlerinde-yeni-safha-spacex-ve-gelecek-vizyonu-2\/","url":"https:\/\/tralleskop.com\/index.php\/2026\/04\/20\/mars-gorevlerinde-yeni-safha-spacex-ve-gelecek-vizyonu-2\/","name":"Mars G\u00f6revlerinde Yeni Safha: SpaceX ve Gelecek Vizyonu - Tralleskop","isPartOf":{"@id":"https:\/\/tralleskop.com\/#website"},"primaryImageOfPage":{"@id":"https:\/\/tralleskop.com\/index.php\/2026\/04\/20\/mars-gorevlerinde-yeni-safha-spacex-ve-gelecek-vizyonu-2\/#primaryimage"},"image":{"@id":"https:\/\/tralleskop.com\/index.php\/2026\/04\/20\/mars-gorevlerinde-yeni-safha-spacex-ve-gelecek-vizyonu-2\/#primaryimage"},"thumbnailUrl":"https:\/\/tralleskop.com\/wp-content\/uploads\/2026\/04\/mars-gorevlerinde-yeni-safha-spacex-ve-gelecek-vizyonu.jpg","datePublished":"2026-04-20T18:46:13+00:00","breadcrumb":{"@id":"https:\/\/tralleskop.com\/index.php\/2026\/04\/20\/mars-gorevlerinde-yeni-safha-spacex-ve-gelecek-vizyonu-2\/#breadcrumb"},"inLanguage":"tr","potentialAction":[{"@type":"ReadAction","target":["https:\/\/tralleskop.com\/index.php\/2026\/04\/20\/mars-gorevlerinde-yeni-safha-spacex-ve-gelecek-vizyonu-2\/"]}]},{"@type":"ImageObject","inLanguage":"tr","@id":"https:\/\/tralleskop.com\/index.php\/2026\/04\/20\/mars-gorevlerinde-yeni-safha-spacex-ve-gelecek-vizyonu-2\/#primaryimage","url":"https:\/\/tralleskop.com\/wp-content\/uploads\/2026\/04\/mars-gorevlerinde-yeni-safha-spacex-ve-gelecek-vizyonu.jpg","contentUrl":"https:\/\/tralleskop.com\/wp-content\/uploads\/2026\/04\/mars-gorevlerinde-yeni-safha-spacex-ve-gelecek-vizyonu.jpg","width":1200,"height":691,"caption":"Mars G\u00f6revlerinde Yeni Safha: SpaceX ve Gelecek Vizyonu"},{"@type":"BreadcrumbList","@id":"https:\/\/tralleskop.com\/index.php\/2026\/04\/20\/mars-gorevlerinde-yeni-safha-spacex-ve-gelecek-vizyonu-2\/#breadcrumb","itemListElement":[{"@type":"ListItem","position":1,"name":"Anasayfa","item":"https:\/\/tralleskop.com\/"},{"@type":"ListItem","position":2,"name":"Mars G\u00f6revlerinde Yeni Safha: SpaceX ve Gelecek Vizyonu"}]},{"@type":"WebSite","@id":"https:\/\/tralleskop.com\/#website","url":"https:\/\/tralleskop.com\/","name":"Tralleskop","description":"","publisher":{"@id":"https:\/\/tralleskop.com\/#organization"},"potentialAction":[{"@type":"SearchAction","target":{"@type":"EntryPoint","urlTemplate":"https:\/\/tralleskop.com\/?s={search_term_string}"},"query-input":{"@type":"PropertyValueSpecification","valueRequired":true,"valueName":"search_term_string"}}],"inLanguage":"tr"},{"@type":"Organization","@id":"https:\/\/tralleskop.com\/#organization","name":"Tralleskop","url":"https:\/\/tralleskop.com\/","logo":{"@type":"ImageObject","inLanguage":"tr","@id":"https:\/\/tralleskop.com\/#\/schema\/logo\/image\/","url":"https:\/\/tralleskop.com\/wp-content\/uploads\/2026\/03\/logo-1.png","contentUrl":"https:\/\/tralleskop.com\/wp-content\/uploads\/2026\/03\/logo-1.png","width":2048,"height":2048,"caption":"Tralleskop"},"image":{"@id":"https:\/\/tralleskop.com\/#\/schema\/logo\/image\/"},"sameAs":["https:\/\/instagram.com\/tralleskop"]},{"@type":"Person","@id":"https:\/\/tralleskop.com\/#\/schema\/person\/fc12bc0105f8c38d47c414977faf5aa1","name":"furkankural","image":{"@type":"ImageObject","inLanguage":"tr","@id":"https:\/\/secure.gravatar.com\/avatar\/b254b150a2c3c00063e72eb3ded536d7e5bd4008adc46ecd1ef3c8f0c02f310e?s=96&d=mm&r=g","url":"https:\/\/secure.gravatar.com\/avatar\/b254b150a2c3c00063e72eb3ded536d7e5bd4008adc46ecd1ef3c8f0c02f310e?s=96&d=mm&r=g","contentUrl":"https:\/\/secure.gravatar.com\/avatar\/b254b150a2c3c00063e72eb3ded536d7e5bd4008adc46ecd1ef3c8f0c02f310e?s=96&d=mm&r=g","caption":"furkankural"},"sameAs":["https:\/\/tralleskop.com"],"url":"https:\/\/tralleskop.com\/index.php\/author\/furkankural\/"}]}},"jetpack_featured_media_url":"https:\/\/tralleskop.com\/wp-content\/uploads\/2026\/04\/mars-gorevlerinde-yeni-safha-spacex-ve-gelecek-vizyonu.jpg","_links":{"self":[{"href":"https:\/\/tralleskop.com\/index.php\/wp-json\/wp\/v2\/posts\/304","targetHints":{"allow":["GET"]}}],"collection":[{"href":"https:\/\/tralleskop.com\/index.php\/wp-json\/wp\/v2\/posts"}],"about":[{"href":"https:\/\/tralleskop.com\/index.php\/wp-json\/wp\/v2\/types\/post"}],"author":[{"embeddable":true,"href":"https:\/\/tralleskop.com\/index.php\/wp-json\/wp\/v2\/users\/1"}],"replies":[{"embeddable":true,"href":"https:\/\/tralleskop.com\/index.php\/wp-json\/wp\/v2\/comments?post=304"}],"version-history":[{"count":0,"href":"https:\/\/tralleskop.com\/index.php\/wp-json\/wp\/v2\/posts\/304\/revisions"}],"wp:featuredmedia":[{"embeddable":true,"href":"https:\/\/tralleskop.com\/index.php\/wp-json\/wp\/v2\/media\/305"}],"wp:attachment":[{"href":"https:\/\/tralleskop.com\/index.php\/wp-json\/wp\/v2\/media?parent=304"}],"wp:term":[{"taxonomy":"category","embeddable":true,"href":"https:\/\/tralleskop.com\/index.php\/wp-json\/wp\/v2\/categories?post=304"},{"taxonomy":"post_tag","embeddable":true,"href":"https:\/\/tralleskop.com\/index.php\/wp-json\/wp\/v2\/tags?post=304"}],"curies":[{"name":"wp","href":"https:\/\/api.w.org\/{rel}","templated":true}]}}