{"id":13,"date":"2026-03-28T23:37:50","date_gmt":"2026-03-28T20:37:50","guid":{"rendered":"http:\/\/localhost\/wordpress\/?p=13"},"modified":"2026-03-29T14:58:17","modified_gmt":"2026-03-29T11:58:17","slug":"asirlardir-merak-ediliyordu-900-yillik-gizem-cozuldu-onlarca-ton-agirligindaki-heykelleri-boyle-tasimislar","status":"publish","type":"post","link":"https:\/\/tralleskop.com\/index.php\/2026\/03\/28\/asirlardir-merak-ediliyordu-900-yillik-gizem-cozuldu-onlarca-ton-agirligindaki-heykelleri-boyle-tasimislar\/","title":{"rendered":"As\u0131rlard\u0131r merak ediliyordu, 900 y\u0131ll\u0131k gizem \u00e7\u00f6z\u00fcld\u00fc: Onlarca ton a\u011f\u0131rl\u0131\u011f\u0131ndaki heykelleri b\u00f6yle ta\u015f\u0131m\u0131\u015flar"},"content":{"rendered":"\n<p><strong>Pasifik Okyanusu&#8217;nda bulunan Paskalya Adas\u0131&#8217;ndaki dev heykellerin kayna\u011f\u0131 d\u00fcnyan\u0131n en b\u00fcy\u00fck arkeolojik gizemlerinden biri. Her biri tonlarca a\u011f\u0131rl\u0131kta olan bu heykellerin bulunduklar\u0131 noktalara nas\u0131l ta\u015f\u0131nd\u0131\u011f\u0131 as\u0131rlard\u0131r merak konusu. O kadar ki bu i\u015fte uzayl\u0131lar\u0131n parma\u011f\u0131 oldu\u011funu iddia edenler bile var. Peki ger\u00e7ek ne? Bu sorunun cevab\u0131n\u0131 ge\u00e7ti\u011fimiz g\u00fcnlerde bilim insanlar\u0131 verdi.<\/strong><\/p>\n\n\n\n<p>En yak\u0131n kom\u015fusundan 1.289 mil uzakta bulunan, s\u00f6nm\u00fc\u015f volkanlarla dolu k\u00fc\u00e7\u00fck bir \u00fc\u00e7gen olan Paskalya Adas\u0131&#8217;n\u0131n \u00e7e\u015fitli noktalar\u0131na yay\u0131lm\u0131\u015f yakla\u015f\u0131k 900 adet heykel bulunuyor. Ortalama 4 metre boyunda ve 12 ila 80 ton a\u011f\u0131rl\u0131\u011f\u0131nda olan bu devasa ta\u015f heykellerin Rano Raraku ta\u015f oca\u011f\u0131ndan \u00e7\u0131kar\u0131lan volkanik t\u00fcften oyuldu\u011fu tahmin ediliyor.<\/p>\n\n\n\n<p>Nitekim ta\u015f oca\u011f\u0131nda bulunan 400&#8217;den fazla heykelin baz\u0131lar\u0131 halen yap\u0131m a\u015famas\u0131nda, baz\u0131lar\u0131 ise tamamlan\u0131p nihai konumlar\u0131na ta\u015f\u0131nmay\u0131 bekler vaziyette kalm\u0131\u015f.<\/p>\n\n\n\n<p>As\u0131rlar \u00f6nce adada ya\u015fam\u0131\u015f olan Rapa Nui halk\u0131n\u0131n, yerel dildeki ad\u0131 moai olan bu heykelleri nas\u0131l ta\u015f\u0131d\u0131\u011f\u0131 uzun zamand\u0131r merak konusuydu. Nihayet \u00fc\u00e7 boyutlu modelleme verileri ile ger\u00e7ek hayattaki deneylerden elde edilen bulgular\u0131 bir araya getiren bilim insanlar\u0131, heykellerin son var\u0131\u015f noktalar\u0131na &#8220;y\u00fcr\u00fcd\u00fcklerini&#8221; ortaya koydu.<\/p>\n\n\n\n<h2 class=\"wp-block-heading\"><strong>&#8220;TEK KOLLA B\u0130LE \u00c7EKEB\u0130L\u0130YORLARDI&#8221;<\/strong><\/h2>\n\n\n\n<p>Heykelleri inceleyen antropologlar, ada yerlilerinin \u00fc\u00e7 taraf\u0131ndan halatlar ba\u011flad\u0131klar\u0131 moai&#8217;leri, zikzak \u015feklinde y\u00fcr\u00fctt\u00fc\u011f\u00fcn\u00fc ortaya koydu.<\/p>\n\n\n\n<p>Bu teknik sayesinde az say\u0131da ki\u015fiden olu\u015fan ekiplerin, moai&#8217;leri \u00e7ok fazla \u00e7aba sarf etmeden uzun mesafeler boyunca ta\u015f\u0131yabildikleri anla\u015f\u0131ld\u0131.<\/p>\n\n\n\n<p>\u00c7al\u0131\u015fman\u0131n yazarlar\u0131ndan Prof. Dr. Carl Lipo, Daily Mail&#8217;e yapt\u0131\u011f\u0131 a\u00e7\u0131klamada, &#8220;Heykelleri bir kez hareket ettirdikten sonra gerisi hi\u00e7 zor de\u011fildi. \u0130nsanlar moai&#8217;leri tek kolla bile \u00e7ekebiliyorlard\u0131&#8221; dedi.<\/p>\n\n\n\n<p>ABD&#8217;de bulunan Binghampton \u00dcniversitesi&#8217;nde g\u00f6rev yapan Lipo, &#8220;Bu \u015fekilde enerji tasarrufu sa\u011flay\u0131p \u00e7ok h\u0131zl\u0131 hareket edebiliyorlard\u0131. As\u0131l zorluk heykelin en ba\u015fta sallanmas\u0131n\u0131 sa\u011flamakt\u0131&#8221; diye konu\u015ftu.<\/p>\n\n\n\n<p>Antropologlar, daha \u00f6nce moai&#8217;lerin yere d\u00fcz bir bi\u00e7imde oturtulup hedeflerine kadar \u00e7ekildiklerini d\u00fc\u015f\u00fcn\u00fcyorlard\u0131. Ancak b\u00f6yle bir operasyonun \u00e7ok say\u0131da insan gerektirmesi ve son derece yorucu bir i\u015f olmas\u0131, baz\u0131 b\u00fcy\u00fck heykellerin ta\u015f\u0131nmas\u0131n\u0131 neredeyse imkans\u0131z hale getiriyordu.<\/p>\n\n\n\n<figure class=\"wp-block-image size-full\"><img loading=\"lazy\" decoding=\"async\" width=\"724\" height=\"483\" src=\"https:\/\/tralleskop.com\/wp-content\/uploads\/2026\/03\/AA1OglYj.jpeg\" alt=\"\" class=\"wp-image-16\"\/><\/figure>\n\n\n\n<p><strong>HEYKELLER SALLANARAK Y\u00dcR\u00dcYORMU\u015e<\/strong><\/p>\n\n\n\n<p>Ne var ki g\u00fcncel ara\u015ft\u0131rmalar, Rapa Nui halk\u0131n\u0131n \u00e7ok daha hassas bir \u00e7\u00f6z\u00fcm buldu\u011funu g\u00f6steriyor. Buna g\u00f6re kafan\u0131n her iki yan\u0131na ba\u011flad\u0131klar\u0131 ipleri bir sa\u011fdan bir soldan \u00e7eken ada yerlileri, moai&#8217;lerin yanlara do\u011fru sallanmas\u0131n\u0131 ve &#8220;y\u00fcr\u00fcy\u00fc\u015f&#8221; hareketi ile ilerlemesini sa\u011fl\u0131yordu.<\/p>\n\n\n\n<p>Lipo ve Arizona \u00dcniversitesi&#8217;nden Profes\u00f6r Dr. Terry Hunt, ge\u00e7mi\u015fte daha k\u00fc\u00e7\u00fck modeller \u00fczerinde test ettikleri bu y\u00fcr\u00fcy\u00fc\u015f teorisinin daha b\u00fcy\u00fck moai&#8217;lerde i\u015fe yaray\u0131p yaramayaca\u011f\u0131n\u0131 g\u00f6rmek i\u00e7in bir deney tasarlad\u0131.<\/p>\n\n\n\n<p>Ara\u015ft\u0131rmac\u0131lar \u00f6ncelikle heykellerin \u00fc\u00e7 boyutlu ayr\u0131nt\u0131l\u0131 bir modelini olu\u015fturarak hangi \u00f6zelliklerin y\u00fcr\u00fcmelerine yard\u0131mc\u0131 oldu\u011funu inceledi. Bunun sonucunda moai&#8217;lerin y\u00fcr\u00fcyecek \u015fekilde tasarland\u0131\u011f\u0131 anla\u015f\u0131ld\u0131.<\/p>\n\n\n\n<p>Heykellerin b\u00fcy\u00fck D \u015feklindeki tabanlar\u0131n\u0131n ve \u00f6ne e\u011fik pozisyonlar\u0131n\u0131n, yanlara salland\u0131klar\u0131nda zikzak \u015feklinde ilerlemelerini kolayla\u015ft\u0131rd\u0131\u011f\u0131 g\u00f6r\u00fcld\u00fc.<\/p>\n\n\n\n<div class=\"schema-faq wp-block-yoast-faq-block\"><div class=\"schema-faq-section\" id=\"faq-question-1774730343846\"><strong class=\"schema-faq-question\"><\/strong> <p class=\"schema-faq-answer\"><\/p> <\/div> <\/div>\n\n\n\n<p><\/p>\n","protected":false},"excerpt":{"rendered":"<p>Pasifik Okyanusu&#8217;nda bulunan Paskalya Adas\u0131&#8217;ndaki dev heykellerin kayna\u011f\u0131 d\u00fcnyan\u0131n en b\u00fcy\u00fck arkeolojik gizemlerinden biri. Her biri tonlarca a\u011f\u0131rl\u0131kta olan bu heykellerin bulunduklar\u0131 noktalara nas\u0131l ta\u015f\u0131nd\u0131\u011f\u0131 as\u0131rlard\u0131r merak konusu. O kadar ki bu i\u015fte uzayl\u0131lar\u0131n parma\u011f\u0131 oldu\u011funu iddia edenler bile var. Peki ger\u00e7ek ne? Bu sorunun cevab\u0131n\u0131 ge\u00e7ti\u011fimiz g\u00fcnlerde bilim insanlar\u0131 verdi. En yak\u0131n kom\u015fusundan 1.289 [&hellip;]<\/p>\n","protected":false},"author":1,"featured_media":14,"comment_status":"open","ping_status":"open","sticky":false,"template":"","format":"standard","meta":{"_coblocks_attr":"","_coblocks_dimensions":"","_coblocks_responsive_height":"","_coblocks_accordion_ie_support":"","_ai_summary":"","_external_image_url":"","footnotes":""},"categories":[1,5],"tags":[3,4],"class_list":["post-13","post","type-post","status-publish","format-standard","has-post-thumbnail","hentry","category-arsiv","category-dunya","tag-dunya","tag-paskalya"],"yoast_head":"<!-- This site is optimized with the Yoast SEO plugin v27.5 - https:\/\/yoast.com\/product\/yoast-seo-wordpress\/ -->\n<title>As\u0131rlard\u0131r merak ediliyordu, 900 y\u0131ll\u0131k gizem \u00e7\u00f6z\u00fcld\u00fc: Onlarca ton a\u011f\u0131rl\u0131\u011f\u0131ndaki heykelleri b\u00f6yle ta\u015f\u0131m\u0131\u015flar - Tralleskop<\/title>\n<meta name=\"robots\" content=\"index, follow, max-snippet:-1, max-image-preview:large, max-video-preview:-1\" \/>\n<link rel=\"canonical\" href=\"https:\/\/tralleskop.com\/index.php\/2026\/03\/28\/asirlardir-merak-ediliyordu-900-yillik-gizem-cozuldu-onlarca-ton-agirligindaki-heykelleri-boyle-tasimislar\/\" \/>\n<meta property=\"og:locale\" content=\"tr_TR\" \/>\n<meta property=\"og:type\" content=\"article\" \/>\n<meta property=\"og:title\" content=\"As\u0131rlard\u0131r merak ediliyordu, 900 y\u0131ll\u0131k gizem \u00e7\u00f6z\u00fcld\u00fc: Onlarca ton a\u011f\u0131rl\u0131\u011f\u0131ndaki heykelleri b\u00f6yle ta\u015f\u0131m\u0131\u015flar - Tralleskop\" \/>\n<meta property=\"og:description\" content=\"Pasifik Okyanusu&#8217;nda bulunan Paskalya Adas\u0131&#8217;ndaki dev heykellerin kayna\u011f\u0131 d\u00fcnyan\u0131n en b\u00fcy\u00fck arkeolojik gizemlerinden biri. Her biri tonlarca a\u011f\u0131rl\u0131kta olan bu heykellerin bulunduklar\u0131 noktalara nas\u0131l ta\u015f\u0131nd\u0131\u011f\u0131 as\u0131rlard\u0131r merak konusu. O kadar ki bu i\u015fte uzayl\u0131lar\u0131n parma\u011f\u0131 oldu\u011funu iddia edenler bile var. Peki ger\u00e7ek ne? Bu sorunun cevab\u0131n\u0131 ge\u00e7ti\u011fimiz g\u00fcnlerde bilim insanlar\u0131 verdi. En yak\u0131n kom\u015fusundan 1.289 [&hellip;]\" \/>\n<meta property=\"og:url\" content=\"https:\/\/tralleskop.com\/index.php\/2026\/03\/28\/asirlardir-merak-ediliyordu-900-yillik-gizem-cozuldu-onlarca-ton-agirligindaki-heykelleri-boyle-tasimislar\/\" \/>\n<meta property=\"og:site_name\" content=\"Tralleskop\" \/>\n<meta property=\"article:published_time\" content=\"2026-03-28T20:37:50+00:00\" \/>\n<meta property=\"article:modified_time\" content=\"2026-03-29T11:58:17+00:00\" \/>\n<meta property=\"og:image\" content=\"https:\/\/tralleskop.com\/wp-content\/uploads\/2026\/03\/AA1OgwFR.jpeg\" \/>\n\t<meta property=\"og:image:width\" content=\"634\" \/>\n\t<meta property=\"og:image:height\" content=\"403\" \/>\n\t<meta property=\"og:image:type\" content=\"image\/jpeg\" \/>\n<meta name=\"author\" content=\"furkankural\" \/>\n<meta name=\"twitter:card\" content=\"summary_large_image\" \/>\n<meta name=\"twitter:label1\" content=\"Yazan:\" \/>\n\t<meta name=\"twitter:data1\" content=\"furkankural\" \/>\n\t<meta name=\"twitter:label2\" content=\"Tahmini okuma s\u00fcresi\" \/>\n\t<meta name=\"twitter:data2\" content=\"3 dakika\" \/>\n<script type=\"application\/ld+json\" class=\"yoast-schema-graph\">{\"@context\":\"https:\\\/\\\/schema.org\",\"@graph\":[{\"@type\":\"Article\",\"@id\":\"https:\\\/\\\/tralleskop.com\\\/index.php\\\/2026\\\/03\\\/28\\\/asirlardir-merak-ediliyordu-900-yillik-gizem-cozuldu-onlarca-ton-agirligindaki-heykelleri-boyle-tasimislar\\\/#article\",\"isPartOf\":{\"@id\":\"https:\\\/\\\/tralleskop.com\\\/index.php\\\/2026\\\/03\\\/28\\\/asirlardir-merak-ediliyordu-900-yillik-gizem-cozuldu-onlarca-ton-agirligindaki-heykelleri-boyle-tasimislar\\\/\"},\"author\":{\"name\":\"furkankural\",\"@id\":\"https:\\\/\\\/tralleskop.com\\\/#\\\/schema\\\/person\\\/fc12bc0105f8c38d47c414977faf5aa1\"},\"headline\":\"As\u0131rlard\u0131r merak ediliyordu, 900 y\u0131ll\u0131k gizem \u00e7\u00f6z\u00fcld\u00fc: Onlarca ton a\u011f\u0131rl\u0131\u011f\u0131ndaki heykelleri b\u00f6yle ta\u015f\u0131m\u0131\u015flar\",\"datePublished\":\"2026-03-28T20:37:50+00:00\",\"dateModified\":\"2026-03-29T11:58:17+00:00\",\"mainEntityOfPage\":{\"@id\":\"https:\\\/\\\/tralleskop.com\\\/index.php\\\/2026\\\/03\\\/28\\\/asirlardir-merak-ediliyordu-900-yillik-gizem-cozuldu-onlarca-ton-agirligindaki-heykelleri-boyle-tasimislar\\\/\"},\"wordCount\":584,\"commentCount\":0,\"publisher\":{\"@id\":\"https:\\\/\\\/tralleskop.com\\\/#organization\"},\"image\":{\"@id\":\"https:\\\/\\\/tralleskop.com\\\/index.php\\\/2026\\\/03\\\/28\\\/asirlardir-merak-ediliyordu-900-yillik-gizem-cozuldu-onlarca-ton-agirligindaki-heykelleri-boyle-tasimislar\\\/#primaryimage\"},\"thumbnailUrl\":\"https:\\\/\\\/tralleskop.com\\\/wp-content\\\/uploads\\\/2026\\\/03\\\/AA1OgwFR.jpeg\",\"keywords\":[\"D\u00fcnya\",\"paskalya\"],\"articleSection\":[\"Ar\u015fiv\",\"d\u00fcnya\"],\"inLanguage\":\"tr\",\"potentialAction\":[{\"@type\":\"CommentAction\",\"name\":\"Comment\",\"target\":[\"https:\\\/\\\/tralleskop.com\\\/index.php\\\/2026\\\/03\\\/28\\\/asirlardir-merak-ediliyordu-900-yillik-gizem-cozuldu-onlarca-ton-agirligindaki-heykelleri-boyle-tasimislar\\\/#respond\"]}]},{\"@type\":[\"WebPage\",\"FAQPage\"],\"@id\":\"https:\\\/\\\/tralleskop.com\\\/index.php\\\/2026\\\/03\\\/28\\\/asirlardir-merak-ediliyordu-900-yillik-gizem-cozuldu-onlarca-ton-agirligindaki-heykelleri-boyle-tasimislar\\\/\",\"url\":\"https:\\\/\\\/tralleskop.com\\\/index.php\\\/2026\\\/03\\\/28\\\/asirlardir-merak-ediliyordu-900-yillik-gizem-cozuldu-onlarca-ton-agirligindaki-heykelleri-boyle-tasimislar\\\/\",\"name\":\"As\u0131rlard\u0131r merak ediliyordu, 900 y\u0131ll\u0131k gizem \u00e7\u00f6z\u00fcld\u00fc: Onlarca ton a\u011f\u0131rl\u0131\u011f\u0131ndaki heykelleri b\u00f6yle ta\u015f\u0131m\u0131\u015flar - Tralleskop\",\"isPartOf\":{\"@id\":\"https:\\\/\\\/tralleskop.com\\\/#website\"},\"primaryImageOfPage\":{\"@id\":\"https:\\\/\\\/tralleskop.com\\\/index.php\\\/2026\\\/03\\\/28\\\/asirlardir-merak-ediliyordu-900-yillik-gizem-cozuldu-onlarca-ton-agirligindaki-heykelleri-boyle-tasimislar\\\/#primaryimage\"},\"image\":{\"@id\":\"https:\\\/\\\/tralleskop.com\\\/index.php\\\/2026\\\/03\\\/28\\\/asirlardir-merak-ediliyordu-900-yillik-gizem-cozuldu-onlarca-ton-agirligindaki-heykelleri-boyle-tasimislar\\\/#primaryimage\"},\"thumbnailUrl\":\"https:\\\/\\\/tralleskop.com\\\/wp-content\\\/uploads\\\/2026\\\/03\\\/AA1OgwFR.jpeg\",\"datePublished\":\"2026-03-28T20:37:50+00:00\",\"dateModified\":\"2026-03-29T11:58:17+00:00\",\"breadcrumb\":{\"@id\":\"https:\\\/\\\/tralleskop.com\\\/index.php\\\/2026\\\/03\\\/28\\\/asirlardir-merak-ediliyordu-900-yillik-gizem-cozuldu-onlarca-ton-agirligindaki-heykelleri-boyle-tasimislar\\\/#breadcrumb\"},\"inLanguage\":\"tr\",\"potentialAction\":[{\"@type\":\"ReadAction\",\"target\":[\"https:\\\/\\\/tralleskop.com\\\/index.php\\\/2026\\\/03\\\/28\\\/asirlardir-merak-ediliyordu-900-yillik-gizem-cozuldu-onlarca-ton-agirligindaki-heykelleri-boyle-tasimislar\\\/\"]}]},{\"@type\":\"ImageObject\",\"inLanguage\":\"tr\",\"@id\":\"https:\\\/\\\/tralleskop.com\\\/index.php\\\/2026\\\/03\\\/28\\\/asirlardir-merak-ediliyordu-900-yillik-gizem-cozuldu-onlarca-ton-agirligindaki-heykelleri-boyle-tasimislar\\\/#primaryimage\",\"url\":\"https:\\\/\\\/tralleskop.com\\\/wp-content\\\/uploads\\\/2026\\\/03\\\/AA1OgwFR.jpeg\",\"contentUrl\":\"https:\\\/\\\/tralleskop.com\\\/wp-content\\\/uploads\\\/2026\\\/03\\\/AA1OgwFR.jpeg\",\"width\":634,\"height\":403},{\"@type\":\"BreadcrumbList\",\"@id\":\"https:\\\/\\\/tralleskop.com\\\/index.php\\\/2026\\\/03\\\/28\\\/asirlardir-merak-ediliyordu-900-yillik-gizem-cozuldu-onlarca-ton-agirligindaki-heykelleri-boyle-tasimislar\\\/#breadcrumb\",\"itemListElement\":[{\"@type\":\"ListItem\",\"position\":1,\"name\":\"Anasayfa\",\"item\":\"https:\\\/\\\/tralleskop.com\\\/\"},{\"@type\":\"ListItem\",\"position\":2,\"name\":\"As\u0131rlard\u0131r merak ediliyordu, 900 y\u0131ll\u0131k gizem \u00e7\u00f6z\u00fcld\u00fc: Onlarca ton a\u011f\u0131rl\u0131\u011f\u0131ndaki heykelleri b\u00f6yle ta\u015f\u0131m\u0131\u015flar\"}]},{\"@type\":\"WebSite\",\"@id\":\"https:\\\/\\\/tralleskop.com\\\/#website\",\"url\":\"https:\\\/\\\/tralleskop.com\\\/\",\"name\":\"Tralleskop\",\"description\":\"\",\"publisher\":{\"@id\":\"https:\\\/\\\/tralleskop.com\\\/#organization\"},\"potentialAction\":[{\"@type\":\"SearchAction\",\"target\":{\"@type\":\"EntryPoint\",\"urlTemplate\":\"https:\\\/\\\/tralleskop.com\\\/?s={search_term_string}\"},\"query-input\":{\"@type\":\"PropertyValueSpecification\",\"valueRequired\":true,\"valueName\":\"search_term_string\"}}],\"inLanguage\":\"tr\"},{\"@type\":\"Organization\",\"@id\":\"https:\\\/\\\/tralleskop.com\\\/#organization\",\"name\":\"Tralleskop\",\"url\":\"https:\\\/\\\/tralleskop.com\\\/\",\"logo\":{\"@type\":\"ImageObject\",\"inLanguage\":\"tr\",\"@id\":\"https:\\\/\\\/tralleskop.com\\\/#\\\/schema\\\/logo\\\/image\\\/\",\"url\":\"https:\\\/\\\/tralleskop.com\\\/wp-content\\\/uploads\\\/2026\\\/03\\\/logo-1.png\",\"contentUrl\":\"https:\\\/\\\/tralleskop.com\\\/wp-content\\\/uploads\\\/2026\\\/03\\\/logo-1.png\",\"width\":2048,\"height\":2048,\"caption\":\"Tralleskop\"},\"image\":{\"@id\":\"https:\\\/\\\/tralleskop.com\\\/#\\\/schema\\\/logo\\\/image\\\/\"},\"sameAs\":[\"https:\\\/\\\/instagram.com\\\/tralleskop\"]},{\"@type\":\"Person\",\"@id\":\"https:\\\/\\\/tralleskop.com\\\/#\\\/schema\\\/person\\\/fc12bc0105f8c38d47c414977faf5aa1\",\"name\":\"furkankural\",\"image\":{\"@type\":\"ImageObject\",\"inLanguage\":\"tr\",\"@id\":\"https:\\\/\\\/secure.gravatar.com\\\/avatar\\\/b254b150a2c3c00063e72eb3ded536d7e5bd4008adc46ecd1ef3c8f0c02f310e?s=96&d=mm&r=g\",\"url\":\"https:\\\/\\\/secure.gravatar.com\\\/avatar\\\/b254b150a2c3c00063e72eb3ded536d7e5bd4008adc46ecd1ef3c8f0c02f310e?s=96&d=mm&r=g\",\"contentUrl\":\"https:\\\/\\\/secure.gravatar.com\\\/avatar\\\/b254b150a2c3c00063e72eb3ded536d7e5bd4008adc46ecd1ef3c8f0c02f310e?s=96&d=mm&r=g\",\"caption\":\"furkankural\"},\"sameAs\":[\"https:\\\/\\\/tralleskop.com\"],\"url\":\"https:\\\/\\\/tralleskop.com\\\/index.php\\\/author\\\/furkankural\\\/\"}]}<\/script>\n<!-- \/ Yoast SEO plugin. -->","yoast_head_json":{"title":"As\u0131rlard\u0131r merak ediliyordu, 900 y\u0131ll\u0131k gizem \u00e7\u00f6z\u00fcld\u00fc: Onlarca ton a\u011f\u0131rl\u0131\u011f\u0131ndaki heykelleri b\u00f6yle ta\u015f\u0131m\u0131\u015flar - Tralleskop","robots":{"index":"index","follow":"follow","max-snippet":"max-snippet:-1","max-image-preview":"max-image-preview:large","max-video-preview":"max-video-preview:-1"},"canonical":"https:\/\/tralleskop.com\/index.php\/2026\/03\/28\/asirlardir-merak-ediliyordu-900-yillik-gizem-cozuldu-onlarca-ton-agirligindaki-heykelleri-boyle-tasimislar\/","og_locale":"tr_TR","og_type":"article","og_title":"As\u0131rlard\u0131r merak ediliyordu, 900 y\u0131ll\u0131k gizem \u00e7\u00f6z\u00fcld\u00fc: Onlarca ton a\u011f\u0131rl\u0131\u011f\u0131ndaki heykelleri b\u00f6yle ta\u015f\u0131m\u0131\u015flar - Tralleskop","og_description":"Pasifik Okyanusu&#8217;nda bulunan Paskalya Adas\u0131&#8217;ndaki dev heykellerin kayna\u011f\u0131 d\u00fcnyan\u0131n en b\u00fcy\u00fck arkeolojik gizemlerinden biri. Her biri tonlarca a\u011f\u0131rl\u0131kta olan bu heykellerin bulunduklar\u0131 noktalara nas\u0131l ta\u015f\u0131nd\u0131\u011f\u0131 as\u0131rlard\u0131r merak konusu. O kadar ki bu i\u015fte uzayl\u0131lar\u0131n parma\u011f\u0131 oldu\u011funu iddia edenler bile var. Peki ger\u00e7ek ne? Bu sorunun cevab\u0131n\u0131 ge\u00e7ti\u011fimiz g\u00fcnlerde bilim insanlar\u0131 verdi. En yak\u0131n kom\u015fusundan 1.289 [&hellip;]","og_url":"https:\/\/tralleskop.com\/index.php\/2026\/03\/28\/asirlardir-merak-ediliyordu-900-yillik-gizem-cozuldu-onlarca-ton-agirligindaki-heykelleri-boyle-tasimislar\/","og_site_name":"Tralleskop","article_published_time":"2026-03-28T20:37:50+00:00","article_modified_time":"2026-03-29T11:58:17+00:00","og_image":[{"width":634,"height":403,"url":"https:\/\/tralleskop.com\/wp-content\/uploads\/2026\/03\/AA1OgwFR.jpeg","type":"image\/jpeg"}],"author":"furkankural","twitter_card":"summary_large_image","twitter_misc":{"Yazan:":"furkankural","Tahmini okuma s\u00fcresi":"3 dakika"},"schema":{"@context":"https:\/\/schema.org","@graph":[{"@type":"Article","@id":"https:\/\/tralleskop.com\/index.php\/2026\/03\/28\/asirlardir-merak-ediliyordu-900-yillik-gizem-cozuldu-onlarca-ton-agirligindaki-heykelleri-boyle-tasimislar\/#article","isPartOf":{"@id":"https:\/\/tralleskop.com\/index.php\/2026\/03\/28\/asirlardir-merak-ediliyordu-900-yillik-gizem-cozuldu-onlarca-ton-agirligindaki-heykelleri-boyle-tasimislar\/"},"author":{"name":"furkankural","@id":"https:\/\/tralleskop.com\/#\/schema\/person\/fc12bc0105f8c38d47c414977faf5aa1"},"headline":"As\u0131rlard\u0131r merak ediliyordu, 900 y\u0131ll\u0131k gizem \u00e7\u00f6z\u00fcld\u00fc: Onlarca ton a\u011f\u0131rl\u0131\u011f\u0131ndaki heykelleri b\u00f6yle ta\u015f\u0131m\u0131\u015flar","datePublished":"2026-03-28T20:37:50+00:00","dateModified":"2026-03-29T11:58:17+00:00","mainEntityOfPage":{"@id":"https:\/\/tralleskop.com\/index.php\/2026\/03\/28\/asirlardir-merak-ediliyordu-900-yillik-gizem-cozuldu-onlarca-ton-agirligindaki-heykelleri-boyle-tasimislar\/"},"wordCount":584,"commentCount":0,"publisher":{"@id":"https:\/\/tralleskop.com\/#organization"},"image":{"@id":"https:\/\/tralleskop.com\/index.php\/2026\/03\/28\/asirlardir-merak-ediliyordu-900-yillik-gizem-cozuldu-onlarca-ton-agirligindaki-heykelleri-boyle-tasimislar\/#primaryimage"},"thumbnailUrl":"https:\/\/tralleskop.com\/wp-content\/uploads\/2026\/03\/AA1OgwFR.jpeg","keywords":["D\u00fcnya","paskalya"],"articleSection":["Ar\u015fiv","d\u00fcnya"],"inLanguage":"tr","potentialAction":[{"@type":"CommentAction","name":"Comment","target":["https:\/\/tralleskop.com\/index.php\/2026\/03\/28\/asirlardir-merak-ediliyordu-900-yillik-gizem-cozuldu-onlarca-ton-agirligindaki-heykelleri-boyle-tasimislar\/#respond"]}]},{"@type":["WebPage","FAQPage"],"@id":"https:\/\/tralleskop.com\/index.php\/2026\/03\/28\/asirlardir-merak-ediliyordu-900-yillik-gizem-cozuldu-onlarca-ton-agirligindaki-heykelleri-boyle-tasimislar\/","url":"https:\/\/tralleskop.com\/index.php\/2026\/03\/28\/asirlardir-merak-ediliyordu-900-yillik-gizem-cozuldu-onlarca-ton-agirligindaki-heykelleri-boyle-tasimislar\/","name":"As\u0131rlard\u0131r merak ediliyordu, 900 y\u0131ll\u0131k gizem \u00e7\u00f6z\u00fcld\u00fc: Onlarca ton a\u011f\u0131rl\u0131\u011f\u0131ndaki heykelleri b\u00f6yle ta\u015f\u0131m\u0131\u015flar - Tralleskop","isPartOf":{"@id":"https:\/\/tralleskop.com\/#website"},"primaryImageOfPage":{"@id":"https:\/\/tralleskop.com\/index.php\/2026\/03\/28\/asirlardir-merak-ediliyordu-900-yillik-gizem-cozuldu-onlarca-ton-agirligindaki-heykelleri-boyle-tasimislar\/#primaryimage"},"image":{"@id":"https:\/\/tralleskop.com\/index.php\/2026\/03\/28\/asirlardir-merak-ediliyordu-900-yillik-gizem-cozuldu-onlarca-ton-agirligindaki-heykelleri-boyle-tasimislar\/#primaryimage"},"thumbnailUrl":"https:\/\/tralleskop.com\/wp-content\/uploads\/2026\/03\/AA1OgwFR.jpeg","datePublished":"2026-03-28T20:37:50+00:00","dateModified":"2026-03-29T11:58:17+00:00","breadcrumb":{"@id":"https:\/\/tralleskop.com\/index.php\/2026\/03\/28\/asirlardir-merak-ediliyordu-900-yillik-gizem-cozuldu-onlarca-ton-agirligindaki-heykelleri-boyle-tasimislar\/#breadcrumb"},"inLanguage":"tr","potentialAction":[{"@type":"ReadAction","target":["https:\/\/tralleskop.com\/index.php\/2026\/03\/28\/asirlardir-merak-ediliyordu-900-yillik-gizem-cozuldu-onlarca-ton-agirligindaki-heykelleri-boyle-tasimislar\/"]}]},{"@type":"ImageObject","inLanguage":"tr","@id":"https:\/\/tralleskop.com\/index.php\/2026\/03\/28\/asirlardir-merak-ediliyordu-900-yillik-gizem-cozuldu-onlarca-ton-agirligindaki-heykelleri-boyle-tasimislar\/#primaryimage","url":"https:\/\/tralleskop.com\/wp-content\/uploads\/2026\/03\/AA1OgwFR.jpeg","contentUrl":"https:\/\/tralleskop.com\/wp-content\/uploads\/2026\/03\/AA1OgwFR.jpeg","width":634,"height":403},{"@type":"BreadcrumbList","@id":"https:\/\/tralleskop.com\/index.php\/2026\/03\/28\/asirlardir-merak-ediliyordu-900-yillik-gizem-cozuldu-onlarca-ton-agirligindaki-heykelleri-boyle-tasimislar\/#breadcrumb","itemListElement":[{"@type":"ListItem","position":1,"name":"Anasayfa","item":"https:\/\/tralleskop.com\/"},{"@type":"ListItem","position":2,"name":"As\u0131rlard\u0131r merak ediliyordu, 900 y\u0131ll\u0131k gizem \u00e7\u00f6z\u00fcld\u00fc: Onlarca ton a\u011f\u0131rl\u0131\u011f\u0131ndaki heykelleri b\u00f6yle ta\u015f\u0131m\u0131\u015flar"}]},{"@type":"WebSite","@id":"https:\/\/tralleskop.com\/#website","url":"https:\/\/tralleskop.com\/","name":"Tralleskop","description":"","publisher":{"@id":"https:\/\/tralleskop.com\/#organization"},"potentialAction":[{"@type":"SearchAction","target":{"@type":"EntryPoint","urlTemplate":"https:\/\/tralleskop.com\/?s={search_term_string}"},"query-input":{"@type":"PropertyValueSpecification","valueRequired":true,"valueName":"search_term_string"}}],"inLanguage":"tr"},{"@type":"Organization","@id":"https:\/\/tralleskop.com\/#organization","name":"Tralleskop","url":"https:\/\/tralleskop.com\/","logo":{"@type":"ImageObject","inLanguage":"tr","@id":"https:\/\/tralleskop.com\/#\/schema\/logo\/image\/","url":"https:\/\/tralleskop.com\/wp-content\/uploads\/2026\/03\/logo-1.png","contentUrl":"https:\/\/tralleskop.com\/wp-content\/uploads\/2026\/03\/logo-1.png","width":2048,"height":2048,"caption":"Tralleskop"},"image":{"@id":"https:\/\/tralleskop.com\/#\/schema\/logo\/image\/"},"sameAs":["https:\/\/instagram.com\/tralleskop"]},{"@type":"Person","@id":"https:\/\/tralleskop.com\/#\/schema\/person\/fc12bc0105f8c38d47c414977faf5aa1","name":"furkankural","image":{"@type":"ImageObject","inLanguage":"tr","@id":"https:\/\/secure.gravatar.com\/avatar\/b254b150a2c3c00063e72eb3ded536d7e5bd4008adc46ecd1ef3c8f0c02f310e?s=96&d=mm&r=g","url":"https:\/\/secure.gravatar.com\/avatar\/b254b150a2c3c00063e72eb3ded536d7e5bd4008adc46ecd1ef3c8f0c02f310e?s=96&d=mm&r=g","contentUrl":"https:\/\/secure.gravatar.com\/avatar\/b254b150a2c3c00063e72eb3ded536d7e5bd4008adc46ecd1ef3c8f0c02f310e?s=96&d=mm&r=g","caption":"furkankural"},"sameAs":["https:\/\/tralleskop.com"],"url":"https:\/\/tralleskop.com\/index.php\/author\/furkankural\/"}]}},"jetpack_featured_media_url":"https:\/\/tralleskop.com\/wp-content\/uploads\/2026\/03\/AA1OgwFR.jpeg","_links":{"self":[{"href":"https:\/\/tralleskop.com\/index.php\/wp-json\/wp\/v2\/posts\/13","targetHints":{"allow":["GET"]}}],"collection":[{"href":"https:\/\/tralleskop.com\/index.php\/wp-json\/wp\/v2\/posts"}],"about":[{"href":"https:\/\/tralleskop.com\/index.php\/wp-json\/wp\/v2\/types\/post"}],"author":[{"embeddable":true,"href":"https:\/\/tralleskop.com\/index.php\/wp-json\/wp\/v2\/users\/1"}],"replies":[{"embeddable":true,"href":"https:\/\/tralleskop.com\/index.php\/wp-json\/wp\/v2\/comments?post=13"}],"version-history":[{"count":3,"href":"https:\/\/tralleskop.com\/index.php\/wp-json\/wp\/v2\/posts\/13\/revisions"}],"predecessor-version":[{"id":18,"href":"https:\/\/tralleskop.com\/index.php\/wp-json\/wp\/v2\/posts\/13\/revisions\/18"}],"wp:featuredmedia":[{"embeddable":true,"href":"https:\/\/tralleskop.com\/index.php\/wp-json\/wp\/v2\/media\/14"}],"wp:attachment":[{"href":"https:\/\/tralleskop.com\/index.php\/wp-json\/wp\/v2\/media?parent=13"}],"wp:term":[{"taxonomy":"category","embeddable":true,"href":"https:\/\/tralleskop.com\/index.php\/wp-json\/wp\/v2\/categories?post=13"},{"taxonomy":"post_tag","embeddable":true,"href":"https:\/\/tralleskop.com\/index.php\/wp-json\/wp\/v2\/tags?post=13"}],"curies":[{"name":"wp","href":"https:\/\/api.w.org\/{rel}","templated":true}]}}