{"id":120,"date":"2026-04-19T13:16:04","date_gmt":"2026-04-19T10:16:04","guid":{"rendered":"http:\/\/localhost\/wordpress\/index.php\/2026\/04\/19\/otomotiv-sektorunde-elektrikli-arac-yarisi-kizisiyor\/"},"modified":"2026-04-19T13:17:48","modified_gmt":"2026-04-19T10:17:48","slug":"otomotiv-sektorunde-elektrikli-arac-yarisi-kizisiyor","status":"publish","type":"post","link":"https:\/\/tralleskop.com\/index.php\/2026\/04\/19\/otomotiv-sektorunde-elektrikli-arac-yarisi-kizisiyor\/","title":{"rendered":"Otomotiv Sekt\u00f6r\u00fcnde Elektrikli Ara\u00e7 Yar\u0131\u015f\u0131 K\u0131z\u0131\u015f\u0131yor"},"content":{"rendered":"<p>Geleneksel otomobil \u00fcreticileri ve yeni nesil teknoloji firmalar\u0131 aras\u0131ndaki elektrikli ara\u00e7 pazar pay\u0131 sava\u015f\u0131 giderek b\u00fcy\u00fcyor. Yeni batarya teknolojileri sayesinde menzil sorunu ortadan kalkarken, fiyatlar\u0131n da daha eri\u015filebilir seviyelere gelmesi bekleniyor. T\u00fcrkiye pazar\u0131na girmesi beklenen yeni modeller belli oldu.<\/p>\n\n\n<figure class=\"wp-block-image size-full\"><img loading=\"lazy\" decoding=\"async\" width=\"640\" height=\"360\" src=\"https:\/\/tralleskop.com\/wp-content\/uploads\/2026\/03\/AA1ZwGP0.png\" alt=\"\" class=\"wp-image-40\"\/><\/figure>\n","protected":false},"excerpt":{"rendered":"<p>Geleneksel otomobil \u00fcreticileri ve yeni nesil teknoloji firmalar\u0131 aras\u0131ndaki elektrikli ara\u00e7 pazar pay\u0131 sava\u015f\u0131 giderek b\u00fcy\u00fcyor. Yeni batarya teknolojileri sayesinde menzil sorunu ortadan kalkarken, fiyatlar\u0131n da daha eri\u015filebilir seviyelere gelmesi bekleniyor. T\u00fcrkiye pazar\u0131na girmesi beklenen yeni modeller belli oldu.<\/p>\n","protected":false},"author":1,"featured_media":43,"comment_status":"open","ping_status":"open","sticky":false,"template":"","format":"standard","meta":{"_coblocks_attr":"","_coblocks_dimensions":"","_coblocks_responsive_height":"","_coblocks_accordion_ie_support":"","_ai_summary":"","_external_image_url":"","footnotes":""},"categories":[19,54],"tags":[],"class_list":["post-120","post","type-post","status-publish","format-standard","has-post-thumbnail","hentry","category-ekonomi","category-manset"],"yoast_head":"<!-- This site is optimized with the Yoast SEO plugin v27.5 - https:\/\/yoast.com\/product\/yoast-seo-wordpress\/ -->\n<title>Otomotiv Sekt\u00f6r\u00fcnde Elektrikli Ara\u00e7 Yar\u0131\u015f\u0131 K\u0131z\u0131\u015f\u0131yor - Tralleskop<\/title>\n<meta name=\"robots\" content=\"index, follow, max-snippet:-1, max-image-preview:large, max-video-preview:-1\" \/>\n<link rel=\"canonical\" href=\"https:\/\/tralleskop.com\/index.php\/2026\/04\/19\/otomotiv-sektorunde-elektrikli-arac-yarisi-kizisiyor\/\" \/>\n<meta property=\"og:locale\" content=\"tr_TR\" \/>\n<meta property=\"og:type\" content=\"article\" \/>\n<meta property=\"og:title\" content=\"Otomotiv Sekt\u00f6r\u00fcnde Elektrikli Ara\u00e7 Yar\u0131\u015f\u0131 K\u0131z\u0131\u015f\u0131yor - Tralleskop\" \/>\n<meta property=\"og:description\" content=\"Geleneksel otomobil \u00fcreticileri ve yeni nesil teknoloji firmalar\u0131 aras\u0131ndaki elektrikli ara\u00e7 pazar pay\u0131 sava\u015f\u0131 giderek b\u00fcy\u00fcyor. Yeni batarya teknolojileri sayesinde menzil sorunu ortadan kalkarken, fiyatlar\u0131n da daha eri\u015filebilir seviyelere gelmesi bekleniyor. T\u00fcrkiye pazar\u0131na girmesi beklenen yeni modeller belli oldu.\" \/>\n<meta property=\"og:url\" content=\"https:\/\/tralleskop.com\/index.php\/2026\/04\/19\/otomotiv-sektorunde-elektrikli-arac-yarisi-kizisiyor\/\" \/>\n<meta property=\"og:site_name\" content=\"Tralleskop\" \/>\n<meta property=\"article:published_time\" content=\"2026-04-19T10:16:04+00:00\" \/>\n<meta property=\"article:modified_time\" content=\"2026-04-19T10:17:48+00:00\" \/>\n<meta property=\"og:image\" content=\"https:\/\/tralleskop.com\/wp-content\/uploads\/2026\/03\/AA1ZvVxD.png\" \/>\n\t<meta property=\"og:image:width\" content=\"640\" \/>\n\t<meta property=\"og:image:height\" content=\"360\" \/>\n\t<meta property=\"og:image:type\" content=\"image\/png\" \/>\n<meta name=\"author\" content=\"furkankural\" \/>\n<meta name=\"twitter:card\" content=\"summary_large_image\" \/>\n<meta name=\"twitter:label1\" content=\"Yazan:\" \/>\n\t<meta name=\"twitter:data1\" content=\"furkankural\" \/>\n\t<meta name=\"twitter:label2\" content=\"Tahmini okuma s\u00fcresi\" \/>\n\t<meta name=\"twitter:data2\" content=\"1 dakika\" \/>\n<script type=\"application\/ld+json\" class=\"yoast-schema-graph\">{\"@context\":\"https:\\\/\\\/schema.org\",\"@graph\":[{\"@type\":\"Article\",\"@id\":\"https:\\\/\\\/tralleskop.com\\\/index.php\\\/2026\\\/04\\\/19\\\/otomotiv-sektorunde-elektrikli-arac-yarisi-kizisiyor\\\/#article\",\"isPartOf\":{\"@id\":\"https:\\\/\\\/tralleskop.com\\\/index.php\\\/2026\\\/04\\\/19\\\/otomotiv-sektorunde-elektrikli-arac-yarisi-kizisiyor\\\/\"},\"author\":{\"name\":\"furkankural\",\"@id\":\"https:\\\/\\\/tralleskop.com\\\/#\\\/schema\\\/person\\\/fc12bc0105f8c38d47c414977faf5aa1\"},\"headline\":\"Otomotiv Sekt\u00f6r\u00fcnde Elektrikli Ara\u00e7 Yar\u0131\u015f\u0131 K\u0131z\u0131\u015f\u0131yor\",\"datePublished\":\"2026-04-19T10:16:04+00:00\",\"dateModified\":\"2026-04-19T10:17:48+00:00\",\"mainEntityOfPage\":{\"@id\":\"https:\\\/\\\/tralleskop.com\\\/index.php\\\/2026\\\/04\\\/19\\\/otomotiv-sektorunde-elektrikli-arac-yarisi-kizisiyor\\\/\"},\"wordCount\":56,\"commentCount\":0,\"publisher\":{\"@id\":\"https:\\\/\\\/tralleskop.com\\\/#organization\"},\"image\":{\"@id\":\"https:\\\/\\\/tralleskop.com\\\/index.php\\\/2026\\\/04\\\/19\\\/otomotiv-sektorunde-elektrikli-arac-yarisi-kizisiyor\\\/#primaryimage\"},\"thumbnailUrl\":\"https:\\\/\\\/tralleskop.com\\\/wp-content\\\/uploads\\\/2026\\\/03\\\/AA1ZvVxD.png\",\"articleSection\":[\"Ekonomi\",\"Man\u015fet\"],\"inLanguage\":\"tr\",\"potentialAction\":[{\"@type\":\"CommentAction\",\"name\":\"Comment\",\"target\":[\"https:\\\/\\\/tralleskop.com\\\/index.php\\\/2026\\\/04\\\/19\\\/otomotiv-sektorunde-elektrikli-arac-yarisi-kizisiyor\\\/#respond\"]}]},{\"@type\":\"WebPage\",\"@id\":\"https:\\\/\\\/tralleskop.com\\\/index.php\\\/2026\\\/04\\\/19\\\/otomotiv-sektorunde-elektrikli-arac-yarisi-kizisiyor\\\/\",\"url\":\"https:\\\/\\\/tralleskop.com\\\/index.php\\\/2026\\\/04\\\/19\\\/otomotiv-sektorunde-elektrikli-arac-yarisi-kizisiyor\\\/\",\"name\":\"Otomotiv Sekt\u00f6r\u00fcnde Elektrikli Ara\u00e7 Yar\u0131\u015f\u0131 K\u0131z\u0131\u015f\u0131yor - Tralleskop\",\"isPartOf\":{\"@id\":\"https:\\\/\\\/tralleskop.com\\\/#website\"},\"primaryImageOfPage\":{\"@id\":\"https:\\\/\\\/tralleskop.com\\\/index.php\\\/2026\\\/04\\\/19\\\/otomotiv-sektorunde-elektrikli-arac-yarisi-kizisiyor\\\/#primaryimage\"},\"image\":{\"@id\":\"https:\\\/\\\/tralleskop.com\\\/index.php\\\/2026\\\/04\\\/19\\\/otomotiv-sektorunde-elektrikli-arac-yarisi-kizisiyor\\\/#primaryimage\"},\"thumbnailUrl\":\"https:\\\/\\\/tralleskop.com\\\/wp-content\\\/uploads\\\/2026\\\/03\\\/AA1ZvVxD.png\",\"datePublished\":\"2026-04-19T10:16:04+00:00\",\"dateModified\":\"2026-04-19T10:17:48+00:00\",\"breadcrumb\":{\"@id\":\"https:\\\/\\\/tralleskop.com\\\/index.php\\\/2026\\\/04\\\/19\\\/otomotiv-sektorunde-elektrikli-arac-yarisi-kizisiyor\\\/#breadcrumb\"},\"inLanguage\":\"tr\",\"potentialAction\":[{\"@type\":\"ReadAction\",\"target\":[\"https:\\\/\\\/tralleskop.com\\\/index.php\\\/2026\\\/04\\\/19\\\/otomotiv-sektorunde-elektrikli-arac-yarisi-kizisiyor\\\/\"]}]},{\"@type\":\"ImageObject\",\"inLanguage\":\"tr\",\"@id\":\"https:\\\/\\\/tralleskop.com\\\/index.php\\\/2026\\\/04\\\/19\\\/otomotiv-sektorunde-elektrikli-arac-yarisi-kizisiyor\\\/#primaryimage\",\"url\":\"https:\\\/\\\/tralleskop.com\\\/wp-content\\\/uploads\\\/2026\\\/03\\\/AA1ZvVxD.png\",\"contentUrl\":\"https:\\\/\\\/tralleskop.com\\\/wp-content\\\/uploads\\\/2026\\\/03\\\/AA1ZvVxD.png\",\"width\":640,\"height\":360},{\"@type\":\"BreadcrumbList\",\"@id\":\"https:\\\/\\\/tralleskop.com\\\/index.php\\\/2026\\\/04\\\/19\\\/otomotiv-sektorunde-elektrikli-arac-yarisi-kizisiyor\\\/#breadcrumb\",\"itemListElement\":[{\"@type\":\"ListItem\",\"position\":1,\"name\":\"Anasayfa\",\"item\":\"https:\\\/\\\/tralleskop.com\\\/\"},{\"@type\":\"ListItem\",\"position\":2,\"name\":\"Otomotiv Sekt\u00f6r\u00fcnde Elektrikli Ara\u00e7 Yar\u0131\u015f\u0131 K\u0131z\u0131\u015f\u0131yor\"}]},{\"@type\":\"WebSite\",\"@id\":\"https:\\\/\\\/tralleskop.com\\\/#website\",\"url\":\"https:\\\/\\\/tralleskop.com\\\/\",\"name\":\"Tralleskop\",\"description\":\"\",\"publisher\":{\"@id\":\"https:\\\/\\\/tralleskop.com\\\/#organization\"},\"potentialAction\":[{\"@type\":\"SearchAction\",\"target\":{\"@type\":\"EntryPoint\",\"urlTemplate\":\"https:\\\/\\\/tralleskop.com\\\/?s={search_term_string}\"},\"query-input\":{\"@type\":\"PropertyValueSpecification\",\"valueRequired\":true,\"valueName\":\"search_term_string\"}}],\"inLanguage\":\"tr\"},{\"@type\":\"Organization\",\"@id\":\"https:\\\/\\\/tralleskop.com\\\/#organization\",\"name\":\"Tralleskop\",\"url\":\"https:\\\/\\\/tralleskop.com\\\/\",\"logo\":{\"@type\":\"ImageObject\",\"inLanguage\":\"tr\",\"@id\":\"https:\\\/\\\/tralleskop.com\\\/#\\\/schema\\\/logo\\\/image\\\/\",\"url\":\"https:\\\/\\\/tralleskop.com\\\/wp-content\\\/uploads\\\/2026\\\/03\\\/logo-1.png\",\"contentUrl\":\"https:\\\/\\\/tralleskop.com\\\/wp-content\\\/uploads\\\/2026\\\/03\\\/logo-1.png\",\"width\":2048,\"height\":2048,\"caption\":\"Tralleskop\"},\"image\":{\"@id\":\"https:\\\/\\\/tralleskop.com\\\/#\\\/schema\\\/logo\\\/image\\\/\"},\"sameAs\":[\"https:\\\/\\\/instagram.com\\\/tralleskop\"]},{\"@type\":\"Person\",\"@id\":\"https:\\\/\\\/tralleskop.com\\\/#\\\/schema\\\/person\\\/fc12bc0105f8c38d47c414977faf5aa1\",\"name\":\"furkankural\",\"image\":{\"@type\":\"ImageObject\",\"inLanguage\":\"tr\",\"@id\":\"https:\\\/\\\/secure.gravatar.com\\\/avatar\\\/b254b150a2c3c00063e72eb3ded536d7e5bd4008adc46ecd1ef3c8f0c02f310e?s=96&d=mm&r=g\",\"url\":\"https:\\\/\\\/secure.gravatar.com\\\/avatar\\\/b254b150a2c3c00063e72eb3ded536d7e5bd4008adc46ecd1ef3c8f0c02f310e?s=96&d=mm&r=g\",\"contentUrl\":\"https:\\\/\\\/secure.gravatar.com\\\/avatar\\\/b254b150a2c3c00063e72eb3ded536d7e5bd4008adc46ecd1ef3c8f0c02f310e?s=96&d=mm&r=g\",\"caption\":\"furkankural\"},\"sameAs\":[\"https:\\\/\\\/tralleskop.com\"],\"url\":\"https:\\\/\\\/tralleskop.com\\\/index.php\\\/author\\\/furkankural\\\/\"}]}<\/script>\n<!-- \/ Yoast SEO plugin. -->","yoast_head_json":{"title":"Otomotiv Sekt\u00f6r\u00fcnde Elektrikli Ara\u00e7 Yar\u0131\u015f\u0131 K\u0131z\u0131\u015f\u0131yor - Tralleskop","robots":{"index":"index","follow":"follow","max-snippet":"max-snippet:-1","max-image-preview":"max-image-preview:large","max-video-preview":"max-video-preview:-1"},"canonical":"https:\/\/tralleskop.com\/index.php\/2026\/04\/19\/otomotiv-sektorunde-elektrikli-arac-yarisi-kizisiyor\/","og_locale":"tr_TR","og_type":"article","og_title":"Otomotiv Sekt\u00f6r\u00fcnde Elektrikli Ara\u00e7 Yar\u0131\u015f\u0131 K\u0131z\u0131\u015f\u0131yor - Tralleskop","og_description":"Geleneksel otomobil \u00fcreticileri ve yeni nesil teknoloji firmalar\u0131 aras\u0131ndaki elektrikli ara\u00e7 pazar pay\u0131 sava\u015f\u0131 giderek b\u00fcy\u00fcyor. Yeni batarya teknolojileri sayesinde menzil sorunu ortadan kalkarken, fiyatlar\u0131n da daha eri\u015filebilir seviyelere gelmesi bekleniyor. T\u00fcrkiye pazar\u0131na girmesi beklenen yeni modeller belli oldu.","og_url":"https:\/\/tralleskop.com\/index.php\/2026\/04\/19\/otomotiv-sektorunde-elektrikli-arac-yarisi-kizisiyor\/","og_site_name":"Tralleskop","article_published_time":"2026-04-19T10:16:04+00:00","article_modified_time":"2026-04-19T10:17:48+00:00","og_image":[{"width":640,"height":360,"url":"https:\/\/tralleskop.com\/wp-content\/uploads\/2026\/03\/AA1ZvVxD.png","type":"image\/png"}],"author":"furkankural","twitter_card":"summary_large_image","twitter_misc":{"Yazan:":"furkankural","Tahmini okuma s\u00fcresi":"1 dakika"},"schema":{"@context":"https:\/\/schema.org","@graph":[{"@type":"Article","@id":"https:\/\/tralleskop.com\/index.php\/2026\/04\/19\/otomotiv-sektorunde-elektrikli-arac-yarisi-kizisiyor\/#article","isPartOf":{"@id":"https:\/\/tralleskop.com\/index.php\/2026\/04\/19\/otomotiv-sektorunde-elektrikli-arac-yarisi-kizisiyor\/"},"author":{"name":"furkankural","@id":"https:\/\/tralleskop.com\/#\/schema\/person\/fc12bc0105f8c38d47c414977faf5aa1"},"headline":"Otomotiv Sekt\u00f6r\u00fcnde Elektrikli Ara\u00e7 Yar\u0131\u015f\u0131 K\u0131z\u0131\u015f\u0131yor","datePublished":"2026-04-19T10:16:04+00:00","dateModified":"2026-04-19T10:17:48+00:00","mainEntityOfPage":{"@id":"https:\/\/tralleskop.com\/index.php\/2026\/04\/19\/otomotiv-sektorunde-elektrikli-arac-yarisi-kizisiyor\/"},"wordCount":56,"commentCount":0,"publisher":{"@id":"https:\/\/tralleskop.com\/#organization"},"image":{"@id":"https:\/\/tralleskop.com\/index.php\/2026\/04\/19\/otomotiv-sektorunde-elektrikli-arac-yarisi-kizisiyor\/#primaryimage"},"thumbnailUrl":"https:\/\/tralleskop.com\/wp-content\/uploads\/2026\/03\/AA1ZvVxD.png","articleSection":["Ekonomi","Man\u015fet"],"inLanguage":"tr","potentialAction":[{"@type":"CommentAction","name":"Comment","target":["https:\/\/tralleskop.com\/index.php\/2026\/04\/19\/otomotiv-sektorunde-elektrikli-arac-yarisi-kizisiyor\/#respond"]}]},{"@type":"WebPage","@id":"https:\/\/tralleskop.com\/index.php\/2026\/04\/19\/otomotiv-sektorunde-elektrikli-arac-yarisi-kizisiyor\/","url":"https:\/\/tralleskop.com\/index.php\/2026\/04\/19\/otomotiv-sektorunde-elektrikli-arac-yarisi-kizisiyor\/","name":"Otomotiv Sekt\u00f6r\u00fcnde Elektrikli Ara\u00e7 Yar\u0131\u015f\u0131 K\u0131z\u0131\u015f\u0131yor - Tralleskop","isPartOf":{"@id":"https:\/\/tralleskop.com\/#website"},"primaryImageOfPage":{"@id":"https:\/\/tralleskop.com\/index.php\/2026\/04\/19\/otomotiv-sektorunde-elektrikli-arac-yarisi-kizisiyor\/#primaryimage"},"image":{"@id":"https:\/\/tralleskop.com\/index.php\/2026\/04\/19\/otomotiv-sektorunde-elektrikli-arac-yarisi-kizisiyor\/#primaryimage"},"thumbnailUrl":"https:\/\/tralleskop.com\/wp-content\/uploads\/2026\/03\/AA1ZvVxD.png","datePublished":"2026-04-19T10:16:04+00:00","dateModified":"2026-04-19T10:17:48+00:00","breadcrumb":{"@id":"https:\/\/tralleskop.com\/index.php\/2026\/04\/19\/otomotiv-sektorunde-elektrikli-arac-yarisi-kizisiyor\/#breadcrumb"},"inLanguage":"tr","potentialAction":[{"@type":"ReadAction","target":["https:\/\/tralleskop.com\/index.php\/2026\/04\/19\/otomotiv-sektorunde-elektrikli-arac-yarisi-kizisiyor\/"]}]},{"@type":"ImageObject","inLanguage":"tr","@id":"https:\/\/tralleskop.com\/index.php\/2026\/04\/19\/otomotiv-sektorunde-elektrikli-arac-yarisi-kizisiyor\/#primaryimage","url":"https:\/\/tralleskop.com\/wp-content\/uploads\/2026\/03\/AA1ZvVxD.png","contentUrl":"https:\/\/tralleskop.com\/wp-content\/uploads\/2026\/03\/AA1ZvVxD.png","width":640,"height":360},{"@type":"BreadcrumbList","@id":"https:\/\/tralleskop.com\/index.php\/2026\/04\/19\/otomotiv-sektorunde-elektrikli-arac-yarisi-kizisiyor\/#breadcrumb","itemListElement":[{"@type":"ListItem","position":1,"name":"Anasayfa","item":"https:\/\/tralleskop.com\/"},{"@type":"ListItem","position":2,"name":"Otomotiv Sekt\u00f6r\u00fcnde Elektrikli Ara\u00e7 Yar\u0131\u015f\u0131 K\u0131z\u0131\u015f\u0131yor"}]},{"@type":"WebSite","@id":"https:\/\/tralleskop.com\/#website","url":"https:\/\/tralleskop.com\/","name":"Tralleskop","description":"","publisher":{"@id":"https:\/\/tralleskop.com\/#organization"},"potentialAction":[{"@type":"SearchAction","target":{"@type":"EntryPoint","urlTemplate":"https:\/\/tralleskop.com\/?s={search_term_string}"},"query-input":{"@type":"PropertyValueSpecification","valueRequired":true,"valueName":"search_term_string"}}],"inLanguage":"tr"},{"@type":"Organization","@id":"https:\/\/tralleskop.com\/#organization","name":"Tralleskop","url":"https:\/\/tralleskop.com\/","logo":{"@type":"ImageObject","inLanguage":"tr","@id":"https:\/\/tralleskop.com\/#\/schema\/logo\/image\/","url":"https:\/\/tralleskop.com\/wp-content\/uploads\/2026\/03\/logo-1.png","contentUrl":"https:\/\/tralleskop.com\/wp-content\/uploads\/2026\/03\/logo-1.png","width":2048,"height":2048,"caption":"Tralleskop"},"image":{"@id":"https:\/\/tralleskop.com\/#\/schema\/logo\/image\/"},"sameAs":["https:\/\/instagram.com\/tralleskop"]},{"@type":"Person","@id":"https:\/\/tralleskop.com\/#\/schema\/person\/fc12bc0105f8c38d47c414977faf5aa1","name":"furkankural","image":{"@type":"ImageObject","inLanguage":"tr","@id":"https:\/\/secure.gravatar.com\/avatar\/b254b150a2c3c00063e72eb3ded536d7e5bd4008adc46ecd1ef3c8f0c02f310e?s=96&d=mm&r=g","url":"https:\/\/secure.gravatar.com\/avatar\/b254b150a2c3c00063e72eb3ded536d7e5bd4008adc46ecd1ef3c8f0c02f310e?s=96&d=mm&r=g","contentUrl":"https:\/\/secure.gravatar.com\/avatar\/b254b150a2c3c00063e72eb3ded536d7e5bd4008adc46ecd1ef3c8f0c02f310e?s=96&d=mm&r=g","caption":"furkankural"},"sameAs":["https:\/\/tralleskop.com"],"url":"https:\/\/tralleskop.com\/index.php\/author\/furkankural\/"}]}},"jetpack_featured_media_url":"https:\/\/tralleskop.com\/wp-content\/uploads\/2026\/03\/AA1ZvVxD.png","_links":{"self":[{"href":"https:\/\/tralleskop.com\/index.php\/wp-json\/wp\/v2\/posts\/120","targetHints":{"allow":["GET"]}}],"collection":[{"href":"https:\/\/tralleskop.com\/index.php\/wp-json\/wp\/v2\/posts"}],"about":[{"href":"https:\/\/tralleskop.com\/index.php\/wp-json\/wp\/v2\/types\/post"}],"author":[{"embeddable":true,"href":"https:\/\/tralleskop.com\/index.php\/wp-json\/wp\/v2\/users\/1"}],"replies":[{"embeddable":true,"href":"https:\/\/tralleskop.com\/index.php\/wp-json\/wp\/v2\/comments?post=120"}],"version-history":[{"count":1,"href":"https:\/\/tralleskop.com\/index.php\/wp-json\/wp\/v2\/posts\/120\/revisions"}],"predecessor-version":[{"id":122,"href":"https:\/\/tralleskop.com\/index.php\/wp-json\/wp\/v2\/posts\/120\/revisions\/122"}],"wp:featuredmedia":[{"embeddable":true,"href":"https:\/\/tralleskop.com\/index.php\/wp-json\/wp\/v2\/media\/43"}],"wp:attachment":[{"href":"https:\/\/tralleskop.com\/index.php\/wp-json\/wp\/v2\/media?parent=120"}],"wp:term":[{"taxonomy":"category","embeddable":true,"href":"https:\/\/tralleskop.com\/index.php\/wp-json\/wp\/v2\/categories?post=120"},{"taxonomy":"post_tag","embeddable":true,"href":"https:\/\/tralleskop.com\/index.php\/wp-json\/wp\/v2\/tags?post=120"}],"curies":[{"name":"wp","href":"https:\/\/api.w.org\/{rel}","templated":true}]}}