{"id":118,"date":"2026-04-19T13:16:04","date_gmt":"2026-04-19T10:16:04","guid":{"rendered":"http:\/\/localhost\/wordpress\/index.php\/2026\/04\/19\/kuresel-isinma-alarmi-sicaklik-rekorlari-kiriliyor\/"},"modified":"2026-04-19T13:16:04","modified_gmt":"2026-04-19T10:16:04","slug":"kuresel-isinma-alarmi-sicaklik-rekorlari-kiriliyor","status":"publish","type":"post","link":"https:\/\/tralleskop.com\/index.php\/2026\/04\/19\/kuresel-isinma-alarmi-sicaklik-rekorlari-kiriliyor\/","title":{"rendered":"K\u00fcresel Is\u0131nma Alarm\u0131: S\u0131cakl\u0131k Rekorlar\u0131 K\u0131r\u0131l\u0131yor"},"content":{"rendered":"<p>D\u00fcnya Meteoroloji \u00d6rg\u00fct\u00fc (WMO) taraf\u0131ndan yay\u0131mlanan son rapora g\u00f6re, bu yaz k\u00fcresel s\u0131cakl\u0131k ortalamalar\u0131 t\u00fcm zamanlar\u0131n en y\u00fcksek seviyesine ula\u015ft\u0131. A\u015f\u0131r\u0131 s\u0131caklar bir\u00e7ok k\u0131tada orman yang\u0131nlar\u0131na ve kurakl\u0131\u011fa neden olurken, uzmanlar karbon emisyonlar\u0131n\u0131n acilen d\u00fc\u015f\u00fcr\u00fclmesi gerekti\u011fi konusunda t\u00fcm d\u00fcnya \u00fclkelerine \u00e7a\u011fr\u0131da bulundu.<\/p>\n","protected":false},"excerpt":{"rendered":"<p>D\u00fcnya Meteoroloji \u00d6rg\u00fct\u00fc (WMO) taraf\u0131ndan yay\u0131mlanan son rapora g\u00f6re, bu yaz k\u00fcresel s\u0131cakl\u0131k ortalamalar\u0131 t\u00fcm zamanlar\u0131n en y\u00fcksek seviyesine ula\u015ft\u0131. A\u015f\u0131r\u0131 s\u0131caklar bir\u00e7ok k\u0131tada orman yang\u0131nlar\u0131na ve kurakl\u0131\u011fa neden olurken, uzmanlar karbon emisyonlar\u0131n\u0131n acilen d\u00fc\u015f\u00fcr\u00fclmesi gerekti\u011fi konusunda t\u00fcm d\u00fcnya \u00fclkelerine \u00e7a\u011fr\u0131da bulundu.<\/p>\n","protected":false},"author":1,"featured_media":48,"comment_status":"open","ping_status":"open","sticky":false,"template":"","format":"standard","meta":{"_coblocks_attr":"","_coblocks_dimensions":"","_coblocks_responsive_height":"","_coblocks_accordion_ie_support":"","_ai_summary":"","_external_image_url":"","footnotes":""},"categories":[5,54],"tags":[],"class_list":["post-118","post","type-post","status-publish","format-standard","has-post-thumbnail","hentry","category-dunya","category-manset"],"yoast_head":"<!-- This site is optimized with the Yoast SEO plugin v27.5 - https:\/\/yoast.com\/product\/yoast-seo-wordpress\/ -->\n<title>K\u00fcresel Is\u0131nma Alarm\u0131: S\u0131cakl\u0131k Rekorlar\u0131 K\u0131r\u0131l\u0131yor - Tralleskop<\/title>\n<meta name=\"robots\" content=\"index, follow, max-snippet:-1, max-image-preview:large, max-video-preview:-1\" \/>\n<link rel=\"canonical\" href=\"https:\/\/tralleskop.com\/index.php\/2026\/04\/19\/kuresel-isinma-alarmi-sicaklik-rekorlari-kiriliyor\/\" \/>\n<meta property=\"og:locale\" content=\"tr_TR\" \/>\n<meta property=\"og:type\" content=\"article\" \/>\n<meta property=\"og:title\" content=\"K\u00fcresel Is\u0131nma Alarm\u0131: S\u0131cakl\u0131k Rekorlar\u0131 K\u0131r\u0131l\u0131yor - Tralleskop\" \/>\n<meta property=\"og:description\" content=\"D\u00fcnya Meteoroloji \u00d6rg\u00fct\u00fc (WMO) taraf\u0131ndan yay\u0131mlanan son rapora g\u00f6re, bu yaz k\u00fcresel s\u0131cakl\u0131k ortalamalar\u0131 t\u00fcm zamanlar\u0131n en y\u00fcksek seviyesine ula\u015ft\u0131. A\u015f\u0131r\u0131 s\u0131caklar bir\u00e7ok k\u0131tada orman yang\u0131nlar\u0131na ve kurakl\u0131\u011fa neden olurken, uzmanlar karbon emisyonlar\u0131n\u0131n acilen d\u00fc\u015f\u00fcr\u00fclmesi gerekti\u011fi konusunda t\u00fcm d\u00fcnya \u00fclkelerine \u00e7a\u011fr\u0131da bulundu.\" \/>\n<meta property=\"og:url\" content=\"https:\/\/tralleskop.com\/index.php\/2026\/04\/19\/kuresel-isinma-alarmi-sicaklik-rekorlari-kiriliyor\/\" \/>\n<meta property=\"og:site_name\" content=\"Tralleskop\" \/>\n<meta property=\"article:published_time\" content=\"2026-04-19T10:16:04+00:00\" \/>\n<meta name=\"author\" content=\"furkankural\" \/>\n<meta name=\"twitter:card\" content=\"summary_large_image\" \/>\n<meta name=\"twitter:label1\" content=\"Yazan:\" \/>\n\t<meta name=\"twitter:data1\" content=\"furkankural\" \/>\n<script type=\"application\/ld+json\" class=\"yoast-schema-graph\">{\"@context\":\"https:\\\/\\\/schema.org\",\"@graph\":[{\"@type\":\"Article\",\"@id\":\"https:\\\/\\\/tralleskop.com\\\/index.php\\\/2026\\\/04\\\/19\\\/kuresel-isinma-alarmi-sicaklik-rekorlari-kiriliyor\\\/#article\",\"isPartOf\":{\"@id\":\"https:\\\/\\\/tralleskop.com\\\/index.php\\\/2026\\\/04\\\/19\\\/kuresel-isinma-alarmi-sicaklik-rekorlari-kiriliyor\\\/\"},\"author\":{\"name\":\"furkankural\",\"@id\":\"https:\\\/\\\/tralleskop.com\\\/#\\\/schema\\\/person\\\/fc12bc0105f8c38d47c414977faf5aa1\"},\"headline\":\"K\u00fcresel Is\u0131nma Alarm\u0131: S\u0131cakl\u0131k Rekorlar\u0131 K\u0131r\u0131l\u0131yor\",\"datePublished\":\"2026-04-19T10:16:04+00:00\",\"mainEntityOfPage\":{\"@id\":\"https:\\\/\\\/tralleskop.com\\\/index.php\\\/2026\\\/04\\\/19\\\/kuresel-isinma-alarmi-sicaklik-rekorlari-kiriliyor\\\/\"},\"wordCount\":83,\"commentCount\":0,\"publisher\":{\"@id\":\"https:\\\/\\\/tralleskop.com\\\/#organization\"},\"image\":{\"@id\":\"https:\\\/\\\/tralleskop.com\\\/index.php\\\/2026\\\/04\\\/19\\\/kuresel-isinma-alarmi-sicaklik-rekorlari-kiriliyor\\\/#primaryimage\"},\"thumbnailUrl\":\"https:\\\/\\\/tralleskop.com\\\/wp-content\\\/uploads\\\/2026\\\/03\\\/0ac76d6b-9754-4456-8050-069a532ee730.webp\",\"articleSection\":[\"d\u00fcnya\",\"Man\u015fet\"],\"inLanguage\":\"tr\",\"potentialAction\":[{\"@type\":\"CommentAction\",\"name\":\"Comment\",\"target\":[\"https:\\\/\\\/tralleskop.com\\\/index.php\\\/2026\\\/04\\\/19\\\/kuresel-isinma-alarmi-sicaklik-rekorlari-kiriliyor\\\/#respond\"]}]},{\"@type\":\"WebPage\",\"@id\":\"https:\\\/\\\/tralleskop.com\\\/index.php\\\/2026\\\/04\\\/19\\\/kuresel-isinma-alarmi-sicaklik-rekorlari-kiriliyor\\\/\",\"url\":\"https:\\\/\\\/tralleskop.com\\\/index.php\\\/2026\\\/04\\\/19\\\/kuresel-isinma-alarmi-sicaklik-rekorlari-kiriliyor\\\/\",\"name\":\"K\u00fcresel Is\u0131nma Alarm\u0131: S\u0131cakl\u0131k Rekorlar\u0131 K\u0131r\u0131l\u0131yor - Tralleskop\",\"isPartOf\":{\"@id\":\"https:\\\/\\\/tralleskop.com\\\/#website\"},\"primaryImageOfPage\":{\"@id\":\"https:\\\/\\\/tralleskop.com\\\/index.php\\\/2026\\\/04\\\/19\\\/kuresel-isinma-alarmi-sicaklik-rekorlari-kiriliyor\\\/#primaryimage\"},\"image\":{\"@id\":\"https:\\\/\\\/tralleskop.com\\\/index.php\\\/2026\\\/04\\\/19\\\/kuresel-isinma-alarmi-sicaklik-rekorlari-kiriliyor\\\/#primaryimage\"},\"thumbnailUrl\":\"https:\\\/\\\/tralleskop.com\\\/wp-content\\\/uploads\\\/2026\\\/03\\\/0ac76d6b-9754-4456-8050-069a532ee730.webp\",\"datePublished\":\"2026-04-19T10:16:04+00:00\",\"breadcrumb\":{\"@id\":\"https:\\\/\\\/tralleskop.com\\\/index.php\\\/2026\\\/04\\\/19\\\/kuresel-isinma-alarmi-sicaklik-rekorlari-kiriliyor\\\/#breadcrumb\"},\"inLanguage\":\"tr\",\"potentialAction\":[{\"@type\":\"ReadAction\",\"target\":[\"https:\\\/\\\/tralleskop.com\\\/index.php\\\/2026\\\/04\\\/19\\\/kuresel-isinma-alarmi-sicaklik-rekorlari-kiriliyor\\\/\"]}]},{\"@type\":\"ImageObject\",\"inLanguage\":\"tr\",\"@id\":\"https:\\\/\\\/tralleskop.com\\\/index.php\\\/2026\\\/04\\\/19\\\/kuresel-isinma-alarmi-sicaklik-rekorlari-kiriliyor\\\/#primaryimage\",\"url\":\"https:\\\/\\\/tralleskop.com\\\/wp-content\\\/uploads\\\/2026\\\/03\\\/0ac76d6b-9754-4456-8050-069a532ee730.webp\",\"contentUrl\":\"https:\\\/\\\/tralleskop.com\\\/wp-content\\\/uploads\\\/2026\\\/03\\\/0ac76d6b-9754-4456-8050-069a532ee730.webp\",\"width\":1152,\"height\":866},{\"@type\":\"BreadcrumbList\",\"@id\":\"https:\\\/\\\/tralleskop.com\\\/index.php\\\/2026\\\/04\\\/19\\\/kuresel-isinma-alarmi-sicaklik-rekorlari-kiriliyor\\\/#breadcrumb\",\"itemListElement\":[{\"@type\":\"ListItem\",\"position\":1,\"name\":\"Anasayfa\",\"item\":\"https:\\\/\\\/tralleskop.com\\\/\"},{\"@type\":\"ListItem\",\"position\":2,\"name\":\"K\u00fcresel Is\u0131nma Alarm\u0131: S\u0131cakl\u0131k Rekorlar\u0131 K\u0131r\u0131l\u0131yor\"}]},{\"@type\":\"WebSite\",\"@id\":\"https:\\\/\\\/tralleskop.com\\\/#website\",\"url\":\"https:\\\/\\\/tralleskop.com\\\/\",\"name\":\"Tralleskop\",\"description\":\"\",\"publisher\":{\"@id\":\"https:\\\/\\\/tralleskop.com\\\/#organization\"},\"potentialAction\":[{\"@type\":\"SearchAction\",\"target\":{\"@type\":\"EntryPoint\",\"urlTemplate\":\"https:\\\/\\\/tralleskop.com\\\/?s={search_term_string}\"},\"query-input\":{\"@type\":\"PropertyValueSpecification\",\"valueRequired\":true,\"valueName\":\"search_term_string\"}}],\"inLanguage\":\"tr\"},{\"@type\":\"Organization\",\"@id\":\"https:\\\/\\\/tralleskop.com\\\/#organization\",\"name\":\"Tralleskop\",\"url\":\"https:\\\/\\\/tralleskop.com\\\/\",\"logo\":{\"@type\":\"ImageObject\",\"inLanguage\":\"tr\",\"@id\":\"https:\\\/\\\/tralleskop.com\\\/#\\\/schema\\\/logo\\\/image\\\/\",\"url\":\"https:\\\/\\\/tralleskop.com\\\/wp-content\\\/uploads\\\/2026\\\/03\\\/logo-1.png\",\"contentUrl\":\"https:\\\/\\\/tralleskop.com\\\/wp-content\\\/uploads\\\/2026\\\/03\\\/logo-1.png\",\"width\":2048,\"height\":2048,\"caption\":\"Tralleskop\"},\"image\":{\"@id\":\"https:\\\/\\\/tralleskop.com\\\/#\\\/schema\\\/logo\\\/image\\\/\"},\"sameAs\":[\"https:\\\/\\\/instagram.com\\\/tralleskop\"]},{\"@type\":\"Person\",\"@id\":\"https:\\\/\\\/tralleskop.com\\\/#\\\/schema\\\/person\\\/fc12bc0105f8c38d47c414977faf5aa1\",\"name\":\"furkankural\",\"image\":{\"@type\":\"ImageObject\",\"inLanguage\":\"tr\",\"@id\":\"https:\\\/\\\/secure.gravatar.com\\\/avatar\\\/b254b150a2c3c00063e72eb3ded536d7e5bd4008adc46ecd1ef3c8f0c02f310e?s=96&d=mm&r=g\",\"url\":\"https:\\\/\\\/secure.gravatar.com\\\/avatar\\\/b254b150a2c3c00063e72eb3ded536d7e5bd4008adc46ecd1ef3c8f0c02f310e?s=96&d=mm&r=g\",\"contentUrl\":\"https:\\\/\\\/secure.gravatar.com\\\/avatar\\\/b254b150a2c3c00063e72eb3ded536d7e5bd4008adc46ecd1ef3c8f0c02f310e?s=96&d=mm&r=g\",\"caption\":\"furkankural\"},\"sameAs\":[\"https:\\\/\\\/tralleskop.com\"],\"url\":\"https:\\\/\\\/tralleskop.com\\\/index.php\\\/author\\\/furkankural\\\/\"}]}<\/script>\n<!-- \/ Yoast SEO plugin. -->","yoast_head_json":{"title":"K\u00fcresel Is\u0131nma Alarm\u0131: S\u0131cakl\u0131k Rekorlar\u0131 K\u0131r\u0131l\u0131yor - Tralleskop","robots":{"index":"index","follow":"follow","max-snippet":"max-snippet:-1","max-image-preview":"max-image-preview:large","max-video-preview":"max-video-preview:-1"},"canonical":"https:\/\/tralleskop.com\/index.php\/2026\/04\/19\/kuresel-isinma-alarmi-sicaklik-rekorlari-kiriliyor\/","og_locale":"tr_TR","og_type":"article","og_title":"K\u00fcresel Is\u0131nma Alarm\u0131: S\u0131cakl\u0131k Rekorlar\u0131 K\u0131r\u0131l\u0131yor - Tralleskop","og_description":"D\u00fcnya Meteoroloji \u00d6rg\u00fct\u00fc (WMO) taraf\u0131ndan yay\u0131mlanan son rapora g\u00f6re, bu yaz k\u00fcresel s\u0131cakl\u0131k ortalamalar\u0131 t\u00fcm zamanlar\u0131n en y\u00fcksek seviyesine ula\u015ft\u0131. A\u015f\u0131r\u0131 s\u0131caklar bir\u00e7ok k\u0131tada orman yang\u0131nlar\u0131na ve kurakl\u0131\u011fa neden olurken, uzmanlar karbon emisyonlar\u0131n\u0131n acilen d\u00fc\u015f\u00fcr\u00fclmesi gerekti\u011fi konusunda t\u00fcm d\u00fcnya \u00fclkelerine \u00e7a\u011fr\u0131da bulundu.","og_url":"https:\/\/tralleskop.com\/index.php\/2026\/04\/19\/kuresel-isinma-alarmi-sicaklik-rekorlari-kiriliyor\/","og_site_name":"Tralleskop","article_published_time":"2026-04-19T10:16:04+00:00","author":"furkankural","twitter_card":"summary_large_image","twitter_misc":{"Yazan:":"furkankural"},"schema":{"@context":"https:\/\/schema.org","@graph":[{"@type":"Article","@id":"https:\/\/tralleskop.com\/index.php\/2026\/04\/19\/kuresel-isinma-alarmi-sicaklik-rekorlari-kiriliyor\/#article","isPartOf":{"@id":"https:\/\/tralleskop.com\/index.php\/2026\/04\/19\/kuresel-isinma-alarmi-sicaklik-rekorlari-kiriliyor\/"},"author":{"name":"furkankural","@id":"https:\/\/tralleskop.com\/#\/schema\/person\/fc12bc0105f8c38d47c414977faf5aa1"},"headline":"K\u00fcresel Is\u0131nma Alarm\u0131: S\u0131cakl\u0131k Rekorlar\u0131 K\u0131r\u0131l\u0131yor","datePublished":"2026-04-19T10:16:04+00:00","mainEntityOfPage":{"@id":"https:\/\/tralleskop.com\/index.php\/2026\/04\/19\/kuresel-isinma-alarmi-sicaklik-rekorlari-kiriliyor\/"},"wordCount":83,"commentCount":0,"publisher":{"@id":"https:\/\/tralleskop.com\/#organization"},"image":{"@id":"https:\/\/tralleskop.com\/index.php\/2026\/04\/19\/kuresel-isinma-alarmi-sicaklik-rekorlari-kiriliyor\/#primaryimage"},"thumbnailUrl":"https:\/\/tralleskop.com\/wp-content\/uploads\/2026\/03\/0ac76d6b-9754-4456-8050-069a532ee730.webp","articleSection":["d\u00fcnya","Man\u015fet"],"inLanguage":"tr","potentialAction":[{"@type":"CommentAction","name":"Comment","target":["https:\/\/tralleskop.com\/index.php\/2026\/04\/19\/kuresel-isinma-alarmi-sicaklik-rekorlari-kiriliyor\/#respond"]}]},{"@type":"WebPage","@id":"https:\/\/tralleskop.com\/index.php\/2026\/04\/19\/kuresel-isinma-alarmi-sicaklik-rekorlari-kiriliyor\/","url":"https:\/\/tralleskop.com\/index.php\/2026\/04\/19\/kuresel-isinma-alarmi-sicaklik-rekorlari-kiriliyor\/","name":"K\u00fcresel Is\u0131nma Alarm\u0131: S\u0131cakl\u0131k Rekorlar\u0131 K\u0131r\u0131l\u0131yor - Tralleskop","isPartOf":{"@id":"https:\/\/tralleskop.com\/#website"},"primaryImageOfPage":{"@id":"https:\/\/tralleskop.com\/index.php\/2026\/04\/19\/kuresel-isinma-alarmi-sicaklik-rekorlari-kiriliyor\/#primaryimage"},"image":{"@id":"https:\/\/tralleskop.com\/index.php\/2026\/04\/19\/kuresel-isinma-alarmi-sicaklik-rekorlari-kiriliyor\/#primaryimage"},"thumbnailUrl":"https:\/\/tralleskop.com\/wp-content\/uploads\/2026\/03\/0ac76d6b-9754-4456-8050-069a532ee730.webp","datePublished":"2026-04-19T10:16:04+00:00","breadcrumb":{"@id":"https:\/\/tralleskop.com\/index.php\/2026\/04\/19\/kuresel-isinma-alarmi-sicaklik-rekorlari-kiriliyor\/#breadcrumb"},"inLanguage":"tr","potentialAction":[{"@type":"ReadAction","target":["https:\/\/tralleskop.com\/index.php\/2026\/04\/19\/kuresel-isinma-alarmi-sicaklik-rekorlari-kiriliyor\/"]}]},{"@type":"ImageObject","inLanguage":"tr","@id":"https:\/\/tralleskop.com\/index.php\/2026\/04\/19\/kuresel-isinma-alarmi-sicaklik-rekorlari-kiriliyor\/#primaryimage","url":"https:\/\/tralleskop.com\/wp-content\/uploads\/2026\/03\/0ac76d6b-9754-4456-8050-069a532ee730.webp","contentUrl":"https:\/\/tralleskop.com\/wp-content\/uploads\/2026\/03\/0ac76d6b-9754-4456-8050-069a532ee730.webp","width":1152,"height":866},{"@type":"BreadcrumbList","@id":"https:\/\/tralleskop.com\/index.php\/2026\/04\/19\/kuresel-isinma-alarmi-sicaklik-rekorlari-kiriliyor\/#breadcrumb","itemListElement":[{"@type":"ListItem","position":1,"name":"Anasayfa","item":"https:\/\/tralleskop.com\/"},{"@type":"ListItem","position":2,"name":"K\u00fcresel Is\u0131nma Alarm\u0131: S\u0131cakl\u0131k Rekorlar\u0131 K\u0131r\u0131l\u0131yor"}]},{"@type":"WebSite","@id":"https:\/\/tralleskop.com\/#website","url":"https:\/\/tralleskop.com\/","name":"Tralleskop","description":"","publisher":{"@id":"https:\/\/tralleskop.com\/#organization"},"potentialAction":[{"@type":"SearchAction","target":{"@type":"EntryPoint","urlTemplate":"https:\/\/tralleskop.com\/?s={search_term_string}"},"query-input":{"@type":"PropertyValueSpecification","valueRequired":true,"valueName":"search_term_string"}}],"inLanguage":"tr"},{"@type":"Organization","@id":"https:\/\/tralleskop.com\/#organization","name":"Tralleskop","url":"https:\/\/tralleskop.com\/","logo":{"@type":"ImageObject","inLanguage":"tr","@id":"https:\/\/tralleskop.com\/#\/schema\/logo\/image\/","url":"https:\/\/tralleskop.com\/wp-content\/uploads\/2026\/03\/logo-1.png","contentUrl":"https:\/\/tralleskop.com\/wp-content\/uploads\/2026\/03\/logo-1.png","width":2048,"height":2048,"caption":"Tralleskop"},"image":{"@id":"https:\/\/tralleskop.com\/#\/schema\/logo\/image\/"},"sameAs":["https:\/\/instagram.com\/tralleskop"]},{"@type":"Person","@id":"https:\/\/tralleskop.com\/#\/schema\/person\/fc12bc0105f8c38d47c414977faf5aa1","name":"furkankural","image":{"@type":"ImageObject","inLanguage":"tr","@id":"https:\/\/secure.gravatar.com\/avatar\/b254b150a2c3c00063e72eb3ded536d7e5bd4008adc46ecd1ef3c8f0c02f310e?s=96&d=mm&r=g","url":"https:\/\/secure.gravatar.com\/avatar\/b254b150a2c3c00063e72eb3ded536d7e5bd4008adc46ecd1ef3c8f0c02f310e?s=96&d=mm&r=g","contentUrl":"https:\/\/secure.gravatar.com\/avatar\/b254b150a2c3c00063e72eb3ded536d7e5bd4008adc46ecd1ef3c8f0c02f310e?s=96&d=mm&r=g","caption":"furkankural"},"sameAs":["https:\/\/tralleskop.com"],"url":"https:\/\/tralleskop.com\/index.php\/author\/furkankural\/"}]}},"jetpack_featured_media_url":"https:\/\/tralleskop.com\/wp-content\/uploads\/2026\/03\/0ac76d6b-9754-4456-8050-069a532ee730.webp","_links":{"self":[{"href":"https:\/\/tralleskop.com\/index.php\/wp-json\/wp\/v2\/posts\/118","targetHints":{"allow":["GET"]}}],"collection":[{"href":"https:\/\/tralleskop.com\/index.php\/wp-json\/wp\/v2\/posts"}],"about":[{"href":"https:\/\/tralleskop.com\/index.php\/wp-json\/wp\/v2\/types\/post"}],"author":[{"embeddable":true,"href":"https:\/\/tralleskop.com\/index.php\/wp-json\/wp\/v2\/users\/1"}],"replies":[{"embeddable":true,"href":"https:\/\/tralleskop.com\/index.php\/wp-json\/wp\/v2\/comments?post=118"}],"version-history":[{"count":0,"href":"https:\/\/tralleskop.com\/index.php\/wp-json\/wp\/v2\/posts\/118\/revisions"}],"wp:featuredmedia":[{"embeddable":true,"href":"https:\/\/tralleskop.com\/index.php\/wp-json\/wp\/v2\/media\/48"}],"wp:attachment":[{"href":"https:\/\/tralleskop.com\/index.php\/wp-json\/wp\/v2\/media?parent=118"}],"wp:term":[{"taxonomy":"category","embeddable":true,"href":"https:\/\/tralleskop.com\/index.php\/wp-json\/wp\/v2\/categories?post=118"},{"taxonomy":"post_tag","embeddable":true,"href":"https:\/\/tralleskop.com\/index.php\/wp-json\/wp\/v2\/tags?post=118"}],"curies":[{"name":"wp","href":"https:\/\/api.w.org\/{rel}","templated":true}]}}