{"id":117,"date":"2026-04-19T13:16:03","date_gmt":"2026-04-19T10:16:03","guid":{"rendered":"http:\/\/localhost\/wordpress\/index.php\/2026\/04\/19\/tarihi-kesif-gobeklitepede-yeni-tapinak-kalintilari-bulundu\/"},"modified":"2026-04-19T13:16:03","modified_gmt":"2026-04-19T10:16:03","slug":"tarihi-kesif-gobeklitepede-yeni-tapinak-kalintilari-bulundu","status":"publish","type":"post","link":"https:\/\/tralleskop.com\/index.php\/2026\/04\/19\/tarihi-kesif-gobeklitepede-yeni-tapinak-kalintilari-bulundu\/","title":{"rendered":"Tarihi Ke\u015fif: G\u00f6beklitepe&#8217;de Yeni Tap\u0131nak Kal\u0131nt\u0131lar\u0131 Bulundu"},"content":{"rendered":"<p>\u0130nsanl\u0131k tarihini yeniden yazd\u0131ran G\u00f6beklitepe&#8217;de y\u00fcr\u00fct\u00fclen kaz\u0131 \u00e7al\u0131\u015fmalar\u0131nda heyecan verici yeni bulgulara ula\u015f\u0131ld\u0131. Arkeologlar, ana tap\u0131nak kompleksinin hemen yan\u0131nda daha \u00f6nce bilinmeyen yeni bir yap\u0131 kompleksi ortaya \u00e7\u0131kard\u0131. Yeni bulunan dikilita\u015flardaki motifler, d\u00f6nemin inan\u00e7 sistemine dair ezber bozacak nitelikte.<\/p>\n","protected":false},"excerpt":{"rendered":"<p>\u0130nsanl\u0131k tarihini yeniden yazd\u0131ran G\u00f6beklitepe&#8217;de y\u00fcr\u00fct\u00fclen kaz\u0131 \u00e7al\u0131\u015fmalar\u0131nda heyecan verici yeni bulgulara ula\u015f\u0131ld\u0131. Arkeologlar, ana tap\u0131nak kompleksinin hemen yan\u0131nda daha \u00f6nce bilinmeyen yeni bir yap\u0131 kompleksi ortaya \u00e7\u0131kard\u0131. Yeni bulunan dikilita\u015flardaki motifler, d\u00f6nemin inan\u00e7 sistemine dair ezber bozacak nitelikte.<\/p>\n","protected":false},"author":1,"featured_media":41,"comment_status":"open","ping_status":"open","sticky":false,"template":"","format":"standard","meta":{"_coblocks_attr":"","_coblocks_dimensions":"","_coblocks_responsive_height":"","_coblocks_accordion_ie_support":"","_ai_summary":"","_external_image_url":"","footnotes":""},"categories":[22,54],"tags":[],"class_list":["post-117","post","type-post","status-publish","format-standard","has-post-thumbnail","hentry","category-gundem","category-manset"],"yoast_head":"<!-- This site is optimized with the Yoast SEO plugin v27.5 - https:\/\/yoast.com\/product\/yoast-seo-wordpress\/ -->\n<title>Tarihi Ke\u015fif: G\u00f6beklitepe&#039;de Yeni Tap\u0131nak Kal\u0131nt\u0131lar\u0131 Bulundu - Tralleskop<\/title>\n<meta name=\"robots\" content=\"index, follow, max-snippet:-1, max-image-preview:large, max-video-preview:-1\" \/>\n<link rel=\"canonical\" href=\"https:\/\/tralleskop.com\/index.php\/2026\/04\/19\/tarihi-kesif-gobeklitepede-yeni-tapinak-kalintilari-bulundu\/\" \/>\n<meta property=\"og:locale\" content=\"tr_TR\" \/>\n<meta property=\"og:type\" content=\"article\" \/>\n<meta property=\"og:title\" content=\"Tarihi Ke\u015fif: G\u00f6beklitepe&#039;de Yeni Tap\u0131nak Kal\u0131nt\u0131lar\u0131 Bulundu - Tralleskop\" \/>\n<meta property=\"og:description\" content=\"\u0130nsanl\u0131k tarihini yeniden yazd\u0131ran G\u00f6beklitepe&#8217;de y\u00fcr\u00fct\u00fclen kaz\u0131 \u00e7al\u0131\u015fmalar\u0131nda heyecan verici yeni bulgulara ula\u015f\u0131ld\u0131. Arkeologlar, ana tap\u0131nak kompleksinin hemen yan\u0131nda daha \u00f6nce bilinmeyen yeni bir yap\u0131 kompleksi ortaya \u00e7\u0131kard\u0131. Yeni bulunan dikilita\u015flardaki motifler, d\u00f6nemin inan\u00e7 sistemine dair ezber bozacak nitelikte.\" \/>\n<meta property=\"og:url\" content=\"https:\/\/tralleskop.com\/index.php\/2026\/04\/19\/tarihi-kesif-gobeklitepede-yeni-tapinak-kalintilari-bulundu\/\" \/>\n<meta property=\"og:site_name\" content=\"Tralleskop\" \/>\n<meta property=\"article:published_time\" content=\"2026-04-19T10:16:03+00:00\" \/>\n<meta name=\"author\" content=\"furkankural\" \/>\n<meta name=\"twitter:card\" content=\"summary_large_image\" \/>\n<meta name=\"twitter:label1\" content=\"Yazan:\" \/>\n\t<meta name=\"twitter:data1\" content=\"furkankural\" \/>\n<script type=\"application\/ld+json\" class=\"yoast-schema-graph\">{\"@context\":\"https:\\\/\\\/schema.org\",\"@graph\":[{\"@type\":\"Article\",\"@id\":\"https:\\\/\\\/tralleskop.com\\\/index.php\\\/2026\\\/04\\\/19\\\/tarihi-kesif-gobeklitepede-yeni-tapinak-kalintilari-bulundu\\\/#article\",\"isPartOf\":{\"@id\":\"https:\\\/\\\/tralleskop.com\\\/index.php\\\/2026\\\/04\\\/19\\\/tarihi-kesif-gobeklitepede-yeni-tapinak-kalintilari-bulundu\\\/\"},\"author\":{\"name\":\"furkankural\",\"@id\":\"https:\\\/\\\/tralleskop.com\\\/#\\\/schema\\\/person\\\/fc12bc0105f8c38d47c414977faf5aa1\"},\"headline\":\"Tarihi Ke\u015fif: G\u00f6beklitepe&#8217;de Yeni Tap\u0131nak Kal\u0131nt\u0131lar\u0131 Bulundu\",\"datePublished\":\"2026-04-19T10:16:03+00:00\",\"mainEntityOfPage\":{\"@id\":\"https:\\\/\\\/tralleskop.com\\\/index.php\\\/2026\\\/04\\\/19\\\/tarihi-kesif-gobeklitepede-yeni-tapinak-kalintilari-bulundu\\\/\"},\"wordCount\":66,\"commentCount\":0,\"publisher\":{\"@id\":\"https:\\\/\\\/tralleskop.com\\\/#organization\"},\"image\":{\"@id\":\"https:\\\/\\\/tralleskop.com\\\/index.php\\\/2026\\\/04\\\/19\\\/tarihi-kesif-gobeklitepede-yeni-tapinak-kalintilari-bulundu\\\/#primaryimage\"},\"thumbnailUrl\":\"https:\\\/\\\/tralleskop.com\\\/wp-content\\\/uploads\\\/2026\\\/03\\\/AA1ZwcJp.png\",\"articleSection\":[\"G\u00fcndem\",\"Man\u015fet\"],\"inLanguage\":\"tr\",\"potentialAction\":[{\"@type\":\"CommentAction\",\"name\":\"Comment\",\"target\":[\"https:\\\/\\\/tralleskop.com\\\/index.php\\\/2026\\\/04\\\/19\\\/tarihi-kesif-gobeklitepede-yeni-tapinak-kalintilari-bulundu\\\/#respond\"]}]},{\"@type\":\"WebPage\",\"@id\":\"https:\\\/\\\/tralleskop.com\\\/index.php\\\/2026\\\/04\\\/19\\\/tarihi-kesif-gobeklitepede-yeni-tapinak-kalintilari-bulundu\\\/\",\"url\":\"https:\\\/\\\/tralleskop.com\\\/index.php\\\/2026\\\/04\\\/19\\\/tarihi-kesif-gobeklitepede-yeni-tapinak-kalintilari-bulundu\\\/\",\"name\":\"Tarihi Ke\u015fif: G\u00f6beklitepe'de Yeni Tap\u0131nak Kal\u0131nt\u0131lar\u0131 Bulundu - Tralleskop\",\"isPartOf\":{\"@id\":\"https:\\\/\\\/tralleskop.com\\\/#website\"},\"primaryImageOfPage\":{\"@id\":\"https:\\\/\\\/tralleskop.com\\\/index.php\\\/2026\\\/04\\\/19\\\/tarihi-kesif-gobeklitepede-yeni-tapinak-kalintilari-bulundu\\\/#primaryimage\"},\"image\":{\"@id\":\"https:\\\/\\\/tralleskop.com\\\/index.php\\\/2026\\\/04\\\/19\\\/tarihi-kesif-gobeklitepede-yeni-tapinak-kalintilari-bulundu\\\/#primaryimage\"},\"thumbnailUrl\":\"https:\\\/\\\/tralleskop.com\\\/wp-content\\\/uploads\\\/2026\\\/03\\\/AA1ZwcJp.png\",\"datePublished\":\"2026-04-19T10:16:03+00:00\",\"breadcrumb\":{\"@id\":\"https:\\\/\\\/tralleskop.com\\\/index.php\\\/2026\\\/04\\\/19\\\/tarihi-kesif-gobeklitepede-yeni-tapinak-kalintilari-bulundu\\\/#breadcrumb\"},\"inLanguage\":\"tr\",\"potentialAction\":[{\"@type\":\"ReadAction\",\"target\":[\"https:\\\/\\\/tralleskop.com\\\/index.php\\\/2026\\\/04\\\/19\\\/tarihi-kesif-gobeklitepede-yeni-tapinak-kalintilari-bulundu\\\/\"]}]},{\"@type\":\"ImageObject\",\"inLanguage\":\"tr\",\"@id\":\"https:\\\/\\\/tralleskop.com\\\/index.php\\\/2026\\\/04\\\/19\\\/tarihi-kesif-gobeklitepede-yeni-tapinak-kalintilari-bulundu\\\/#primaryimage\",\"url\":\"https:\\\/\\\/tralleskop.com\\\/wp-content\\\/uploads\\\/2026\\\/03\\\/AA1ZwcJp.png\",\"contentUrl\":\"https:\\\/\\\/tralleskop.com\\\/wp-content\\\/uploads\\\/2026\\\/03\\\/AA1ZwcJp.png\",\"width\":640,\"height\":372},{\"@type\":\"BreadcrumbList\",\"@id\":\"https:\\\/\\\/tralleskop.com\\\/index.php\\\/2026\\\/04\\\/19\\\/tarihi-kesif-gobeklitepede-yeni-tapinak-kalintilari-bulundu\\\/#breadcrumb\",\"itemListElement\":[{\"@type\":\"ListItem\",\"position\":1,\"name\":\"Anasayfa\",\"item\":\"https:\\\/\\\/tralleskop.com\\\/\"},{\"@type\":\"ListItem\",\"position\":2,\"name\":\"Tarihi Ke\u015fif: G\u00f6beklitepe&#8217;de Yeni Tap\u0131nak Kal\u0131nt\u0131lar\u0131 Bulundu\"}]},{\"@type\":\"WebSite\",\"@id\":\"https:\\\/\\\/tralleskop.com\\\/#website\",\"url\":\"https:\\\/\\\/tralleskop.com\\\/\",\"name\":\"Tralleskop\",\"description\":\"\",\"publisher\":{\"@id\":\"https:\\\/\\\/tralleskop.com\\\/#organization\"},\"potentialAction\":[{\"@type\":\"SearchAction\",\"target\":{\"@type\":\"EntryPoint\",\"urlTemplate\":\"https:\\\/\\\/tralleskop.com\\\/?s={search_term_string}\"},\"query-input\":{\"@type\":\"PropertyValueSpecification\",\"valueRequired\":true,\"valueName\":\"search_term_string\"}}],\"inLanguage\":\"tr\"},{\"@type\":\"Organization\",\"@id\":\"https:\\\/\\\/tralleskop.com\\\/#organization\",\"name\":\"Tralleskop\",\"url\":\"https:\\\/\\\/tralleskop.com\\\/\",\"logo\":{\"@type\":\"ImageObject\",\"inLanguage\":\"tr\",\"@id\":\"https:\\\/\\\/tralleskop.com\\\/#\\\/schema\\\/logo\\\/image\\\/\",\"url\":\"https:\\\/\\\/tralleskop.com\\\/wp-content\\\/uploads\\\/2026\\\/03\\\/logo-1.png\",\"contentUrl\":\"https:\\\/\\\/tralleskop.com\\\/wp-content\\\/uploads\\\/2026\\\/03\\\/logo-1.png\",\"width\":2048,\"height\":2048,\"caption\":\"Tralleskop\"},\"image\":{\"@id\":\"https:\\\/\\\/tralleskop.com\\\/#\\\/schema\\\/logo\\\/image\\\/\"},\"sameAs\":[\"https:\\\/\\\/instagram.com\\\/tralleskop\"]},{\"@type\":\"Person\",\"@id\":\"https:\\\/\\\/tralleskop.com\\\/#\\\/schema\\\/person\\\/fc12bc0105f8c38d47c414977faf5aa1\",\"name\":\"furkankural\",\"image\":{\"@type\":\"ImageObject\",\"inLanguage\":\"tr\",\"@id\":\"https:\\\/\\\/secure.gravatar.com\\\/avatar\\\/b254b150a2c3c00063e72eb3ded536d7e5bd4008adc46ecd1ef3c8f0c02f310e?s=96&d=mm&r=g\",\"url\":\"https:\\\/\\\/secure.gravatar.com\\\/avatar\\\/b254b150a2c3c00063e72eb3ded536d7e5bd4008adc46ecd1ef3c8f0c02f310e?s=96&d=mm&r=g\",\"contentUrl\":\"https:\\\/\\\/secure.gravatar.com\\\/avatar\\\/b254b150a2c3c00063e72eb3ded536d7e5bd4008adc46ecd1ef3c8f0c02f310e?s=96&d=mm&r=g\",\"caption\":\"furkankural\"},\"sameAs\":[\"https:\\\/\\\/tralleskop.com\"],\"url\":\"https:\\\/\\\/tralleskop.com\\\/index.php\\\/author\\\/furkankural\\\/\"}]}<\/script>\n<!-- \/ Yoast SEO plugin. -->","yoast_head_json":{"title":"Tarihi Ke\u015fif: G\u00f6beklitepe'de Yeni Tap\u0131nak Kal\u0131nt\u0131lar\u0131 Bulundu - Tralleskop","robots":{"index":"index","follow":"follow","max-snippet":"max-snippet:-1","max-image-preview":"max-image-preview:large","max-video-preview":"max-video-preview:-1"},"canonical":"https:\/\/tralleskop.com\/index.php\/2026\/04\/19\/tarihi-kesif-gobeklitepede-yeni-tapinak-kalintilari-bulundu\/","og_locale":"tr_TR","og_type":"article","og_title":"Tarihi Ke\u015fif: G\u00f6beklitepe'de Yeni Tap\u0131nak Kal\u0131nt\u0131lar\u0131 Bulundu - Tralleskop","og_description":"\u0130nsanl\u0131k tarihini yeniden yazd\u0131ran G\u00f6beklitepe&#8217;de y\u00fcr\u00fct\u00fclen kaz\u0131 \u00e7al\u0131\u015fmalar\u0131nda heyecan verici yeni bulgulara ula\u015f\u0131ld\u0131. Arkeologlar, ana tap\u0131nak kompleksinin hemen yan\u0131nda daha \u00f6nce bilinmeyen yeni bir yap\u0131 kompleksi ortaya \u00e7\u0131kard\u0131. Yeni bulunan dikilita\u015flardaki motifler, d\u00f6nemin inan\u00e7 sistemine dair ezber bozacak nitelikte.","og_url":"https:\/\/tralleskop.com\/index.php\/2026\/04\/19\/tarihi-kesif-gobeklitepede-yeni-tapinak-kalintilari-bulundu\/","og_site_name":"Tralleskop","article_published_time":"2026-04-19T10:16:03+00:00","author":"furkankural","twitter_card":"summary_large_image","twitter_misc":{"Yazan:":"furkankural"},"schema":{"@context":"https:\/\/schema.org","@graph":[{"@type":"Article","@id":"https:\/\/tralleskop.com\/index.php\/2026\/04\/19\/tarihi-kesif-gobeklitepede-yeni-tapinak-kalintilari-bulundu\/#article","isPartOf":{"@id":"https:\/\/tralleskop.com\/index.php\/2026\/04\/19\/tarihi-kesif-gobeklitepede-yeni-tapinak-kalintilari-bulundu\/"},"author":{"name":"furkankural","@id":"https:\/\/tralleskop.com\/#\/schema\/person\/fc12bc0105f8c38d47c414977faf5aa1"},"headline":"Tarihi Ke\u015fif: G\u00f6beklitepe&#8217;de Yeni Tap\u0131nak Kal\u0131nt\u0131lar\u0131 Bulundu","datePublished":"2026-04-19T10:16:03+00:00","mainEntityOfPage":{"@id":"https:\/\/tralleskop.com\/index.php\/2026\/04\/19\/tarihi-kesif-gobeklitepede-yeni-tapinak-kalintilari-bulundu\/"},"wordCount":66,"commentCount":0,"publisher":{"@id":"https:\/\/tralleskop.com\/#organization"},"image":{"@id":"https:\/\/tralleskop.com\/index.php\/2026\/04\/19\/tarihi-kesif-gobeklitepede-yeni-tapinak-kalintilari-bulundu\/#primaryimage"},"thumbnailUrl":"https:\/\/tralleskop.com\/wp-content\/uploads\/2026\/03\/AA1ZwcJp.png","articleSection":["G\u00fcndem","Man\u015fet"],"inLanguage":"tr","potentialAction":[{"@type":"CommentAction","name":"Comment","target":["https:\/\/tralleskop.com\/index.php\/2026\/04\/19\/tarihi-kesif-gobeklitepede-yeni-tapinak-kalintilari-bulundu\/#respond"]}]},{"@type":"WebPage","@id":"https:\/\/tralleskop.com\/index.php\/2026\/04\/19\/tarihi-kesif-gobeklitepede-yeni-tapinak-kalintilari-bulundu\/","url":"https:\/\/tralleskop.com\/index.php\/2026\/04\/19\/tarihi-kesif-gobeklitepede-yeni-tapinak-kalintilari-bulundu\/","name":"Tarihi Ke\u015fif: G\u00f6beklitepe'de Yeni Tap\u0131nak Kal\u0131nt\u0131lar\u0131 Bulundu - Tralleskop","isPartOf":{"@id":"https:\/\/tralleskop.com\/#website"},"primaryImageOfPage":{"@id":"https:\/\/tralleskop.com\/index.php\/2026\/04\/19\/tarihi-kesif-gobeklitepede-yeni-tapinak-kalintilari-bulundu\/#primaryimage"},"image":{"@id":"https:\/\/tralleskop.com\/index.php\/2026\/04\/19\/tarihi-kesif-gobeklitepede-yeni-tapinak-kalintilari-bulundu\/#primaryimage"},"thumbnailUrl":"https:\/\/tralleskop.com\/wp-content\/uploads\/2026\/03\/AA1ZwcJp.png","datePublished":"2026-04-19T10:16:03+00:00","breadcrumb":{"@id":"https:\/\/tralleskop.com\/index.php\/2026\/04\/19\/tarihi-kesif-gobeklitepede-yeni-tapinak-kalintilari-bulundu\/#breadcrumb"},"inLanguage":"tr","potentialAction":[{"@type":"ReadAction","target":["https:\/\/tralleskop.com\/index.php\/2026\/04\/19\/tarihi-kesif-gobeklitepede-yeni-tapinak-kalintilari-bulundu\/"]}]},{"@type":"ImageObject","inLanguage":"tr","@id":"https:\/\/tralleskop.com\/index.php\/2026\/04\/19\/tarihi-kesif-gobeklitepede-yeni-tapinak-kalintilari-bulundu\/#primaryimage","url":"https:\/\/tralleskop.com\/wp-content\/uploads\/2026\/03\/AA1ZwcJp.png","contentUrl":"https:\/\/tralleskop.com\/wp-content\/uploads\/2026\/03\/AA1ZwcJp.png","width":640,"height":372},{"@type":"BreadcrumbList","@id":"https:\/\/tralleskop.com\/index.php\/2026\/04\/19\/tarihi-kesif-gobeklitepede-yeni-tapinak-kalintilari-bulundu\/#breadcrumb","itemListElement":[{"@type":"ListItem","position":1,"name":"Anasayfa","item":"https:\/\/tralleskop.com\/"},{"@type":"ListItem","position":2,"name":"Tarihi Ke\u015fif: G\u00f6beklitepe&#8217;de Yeni Tap\u0131nak Kal\u0131nt\u0131lar\u0131 Bulundu"}]},{"@type":"WebSite","@id":"https:\/\/tralleskop.com\/#website","url":"https:\/\/tralleskop.com\/","name":"Tralleskop","description":"","publisher":{"@id":"https:\/\/tralleskop.com\/#organization"},"potentialAction":[{"@type":"SearchAction","target":{"@type":"EntryPoint","urlTemplate":"https:\/\/tralleskop.com\/?s={search_term_string}"},"query-input":{"@type":"PropertyValueSpecification","valueRequired":true,"valueName":"search_term_string"}}],"inLanguage":"tr"},{"@type":"Organization","@id":"https:\/\/tralleskop.com\/#organization","name":"Tralleskop","url":"https:\/\/tralleskop.com\/","logo":{"@type":"ImageObject","inLanguage":"tr","@id":"https:\/\/tralleskop.com\/#\/schema\/logo\/image\/","url":"https:\/\/tralleskop.com\/wp-content\/uploads\/2026\/03\/logo-1.png","contentUrl":"https:\/\/tralleskop.com\/wp-content\/uploads\/2026\/03\/logo-1.png","width":2048,"height":2048,"caption":"Tralleskop"},"image":{"@id":"https:\/\/tralleskop.com\/#\/schema\/logo\/image\/"},"sameAs":["https:\/\/instagram.com\/tralleskop"]},{"@type":"Person","@id":"https:\/\/tralleskop.com\/#\/schema\/person\/fc12bc0105f8c38d47c414977faf5aa1","name":"furkankural","image":{"@type":"ImageObject","inLanguage":"tr","@id":"https:\/\/secure.gravatar.com\/avatar\/b254b150a2c3c00063e72eb3ded536d7e5bd4008adc46ecd1ef3c8f0c02f310e?s=96&d=mm&r=g","url":"https:\/\/secure.gravatar.com\/avatar\/b254b150a2c3c00063e72eb3ded536d7e5bd4008adc46ecd1ef3c8f0c02f310e?s=96&d=mm&r=g","contentUrl":"https:\/\/secure.gravatar.com\/avatar\/b254b150a2c3c00063e72eb3ded536d7e5bd4008adc46ecd1ef3c8f0c02f310e?s=96&d=mm&r=g","caption":"furkankural"},"sameAs":["https:\/\/tralleskop.com"],"url":"https:\/\/tralleskop.com\/index.php\/author\/furkankural\/"}]}},"jetpack_featured_media_url":"https:\/\/tralleskop.com\/wp-content\/uploads\/2026\/03\/AA1ZwcJp.png","_links":{"self":[{"href":"https:\/\/tralleskop.com\/index.php\/wp-json\/wp\/v2\/posts\/117","targetHints":{"allow":["GET"]}}],"collection":[{"href":"https:\/\/tralleskop.com\/index.php\/wp-json\/wp\/v2\/posts"}],"about":[{"href":"https:\/\/tralleskop.com\/index.php\/wp-json\/wp\/v2\/types\/post"}],"author":[{"embeddable":true,"href":"https:\/\/tralleskop.com\/index.php\/wp-json\/wp\/v2\/users\/1"}],"replies":[{"embeddable":true,"href":"https:\/\/tralleskop.com\/index.php\/wp-json\/wp\/v2\/comments?post=117"}],"version-history":[{"count":0,"href":"https:\/\/tralleskop.com\/index.php\/wp-json\/wp\/v2\/posts\/117\/revisions"}],"wp:featuredmedia":[{"embeddable":true,"href":"https:\/\/tralleskop.com\/index.php\/wp-json\/wp\/v2\/media\/41"}],"wp:attachment":[{"href":"https:\/\/tralleskop.com\/index.php\/wp-json\/wp\/v2\/media?parent=117"}],"wp:term":[{"taxonomy":"category","embeddable":true,"href":"https:\/\/tralleskop.com\/index.php\/wp-json\/wp\/v2\/categories?post=117"},{"taxonomy":"post_tag","embeddable":true,"href":"https:\/\/tralleskop.com\/index.php\/wp-json\/wp\/v2\/tags?post=117"}],"curies":[{"name":"wp","href":"https:\/\/api.w.org\/{rel}","templated":true}]}}