{"id":115,"date":"2026-04-19T13:16:03","date_gmt":"2026-04-19T10:16:03","guid":{"rendered":"http:\/\/localhost\/wordpress\/index.php\/2026\/04\/19\/derbide-nefes-kesen-mucadele-son-dakika-goluyle-gelen-galibiyet\/"},"modified":"2026-04-22T22:55:05","modified_gmt":"2026-04-22T19:55:05","slug":"derbide-nefes-kesen-mucadele-son-dakika-goluyle-gelen-galibiyet","status":"publish","type":"post","link":"https:\/\/tralleskop.com\/index.php\/2026\/04\/19\/derbide-nefes-kesen-mucadele-son-dakika-goluyle-gelen-galibiyet\/","title":{"rendered":"Derbide Nefes Kesen M\u00fccadele: Son Dakika Gol\u00fcyle Gelen Galibiyet!"},"content":{"rendered":"<p>S\u00fcper Lig&#8217;in dev derbisinde heyecan f\u0131rt\u0131nas\u0131 esti. \u0130ki ezeli rakibin kar\u015f\u0131 kar\u015f\u0131ya geldi\u011fi m\u00fccadelede 90 dakika boyunca gol sesi \u00e7\u0131kmad\u0131. Ancak uzatma dakikalar\u0131nda gelen harika bir serbest vuru\u015f gol\u00fc, stadyumu aya\u011fa kald\u0131rd\u0131. Teknik direkt\u00f6rlerin ma\u00e7 sonu a\u00e7\u0131klamalar\u0131 ve tart\u0131\u015fmal\u0131 pozisyonlar\u0131n analizi spor kamuoyunun g\u00fcndemine oturdu.<\/p>\n","protected":false},"excerpt":{"rendered":"<p>S\u00fcper Lig&#8217;in dev derbisinde heyecan f\u0131rt\u0131nas\u0131 esti. \u0130ki ezeli rakibin kar\u015f\u0131 kar\u015f\u0131ya geldi\u011fi m\u00fccadelede 90 dakika boyunca gol sesi \u00e7\u0131kmad\u0131. Ancak uzatma dakikalar\u0131nda gelen harika bir serbest vuru\u015f gol\u00fc, stadyumu aya\u011fa kald\u0131rd\u0131. Teknik direkt\u00f6rlerin ma\u00e7 sonu a\u00e7\u0131klamalar\u0131 ve tart\u0131\u015fmal\u0131 pozisyonlar\u0131n analizi spor kamuoyunun g\u00fcndemine oturdu.<\/p>\n","protected":false},"author":1,"featured_media":47,"comment_status":"open","ping_status":"open","sticky":false,"template":"","format":"standard","meta":{"_coblocks_attr":"","_coblocks_dimensions":"","_coblocks_responsive_height":"","_coblocks_accordion_ie_support":"","_ai_summary":"","_external_image_url":"","footnotes":""},"categories":[113],"tags":[],"class_list":["post-115","post","type-post","status-publish","format-standard","has-post-thumbnail","hentry","category-ozel-dosyalar"],"yoast_head":"<!-- This site is optimized with the Yoast SEO plugin v27.5 - https:\/\/yoast.com\/product\/yoast-seo-wordpress\/ -->\n<title>Derbide Nefes Kesen M\u00fccadele: Son Dakika Gol\u00fcyle Gelen Galibiyet! - Tralleskop<\/title>\n<meta name=\"robots\" content=\"index, follow, max-snippet:-1, max-image-preview:large, max-video-preview:-1\" \/>\n<link rel=\"canonical\" href=\"https:\/\/tralleskop.com\/index.php\/2026\/04\/19\/derbide-nefes-kesen-mucadele-son-dakika-goluyle-gelen-galibiyet\/\" \/>\n<meta property=\"og:locale\" content=\"tr_TR\" \/>\n<meta property=\"og:type\" content=\"article\" \/>\n<meta property=\"og:title\" content=\"Derbide Nefes Kesen M\u00fccadele: Son Dakika Gol\u00fcyle Gelen Galibiyet! - Tralleskop\" \/>\n<meta property=\"og:description\" content=\"S\u00fcper Lig&#8217;in dev derbisinde heyecan f\u0131rt\u0131nas\u0131 esti. \u0130ki ezeli rakibin kar\u015f\u0131 kar\u015f\u0131ya geldi\u011fi m\u00fccadelede 90 dakika boyunca gol sesi \u00e7\u0131kmad\u0131. Ancak uzatma dakikalar\u0131nda gelen harika bir serbest vuru\u015f gol\u00fc, stadyumu aya\u011fa kald\u0131rd\u0131. Teknik direkt\u00f6rlerin ma\u00e7 sonu a\u00e7\u0131klamalar\u0131 ve tart\u0131\u015fmal\u0131 pozisyonlar\u0131n analizi spor kamuoyunun g\u00fcndemine oturdu.\" \/>\n<meta property=\"og:url\" content=\"https:\/\/tralleskop.com\/index.php\/2026\/04\/19\/derbide-nefes-kesen-mucadele-son-dakika-goluyle-gelen-galibiyet\/\" \/>\n<meta property=\"og:site_name\" content=\"Tralleskop\" \/>\n<meta property=\"article:published_time\" content=\"2026-04-19T10:16:03+00:00\" \/>\n<meta property=\"article:modified_time\" content=\"2026-04-22T19:55:05+00:00\" \/>\n<meta property=\"og:image\" content=\"https:\/\/tralleskop.com\/wp-content\/uploads\/2026\/03\/iran-meclis-baskani-kalibaf-abd-kamuoyunda-19697010_4314_amp.jpg\" \/>\n\t<meta property=\"og:image:width\" content=\"1200\" \/>\n\t<meta property=\"og:image:height\" content=\"800\" \/>\n\t<meta property=\"og:image:type\" content=\"image\/jpeg\" \/>\n<meta name=\"author\" content=\"furkankural\" \/>\n<meta name=\"twitter:card\" content=\"summary_large_image\" \/>\n<meta name=\"twitter:label1\" content=\"Yazan:\" \/>\n\t<meta name=\"twitter:data1\" content=\"furkankural\" \/>\n<script type=\"application\/ld+json\" class=\"yoast-schema-graph\">{\"@context\":\"https:\\\/\\\/schema.org\",\"@graph\":[{\"@type\":\"Article\",\"@id\":\"https:\\\/\\\/tralleskop.com\\\/index.php\\\/2026\\\/04\\\/19\\\/derbide-nefes-kesen-mucadele-son-dakika-goluyle-gelen-galibiyet\\\/#article\",\"isPartOf\":{\"@id\":\"https:\\\/\\\/tralleskop.com\\\/index.php\\\/2026\\\/04\\\/19\\\/derbide-nefes-kesen-mucadele-son-dakika-goluyle-gelen-galibiyet\\\/\"},\"author\":{\"name\":\"furkankural\",\"@id\":\"https:\\\/\\\/tralleskop.com\\\/#\\\/schema\\\/person\\\/fc12bc0105f8c38d47c414977faf5aa1\"},\"headline\":\"Derbide Nefes Kesen M\u00fccadele: Son Dakika Gol\u00fcyle Gelen Galibiyet!\",\"datePublished\":\"2026-04-19T10:16:03+00:00\",\"dateModified\":\"2026-04-22T19:55:05+00:00\",\"mainEntityOfPage\":{\"@id\":\"https:\\\/\\\/tralleskop.com\\\/index.php\\\/2026\\\/04\\\/19\\\/derbide-nefes-kesen-mucadele-son-dakika-goluyle-gelen-galibiyet\\\/\"},\"wordCount\":70,\"commentCount\":0,\"publisher\":{\"@id\":\"https:\\\/\\\/tralleskop.com\\\/#organization\"},\"image\":{\"@id\":\"https:\\\/\\\/tralleskop.com\\\/index.php\\\/2026\\\/04\\\/19\\\/derbide-nefes-kesen-mucadele-son-dakika-goluyle-gelen-galibiyet\\\/#primaryimage\"},\"thumbnailUrl\":\"https:\\\/\\\/tralleskop.com\\\/wp-content\\\/uploads\\\/2026\\\/03\\\/iran-meclis-baskani-kalibaf-abd-kamuoyunda-19697010_4314_amp.jpg\",\"articleSection\":[\"Ozel Dosyalar\"],\"inLanguage\":\"tr\",\"potentialAction\":[{\"@type\":\"CommentAction\",\"name\":\"Comment\",\"target\":[\"https:\\\/\\\/tralleskop.com\\\/index.php\\\/2026\\\/04\\\/19\\\/derbide-nefes-kesen-mucadele-son-dakika-goluyle-gelen-galibiyet\\\/#respond\"]}]},{\"@type\":\"WebPage\",\"@id\":\"https:\\\/\\\/tralleskop.com\\\/index.php\\\/2026\\\/04\\\/19\\\/derbide-nefes-kesen-mucadele-son-dakika-goluyle-gelen-galibiyet\\\/\",\"url\":\"https:\\\/\\\/tralleskop.com\\\/index.php\\\/2026\\\/04\\\/19\\\/derbide-nefes-kesen-mucadele-son-dakika-goluyle-gelen-galibiyet\\\/\",\"name\":\"Derbide Nefes Kesen M\u00fccadele: Son Dakika Gol\u00fcyle Gelen Galibiyet! - Tralleskop\",\"isPartOf\":{\"@id\":\"https:\\\/\\\/tralleskop.com\\\/#website\"},\"primaryImageOfPage\":{\"@id\":\"https:\\\/\\\/tralleskop.com\\\/index.php\\\/2026\\\/04\\\/19\\\/derbide-nefes-kesen-mucadele-son-dakika-goluyle-gelen-galibiyet\\\/#primaryimage\"},\"image\":{\"@id\":\"https:\\\/\\\/tralleskop.com\\\/index.php\\\/2026\\\/04\\\/19\\\/derbide-nefes-kesen-mucadele-son-dakika-goluyle-gelen-galibiyet\\\/#primaryimage\"},\"thumbnailUrl\":\"https:\\\/\\\/tralleskop.com\\\/wp-content\\\/uploads\\\/2026\\\/03\\\/iran-meclis-baskani-kalibaf-abd-kamuoyunda-19697010_4314_amp.jpg\",\"datePublished\":\"2026-04-19T10:16:03+00:00\",\"dateModified\":\"2026-04-22T19:55:05+00:00\",\"breadcrumb\":{\"@id\":\"https:\\\/\\\/tralleskop.com\\\/index.php\\\/2026\\\/04\\\/19\\\/derbide-nefes-kesen-mucadele-son-dakika-goluyle-gelen-galibiyet\\\/#breadcrumb\"},\"inLanguage\":\"tr\",\"potentialAction\":[{\"@type\":\"ReadAction\",\"target\":[\"https:\\\/\\\/tralleskop.com\\\/index.php\\\/2026\\\/04\\\/19\\\/derbide-nefes-kesen-mucadele-son-dakika-goluyle-gelen-galibiyet\\\/\"]}]},{\"@type\":\"ImageObject\",\"inLanguage\":\"tr\",\"@id\":\"https:\\\/\\\/tralleskop.com\\\/index.php\\\/2026\\\/04\\\/19\\\/derbide-nefes-kesen-mucadele-son-dakika-goluyle-gelen-galibiyet\\\/#primaryimage\",\"url\":\"https:\\\/\\\/tralleskop.com\\\/wp-content\\\/uploads\\\/2026\\\/03\\\/iran-meclis-baskani-kalibaf-abd-kamuoyunda-19697010_4314_amp.jpg\",\"contentUrl\":\"https:\\\/\\\/tralleskop.com\\\/wp-content\\\/uploads\\\/2026\\\/03\\\/iran-meclis-baskani-kalibaf-abd-kamuoyunda-19697010_4314_amp.jpg\",\"width\":1200,\"height\":800},{\"@type\":\"BreadcrumbList\",\"@id\":\"https:\\\/\\\/tralleskop.com\\\/index.php\\\/2026\\\/04\\\/19\\\/derbide-nefes-kesen-mucadele-son-dakika-goluyle-gelen-galibiyet\\\/#breadcrumb\",\"itemListElement\":[{\"@type\":\"ListItem\",\"position\":1,\"name\":\"Anasayfa\",\"item\":\"https:\\\/\\\/tralleskop.com\\\/\"},{\"@type\":\"ListItem\",\"position\":2,\"name\":\"Derbide Nefes Kesen M\u00fccadele: Son Dakika Gol\u00fcyle Gelen Galibiyet!\"}]},{\"@type\":\"WebSite\",\"@id\":\"https:\\\/\\\/tralleskop.com\\\/#website\",\"url\":\"https:\\\/\\\/tralleskop.com\\\/\",\"name\":\"Tralleskop\",\"description\":\"\",\"publisher\":{\"@id\":\"https:\\\/\\\/tralleskop.com\\\/#organization\"},\"potentialAction\":[{\"@type\":\"SearchAction\",\"target\":{\"@type\":\"EntryPoint\",\"urlTemplate\":\"https:\\\/\\\/tralleskop.com\\\/?s={search_term_string}\"},\"query-input\":{\"@type\":\"PropertyValueSpecification\",\"valueRequired\":true,\"valueName\":\"search_term_string\"}}],\"inLanguage\":\"tr\"},{\"@type\":\"Organization\",\"@id\":\"https:\\\/\\\/tralleskop.com\\\/#organization\",\"name\":\"Tralleskop\",\"url\":\"https:\\\/\\\/tralleskop.com\\\/\",\"logo\":{\"@type\":\"ImageObject\",\"inLanguage\":\"tr\",\"@id\":\"https:\\\/\\\/tralleskop.com\\\/#\\\/schema\\\/logo\\\/image\\\/\",\"url\":\"https:\\\/\\\/tralleskop.com\\\/wp-content\\\/uploads\\\/2026\\\/03\\\/logo-1.png\",\"contentUrl\":\"https:\\\/\\\/tralleskop.com\\\/wp-content\\\/uploads\\\/2026\\\/03\\\/logo-1.png\",\"width\":2048,\"height\":2048,\"caption\":\"Tralleskop\"},\"image\":{\"@id\":\"https:\\\/\\\/tralleskop.com\\\/#\\\/schema\\\/logo\\\/image\\\/\"},\"sameAs\":[\"https:\\\/\\\/instagram.com\\\/tralleskop\"]},{\"@type\":\"Person\",\"@id\":\"https:\\\/\\\/tralleskop.com\\\/#\\\/schema\\\/person\\\/fc12bc0105f8c38d47c414977faf5aa1\",\"name\":\"furkankural\",\"image\":{\"@type\":\"ImageObject\",\"inLanguage\":\"tr\",\"@id\":\"https:\\\/\\\/secure.gravatar.com\\\/avatar\\\/b254b150a2c3c00063e72eb3ded536d7e5bd4008adc46ecd1ef3c8f0c02f310e?s=96&d=mm&r=g\",\"url\":\"https:\\\/\\\/secure.gravatar.com\\\/avatar\\\/b254b150a2c3c00063e72eb3ded536d7e5bd4008adc46ecd1ef3c8f0c02f310e?s=96&d=mm&r=g\",\"contentUrl\":\"https:\\\/\\\/secure.gravatar.com\\\/avatar\\\/b254b150a2c3c00063e72eb3ded536d7e5bd4008adc46ecd1ef3c8f0c02f310e?s=96&d=mm&r=g\",\"caption\":\"furkankural\"},\"sameAs\":[\"https:\\\/\\\/tralleskop.com\"],\"url\":\"https:\\\/\\\/tralleskop.com\\\/index.php\\\/author\\\/furkankural\\\/\"}]}<\/script>\n<!-- \/ Yoast SEO plugin. -->","yoast_head_json":{"title":"Derbide Nefes Kesen M\u00fccadele: Son Dakika Gol\u00fcyle Gelen Galibiyet! - Tralleskop","robots":{"index":"index","follow":"follow","max-snippet":"max-snippet:-1","max-image-preview":"max-image-preview:large","max-video-preview":"max-video-preview:-1"},"canonical":"https:\/\/tralleskop.com\/index.php\/2026\/04\/19\/derbide-nefes-kesen-mucadele-son-dakika-goluyle-gelen-galibiyet\/","og_locale":"tr_TR","og_type":"article","og_title":"Derbide Nefes Kesen M\u00fccadele: Son Dakika Gol\u00fcyle Gelen Galibiyet! - Tralleskop","og_description":"S\u00fcper Lig&#8217;in dev derbisinde heyecan f\u0131rt\u0131nas\u0131 esti. \u0130ki ezeli rakibin kar\u015f\u0131 kar\u015f\u0131ya geldi\u011fi m\u00fccadelede 90 dakika boyunca gol sesi \u00e7\u0131kmad\u0131. Ancak uzatma dakikalar\u0131nda gelen harika bir serbest vuru\u015f gol\u00fc, stadyumu aya\u011fa kald\u0131rd\u0131. Teknik direkt\u00f6rlerin ma\u00e7 sonu a\u00e7\u0131klamalar\u0131 ve tart\u0131\u015fmal\u0131 pozisyonlar\u0131n analizi spor kamuoyunun g\u00fcndemine oturdu.","og_url":"https:\/\/tralleskop.com\/index.php\/2026\/04\/19\/derbide-nefes-kesen-mucadele-son-dakika-goluyle-gelen-galibiyet\/","og_site_name":"Tralleskop","article_published_time":"2026-04-19T10:16:03+00:00","article_modified_time":"2026-04-22T19:55:05+00:00","og_image":[{"width":1200,"height":800,"url":"https:\/\/tralleskop.com\/wp-content\/uploads\/2026\/03\/iran-meclis-baskani-kalibaf-abd-kamuoyunda-19697010_4314_amp.jpg","type":"image\/jpeg"}],"author":"furkankural","twitter_card":"summary_large_image","twitter_misc":{"Yazan:":"furkankural"},"schema":{"@context":"https:\/\/schema.org","@graph":[{"@type":"Article","@id":"https:\/\/tralleskop.com\/index.php\/2026\/04\/19\/derbide-nefes-kesen-mucadele-son-dakika-goluyle-gelen-galibiyet\/#article","isPartOf":{"@id":"https:\/\/tralleskop.com\/index.php\/2026\/04\/19\/derbide-nefes-kesen-mucadele-son-dakika-goluyle-gelen-galibiyet\/"},"author":{"name":"furkankural","@id":"https:\/\/tralleskop.com\/#\/schema\/person\/fc12bc0105f8c38d47c414977faf5aa1"},"headline":"Derbide Nefes Kesen M\u00fccadele: Son Dakika Gol\u00fcyle Gelen Galibiyet!","datePublished":"2026-04-19T10:16:03+00:00","dateModified":"2026-04-22T19:55:05+00:00","mainEntityOfPage":{"@id":"https:\/\/tralleskop.com\/index.php\/2026\/04\/19\/derbide-nefes-kesen-mucadele-son-dakika-goluyle-gelen-galibiyet\/"},"wordCount":70,"commentCount":0,"publisher":{"@id":"https:\/\/tralleskop.com\/#organization"},"image":{"@id":"https:\/\/tralleskop.com\/index.php\/2026\/04\/19\/derbide-nefes-kesen-mucadele-son-dakika-goluyle-gelen-galibiyet\/#primaryimage"},"thumbnailUrl":"https:\/\/tralleskop.com\/wp-content\/uploads\/2026\/03\/iran-meclis-baskani-kalibaf-abd-kamuoyunda-19697010_4314_amp.jpg","articleSection":["Ozel Dosyalar"],"inLanguage":"tr","potentialAction":[{"@type":"CommentAction","name":"Comment","target":["https:\/\/tralleskop.com\/index.php\/2026\/04\/19\/derbide-nefes-kesen-mucadele-son-dakika-goluyle-gelen-galibiyet\/#respond"]}]},{"@type":"WebPage","@id":"https:\/\/tralleskop.com\/index.php\/2026\/04\/19\/derbide-nefes-kesen-mucadele-son-dakika-goluyle-gelen-galibiyet\/","url":"https:\/\/tralleskop.com\/index.php\/2026\/04\/19\/derbide-nefes-kesen-mucadele-son-dakika-goluyle-gelen-galibiyet\/","name":"Derbide Nefes Kesen M\u00fccadele: Son Dakika Gol\u00fcyle Gelen Galibiyet! - Tralleskop","isPartOf":{"@id":"https:\/\/tralleskop.com\/#website"},"primaryImageOfPage":{"@id":"https:\/\/tralleskop.com\/index.php\/2026\/04\/19\/derbide-nefes-kesen-mucadele-son-dakika-goluyle-gelen-galibiyet\/#primaryimage"},"image":{"@id":"https:\/\/tralleskop.com\/index.php\/2026\/04\/19\/derbide-nefes-kesen-mucadele-son-dakika-goluyle-gelen-galibiyet\/#primaryimage"},"thumbnailUrl":"https:\/\/tralleskop.com\/wp-content\/uploads\/2026\/03\/iran-meclis-baskani-kalibaf-abd-kamuoyunda-19697010_4314_amp.jpg","datePublished":"2026-04-19T10:16:03+00:00","dateModified":"2026-04-22T19:55:05+00:00","breadcrumb":{"@id":"https:\/\/tralleskop.com\/index.php\/2026\/04\/19\/derbide-nefes-kesen-mucadele-son-dakika-goluyle-gelen-galibiyet\/#breadcrumb"},"inLanguage":"tr","potentialAction":[{"@type":"ReadAction","target":["https:\/\/tralleskop.com\/index.php\/2026\/04\/19\/derbide-nefes-kesen-mucadele-son-dakika-goluyle-gelen-galibiyet\/"]}]},{"@type":"ImageObject","inLanguage":"tr","@id":"https:\/\/tralleskop.com\/index.php\/2026\/04\/19\/derbide-nefes-kesen-mucadele-son-dakika-goluyle-gelen-galibiyet\/#primaryimage","url":"https:\/\/tralleskop.com\/wp-content\/uploads\/2026\/03\/iran-meclis-baskani-kalibaf-abd-kamuoyunda-19697010_4314_amp.jpg","contentUrl":"https:\/\/tralleskop.com\/wp-content\/uploads\/2026\/03\/iran-meclis-baskani-kalibaf-abd-kamuoyunda-19697010_4314_amp.jpg","width":1200,"height":800},{"@type":"BreadcrumbList","@id":"https:\/\/tralleskop.com\/index.php\/2026\/04\/19\/derbide-nefes-kesen-mucadele-son-dakika-goluyle-gelen-galibiyet\/#breadcrumb","itemListElement":[{"@type":"ListItem","position":1,"name":"Anasayfa","item":"https:\/\/tralleskop.com\/"},{"@type":"ListItem","position":2,"name":"Derbide Nefes Kesen M\u00fccadele: Son Dakika Gol\u00fcyle Gelen Galibiyet!"}]},{"@type":"WebSite","@id":"https:\/\/tralleskop.com\/#website","url":"https:\/\/tralleskop.com\/","name":"Tralleskop","description":"","publisher":{"@id":"https:\/\/tralleskop.com\/#organization"},"potentialAction":[{"@type":"SearchAction","target":{"@type":"EntryPoint","urlTemplate":"https:\/\/tralleskop.com\/?s={search_term_string}"},"query-input":{"@type":"PropertyValueSpecification","valueRequired":true,"valueName":"search_term_string"}}],"inLanguage":"tr"},{"@type":"Organization","@id":"https:\/\/tralleskop.com\/#organization","name":"Tralleskop","url":"https:\/\/tralleskop.com\/","logo":{"@type":"ImageObject","inLanguage":"tr","@id":"https:\/\/tralleskop.com\/#\/schema\/logo\/image\/","url":"https:\/\/tralleskop.com\/wp-content\/uploads\/2026\/03\/logo-1.png","contentUrl":"https:\/\/tralleskop.com\/wp-content\/uploads\/2026\/03\/logo-1.png","width":2048,"height":2048,"caption":"Tralleskop"},"image":{"@id":"https:\/\/tralleskop.com\/#\/schema\/logo\/image\/"},"sameAs":["https:\/\/instagram.com\/tralleskop"]},{"@type":"Person","@id":"https:\/\/tralleskop.com\/#\/schema\/person\/fc12bc0105f8c38d47c414977faf5aa1","name":"furkankural","image":{"@type":"ImageObject","inLanguage":"tr","@id":"https:\/\/secure.gravatar.com\/avatar\/b254b150a2c3c00063e72eb3ded536d7e5bd4008adc46ecd1ef3c8f0c02f310e?s=96&d=mm&r=g","url":"https:\/\/secure.gravatar.com\/avatar\/b254b150a2c3c00063e72eb3ded536d7e5bd4008adc46ecd1ef3c8f0c02f310e?s=96&d=mm&r=g","contentUrl":"https:\/\/secure.gravatar.com\/avatar\/b254b150a2c3c00063e72eb3ded536d7e5bd4008adc46ecd1ef3c8f0c02f310e?s=96&d=mm&r=g","caption":"furkankural"},"sameAs":["https:\/\/tralleskop.com"],"url":"https:\/\/tralleskop.com\/index.php\/author\/furkankural\/"}]}},"jetpack_featured_media_url":"https:\/\/tralleskop.com\/wp-content\/uploads\/2026\/03\/iran-meclis-baskani-kalibaf-abd-kamuoyunda-19697010_4314_amp.jpg","_links":{"self":[{"href":"https:\/\/tralleskop.com\/index.php\/wp-json\/wp\/v2\/posts\/115","targetHints":{"allow":["GET"]}}],"collection":[{"href":"https:\/\/tralleskop.com\/index.php\/wp-json\/wp\/v2\/posts"}],"about":[{"href":"https:\/\/tralleskop.com\/index.php\/wp-json\/wp\/v2\/types\/post"}],"author":[{"embeddable":true,"href":"https:\/\/tralleskop.com\/index.php\/wp-json\/wp\/v2\/users\/1"}],"replies":[{"embeddable":true,"href":"https:\/\/tralleskop.com\/index.php\/wp-json\/wp\/v2\/comments?post=115"}],"version-history":[{"count":1,"href":"https:\/\/tralleskop.com\/index.php\/wp-json\/wp\/v2\/posts\/115\/revisions"}],"predecessor-version":[{"id":413,"href":"https:\/\/tralleskop.com\/index.php\/wp-json\/wp\/v2\/posts\/115\/revisions\/413"}],"wp:featuredmedia":[{"embeddable":true,"href":"https:\/\/tralleskop.com\/index.php\/wp-json\/wp\/v2\/media\/47"}],"wp:attachment":[{"href":"https:\/\/tralleskop.com\/index.php\/wp-json\/wp\/v2\/media?parent=115"}],"wp:term":[{"taxonomy":"category","embeddable":true,"href":"https:\/\/tralleskop.com\/index.php\/wp-json\/wp\/v2\/categories?post=115"},{"taxonomy":"post_tag","embeddable":true,"href":"https:\/\/tralleskop.com\/index.php\/wp-json\/wp\/v2\/tags?post=115"}],"curies":[{"name":"wp","href":"https:\/\/api.w.org\/{rel}","templated":true}]}}